{"id":411,"date":"2025-07-19T18:56:50","date_gmt":"2025-07-19T15:56:50","guid":{"rendered":"https:\/\/rentacarigoumenitsa.gr\/?p=411"},"modified":"2025-07-19T18:56:57","modified_gmt":"2025-07-19T15:56:57","slug":"aftokinito-i-michani-ti-symferei-perissotero-stis-diakopes","status":"publish","type":"post","link":"https:\/\/rentacarigoumenitsa.gr\/tr\/aftokinito-i-michani-ti-symferei-perissotero-stis-diakopes\/","title":{"rendered":"Araba m\u0131 motosiklet mi? Tatilde hangisi daha avantajl\u0131"},"content":{"rendered":"<p>Yunanistan'da veya yurtd\u0131\u015f\u0131nda tatilinizi organize etme zaman\u0131 geldi\u011finde, en \u00f6nemli kararlardan biri nas\u0131l dola\u015faca\u011f\u0131n\u0131zd\u0131r. Bir araban\u0131n konforunu ve g\u00fcvenli\u011fini mi se\u00e7eceksiniz yoksa bir motosikletin \u00f6zg\u00fcrl\u00fc\u011f\u00fcn\u00fc ve havas\u0131n\u0131 m\u0131 tercih edeceksiniz? Bir tatil i\u00e7in araba ve motosiklet aras\u0131nda se\u00e7im yapmak her zaman kolay de\u011fildir ve bir\u00e7ok fakt\u00f6re ba\u011fl\u0131d\u0131r: gidilecek yer, seyahat t\u00fcr\u00fc, b\u00fct\u00e7e ve ya\u015fam tarz\u0131n\u0131z. Bu yaz hangi ula\u015f\u0131m arac\u0131n\u0131n sizin i\u00e7in en iyisi oldu\u011funa karar verebilmeniz i\u00e7in her bir se\u00e7ene\u011fin art\u0131 ve eksilerine daha yak\u0131ndan bakal\u0131m.<\/p>\n\n\n\n<h3 class=\"wp-block-heading\"><strong>\u00d6zg\u00fcrl\u00fck m\u00fc yoksa konfor mu? \u0130lk b\u00fcy\u00fck fark<\/strong><\/h3>\n\n\n\n<p>\u0130lk ve en temel fark \u015fudur <strong>deneyimin do\u011fas\u0131<\/strong>. Makine en \u00fcst d\u00fczeyde \u00f6zg\u00fcrl\u00fck hissi sunar. Manzaraya daha yak\u0131ns\u0131n\u0131z, havay\u0131, \u0131\u015f\u0131\u011f\u0131, kokular\u0131 hissediyorsunuz ve her yolculuk bir deneyime d\u00f6n\u00fc\u015f\u00fcyor. \u00d6te yandan, araba \u015funlar\u0131 sunar <strong>konfor, g\u00fcvenli\u0307k ve denge<\/strong>. Ailenizle, arkada\u015flar\u0131n\u0131zla seyahat ediyorsan\u0131z veya \u00e7ok fazla bagaj\u0131n\u0131z varsa idealdir.<\/p>\n\n\n\n<p>Yani adalara veya da\u011fl\u0131k b\u00f6lgelere bir yolculuk planl\u0131yorsan\u0131z ve g\u00fcne\u015fe veya kaska ald\u0131rm\u0131yorsan\u0131z, bisiklet m\u00fckemmeldir. Ancak konfor, klima ve alan istiyorsan\u0131z, araba sizin m\u00fcttefikinizdir.<\/p>\n\n\n\n<h3 class=\"wp-block-heading\"><strong>Ekonomik mesele: Hangisi daha ucuz?<\/strong><\/h3>\n\n\n\n<p>General, <strong>makine kiralamak daha ekonomiktir<\/strong> bir \u015fey yok. <a href=\"https:\/\/rentacarigoumenitsa.gr\/tr\/dukkan\/\">ara\u00e7 kiralama<\/a>Hem g\u00fcnl\u00fck de\u011fer hem de yak\u0131t t\u00fcketimi a\u00e7\u0131s\u0131ndan. Buna ek olarak, makineler ge\u00e7i\u015f \u00fccreti \u00f6demez (baz\u0131 durumlarda), bak\u0131m\u0131 daha ucuzdur ve sigortas\u0131 daha ucuzdur.<\/p>\n\n\n\n<p>Bununla birlikte, \u015funlar\u0131 da dikkate almal\u0131s\u0131n\u0131z <strong>ekstra \u00fccretler<\/strong>. \u00d6rne\u011fin, bir kask, ikinci bir kask veya su ge\u00e7irmez ekipman ekstra \u00fccretlendirilebilir. \u00d6te yandan, arabalar daha fazla t\u00fcketir, ancak tam hava korumas\u0131 sunar ve genellikle ekstra aksesuarlara ihtiya\u00e7 duymaz.<\/p>\n\n\n\n<h3 class=\"wp-block-heading\"><strong>Yolculu\u011fun tad\u0131n\u0131 en iyi hangi \u015fekilde \u00e7\u0131karacaks\u0131n\u0131z?<\/strong><\/h3>\n\n\n\n<p>Yolculuk deneyimi ki\u015fili\u011finize ba\u011fl\u0131d\u0131r. E\u011fer siz <strong><a href=\"https:\/\/www.travel.gr\/experiences\/5-yperoches-ekdromes-stin-ellada-me-ayto\/\" target=\"_blank\" rel=\"noopener\" title=\"\">macera a\u015f\u0131\u011f\u0131<\/a><\/strong>S\u0131caktan veya ya\u011fmurdan korkmuyorsan\u0131z ve her kilometreyi hissetmek istiyorsan\u0131z, bisiklet size unutulmaz bir deneyim ya\u015fatacakt\u0131r. Sizi do\u011faya, yollara ve insanlara yakla\u015ft\u0131ran bir ara\u00e7t\u0131r.<\/p>\n\n\n\n<p>Ama e\u011fer tercih ederseniz <strong>maruz kalmadan rahat\u00e7a seyahat edin<\/strong>m\u00fczik dinlemek ve arka koltukta misafir a\u011f\u0131rlamak veya at\u0131\u015ft\u0131rmal\u0131klar ve bagaj i\u00e7in yer varsa, o zaman araba en iyi se\u00e7imdir.<\/p>\n\n\n\n<h3 class=\"wp-block-heading\"><strong>Var\u0131\u015f yerinin hava durumu ve ko\u015fullar\u0131<\/strong><\/h3>\n\n\n\n<p>Di\u011fer bir kriter ise <strong>hava ko\u015fullar\u0131<\/strong> ve var\u0131\u015f yerinin topografyas\u0131. Adalarda veya ovalarda bu makine idealdir. Kolayca park edebilir, h\u0131zl\u0131 hareket edebilir ve k\u0131y\u0131 rotas\u0131n\u0131n keyfini \u00e7\u0131karabilirsiniz.<\/p>\n\n\n\n<p>Ama e\u011fer gidersen <strong>da\u011fl\u0131k alanlar<\/strong>\u00c7ok say\u0131da viraj veya \u00f6ng\u00f6r\u00fclemeyen hava ko\u015fullar\u0131nda (\u00f6rne\u011fin Kuzey Yunanistan veya Orta Avrupa), \u00f6zellikle ekipman ta\u015f\u0131yorsan\u0131z veya \u00e7ocuklarla seyahat ediyorsan\u0131z, ara\u00e7 g\u00fcvenlik ve denge sunar.<\/p>\n\n\n\n<h3 class=\"wp-block-heading\"><strong>Park yeri ne kadar \u00f6nemli?<\/strong><\/h3>\n\n\n\n<p>Ger\u00e7ek\u00e7i olal\u0131m: Santorini, Parga veya Atina'n\u0131n merkezi gibi pop\u00fcler turistik yerlerde, <strong>park etmek kabus olabilir<\/strong>. Motorun burada b\u00fcy\u00fck bir avantaj\u0131 var. Dar sokaklarda veya plajlar\u0131n yak\u0131n\u0131nda bile kolayca park edebilirsiniz.<\/p>\n\n\n\n<p>Araba daha fazla alana ve genellikle \u00fccretli park yerine ihtiya\u00e7 duyar. Bu nedenle, s\u0131n\u0131rl\u0131 alana sahip b\u00f6lgelerde dola\u015fmay\u0131 planl\u0131yorsan\u0131z, pratik d\u00fc\u015f\u00fcn\u00fcn.<\/p>\n\n\n\n<p><strong>Ne kadar \"y\u00fckl\u00fc\" olacaks\u0131n?<\/strong><\/p>\n\n\n\n<p>Bir di\u011fer belirleyici unsur ise <strong>BAGAJ<\/strong>. \u00c7ok fazla bagaj, al\u0131\u015fveri\u015f veya ekipman (\u00f6rne\u011fin bebek koltuklar\u0131, dal\u0131\u015f veya kamp ekipmanlar\u0131) ta\u015f\u0131may\u0131 planl\u0131yorsan\u0131z, ara\u00e7 size \u015funlar\u0131 sunar <strong>\u00e7oklu olas\u0131l\u0131klar<\/strong>.<\/p>\n\n\n\n<p>Bisikletin belirli s\u0131n\u0131rlar\u0131 vard\u0131r, ancak bir \u00fcst kasa ve selelerle temel malzemeleri ta\u015f\u0131yabilirsiniz. Ancak iki ki\u015fiyseniz, alan \u00f6nemli \u00f6l\u00e7\u00fcde s\u0131n\u0131rl\u0131d\u0131r.<\/p>\n\n\n\n<h3 class=\"wp-block-heading\"><strong>\u015eirket mi yoksa yaln\u0131z yolculuk mu?<\/strong><\/h3>\n\n\n\n<p>\u0397 <strong>yolculu\u011fun do\u011fasi<\/strong> sizin i\u00e7in de \u00f6nemli. Tek ba\u015f\u0131n\u0131za veya bir arkada\u015f\u0131n\u0131zla\/orta\u011f\u0131n\u0131zla seyahat ediyorsan\u0131z ve motosiklet deneyimlerini seviyorsan\u0131z, sorun yok. Ancak birden fazla ki\u015fi veya aile iseniz, araba tek y\u00f6nl\u00fc bir yoldur.<\/p>\n\n\n\n<p>Ayr\u0131ca, arabada konu\u015fabilir, m\u00fczik dinleyebilir veya arka koltukta rahat\u00e7a uyuyan bir \u00e7ocu\u011fa sahip olabilirsiniz. Motosiklet, kendine \u00f6zg\u00fc bir cazibesi olmas\u0131na ra\u011fmen bu kolayl\u0131klar\u0131 sunmaz.<\/p>\n\n\n\n<h3 class=\"wp-block-heading\"><strong>G\u00fcvenlik: Motosiklet mi, araba m\u0131?<\/strong><\/h3>\n\n\n\n<p>Konu hakk\u0131nda <strong>koruma<\/strong>araba \u00fcst\u00fcnd\u00fcr. Emniyet kemerlerine, hava yast\u0131klar\u0131na, dengeye sahiptir ve hava ve yol ko\u015fullar\u0131ndan korunur. Motosiklet kullanma konusunda \u00e7ok az deneyiminiz varsa, \u00f6zellikle bilmedi\u011finiz alanlarda veya ya\u011fmur ya\u011f\u0131yorsa dikkatli olman\u0131z tavsiye edilir.<\/p>\n\n\n\n<p>Makinenin ihtiyac\u0131 <strong>deneyim, kask, koruyucu ekipman ve konsantrasyon<\/strong>. Do\u011fru kullan\u0131ld\u0131\u011f\u0131nda g\u00fcvenlidir, ancak maruz kalma oran\u0131 daha y\u00fcksektir.<\/p>\n\n\n\n<h3 class=\"wp-block-heading\"><strong>Foto\u011fraf\u00e7\u0131l\u0131k, sosyal medya ve g\u00f6rsel e\u011flence konular\u0131nda deneyim<\/strong><\/h3>\n\n\n\n<p>G\u00f6r\u00fcnt\u00fcn\u00fcn tatillerimizi nas\u0131l deneyimledi\u011fimiz - ve payla\u015ft\u0131\u011f\u0131m\u0131z - konusunda \u00f6nemli bir rol oynad\u0131\u011f\u0131 bir \u00e7a\u011fda, ula\u015f\u0131m arac\u0131 da deneyimi g\u00f6rsel olarak etkiliyor. Foto\u011fraf makinesi manzara ile do\u011frudan temasa izin verir. S\u00fcr\u00fcc\u00fc filtresiz g\u00f6r\u00fcr, hisseder ve foto\u011fraf\u0131n\u0131 \u00e7eker. Rotadaki g\u00fcn bat\u0131m\u0131, zeytinliklerin aras\u0131ndan ge\u00e7en yol ya da deniz kenar\u0131ndan ge\u00e7i\u015f, bir hikaye ya da filmde kolayca payla\u015f\u0131labilecek deneyimler haline gelir.<\/p>\n\n\n\n<p>Foto\u011fraf\u00e7\u0131l\u0131\u011f\u0131 ve seyahat i\u00e7eriklerini seviyorsan\u0131z, foto\u011fraf makinesi size istedi\u011finiz yerde durmak, manzara \u00e7ekmek veya hareket halindeyken \u00e7ekim yapmak i\u00e7in daha fazla esneklik sa\u011flar. \u00d6te yandan, araba konfor sunar, ancak d\u0131\u015f d\u00fcnyayla olan yak\u0131nl\u0131\u011f\u0131 s\u0131n\u0131rlar. E\u011fer \"hissetmek \"ten \u00e7ok \"g\u00f6rmek\" i\u00e7in seyahat ediyorsan\u0131z, o zaman bu ara\u00e7 size yard\u0131mc\u0131 olabilir. Ancak do\u011fayla etkile\u015fime girmek ve anlar\u0131 ger\u00e7ek\u00e7i bir \u015fekilde yakalamakla ilgileniyorsan\u0131z, foto\u011fraf makinesi a\u00e7\u0131k\u00e7a daha \"fotojenik\" bir se\u00e7imdir.<\/p>\n\n\n\n<h3 class=\"wp-block-heading\"><strong>Ne kadar uza\u011fa gitmek istiyorsunuz? \u00c7ok g\u00fcnl\u00fck gezi imkan\u0131<\/strong><\/h3>\n\n\n\n<p>Tatil planlamas\u0131 genellikle uzun yolculuklar\u0131, b\u00f6lgeden b\u00f6lgeye ge\u00e7meyi ve hatta ada de\u011fi\u015ftirmeyi i\u00e7erir. Araba \u015funlar\u0131 sunar <strong>daha fazla \u00f6zerklik<\/strong> ve \u00e7ok g\u00fcnl\u00fck seyahatler i\u00e7in e\u015fya ta\u015f\u0131ma kabiliyeti. Birka\u00e7 g\u00fcnde bir konaklama yeri de\u011fi\u015ftirmeyi, uzun mesafeli yerleri ziyaret etmeyi veya alternatif rotalara sahip olmay\u0131 planl\u0131yorsan\u0131z, bir araban\u0131n pratikli\u011fi \u00e7ok de\u011ferlidir.<\/p>\n\n\n\n<p>Bunun yerine, makine \u00f6zellikle yerel olarak k\u0131sa yolculuklar i\u00e7in daha \u00e7ok y\u00f6nl\u00fcd\u00fcr. Otelden plajlara veya ilgi \u00e7ekici yerlere g\u00fcnl\u00fck gidip gelmeler motosikletle daha keyifli hale geliyor. Bununla birlikte, bagaj ve yolcularla s\u00fcrekli seyahat i\u00e7in, otomobil konfor ve pratiklik a\u00e7\u0131s\u0131ndan a\u00e7\u0131k bir avantaja sahiptir. Buradaki soru \u015fudur: \"S\u00fcrekli seyahat mi etmek istiyorsunuz yoksa \u00fcss\u00fcn\u00fcz\u00fcn \u00e7evresinde k\u0131sa gezintilerin tad\u0131n\u0131 m\u0131 \u00e7\u0131karmak istiyorsunuz?\"<\/p>\n\n\n\n<h3 class=\"wp-block-heading\"><strong>&nbsp;Adaya veya var\u0131\u015f noktas\u0131na ba\u011fl\u0131 olarak ideal ara\u00e7lar<\/strong><\/h3>\n\n\n\n<p>Her destinasyonun kendine has \u00f6zellikleri vard\u0131r. Girit, Rodos veya Midilli uzun mesafelere, tepelere ve \u00e7e\u015fitli manzaralara sahiptir - bu da arabay\u0131 neredeyse vazge\u00e7ilmez k\u0131lar. \u00d6te yandan, Ios, Skopelos veya Koufonisia gibi daha k\u00fc\u00e7\u00fck adalar dar yollara, d\u00fc\u015f\u00fck trafi\u011fe ve s\u0131n\u0131rl\u0131 ula\u015f\u0131m ihtiya\u00e7lar\u0131na sahiptir - burada motosiklet krald\u0131r.<\/p>\n\n\n\n<p>Se\u00e7iminiz a\u015fa\u011f\u0131dakilere g\u00f6re uyarlanmal\u0131d\u0131r <strong>var\u0131\u015f noktas\u0131n\u0131n topografyas\u0131<\/strong>. Yo\u011fun turist trafi\u011fi ve park sorunu olan adalarda motosiklet bir nimettir. Aksine, Mora Yar\u0131madas\u0131'n\u0131n i\u00e7 kesimlerinde veya da\u011f k\u00f6ylerinde, bir araban\u0131n g\u00fcvenli\u011fi ve dengesi fark yarat\u0131r. Burada \"do\u011fru\" ya da \"yanl\u0131\u015f\" yoktur - sadece haritaya uyum sa\u011flamak yeterlidir.<\/p>\n\n\n\n<h3 class=\"wp-block-heading\"><strong>&nbsp;Talep, bulunabilirlik ve mevsimsellik - Ne zaman kapat\u0131lmal\u0131<\/strong><\/h3>\n\n\n\n<p>Seyahat etmeyi se\u00e7ti\u011finiz zaman, seyahat etmeyi se\u00e7ti\u011finiz zaman\u0131 b\u00fcy\u00fck \u00f6l\u00e7\u00fcde etkiler. <strong>ara\u00e7lar\u0131n mevcudiyeti<\/strong>. En yo\u011fun aylarda (Temmuz, A\u011fustos), bir\u00e7ok kiralama \u015firketi, \u00f6zellikle ekonomik kategorilerdeki modellerini satmaktad\u0131r. Adalarda, ula\u015f\u0131m kolayl\u0131\u011f\u0131 nedeniyle motosikletler ra\u011fbet g\u00f6r\u00fcrken, yolculuk destinasyonlar\u0131nda ekonomik veya SUV otomobiller b\u00fcy\u00fck ilgi g\u00f6rmektedir.<\/p>\n\n\n\n<p>Erken rezervasyon yapmak ve kiralama ko\u015fullar\u0131n\u0131 dikkatlice okumak \u00f6nemlidir. Baz\u0131 \u015firketler daha uzun kiralama s\u00fcreleri i\u00e7in veya \u00f6n \u00f6deme i\u00e7in daha iyi fiyatlar sunmaktad\u0131r. Ayr\u0131ca, yo\u011fun olmayan d\u00f6nemlerde (May\u0131s-Haziran veya Eyl\u00fcl) seyahat ediyorsan\u0131z, hem arabalarda hem de motosikletlerde harika f\u0131rsatlar bulabilirsiniz.<\/p>\n\n\n\n<p>Talep, fiyatlar\u0131 ve m\u00fcsaitlik durumunu \u015fekillendirir. Rezervasyonu son dakikaya b\u0131rakmay\u0131n - ister araba ister motosiklet olsun, erken organizasyon \u015fu anlama gelir <strong>en iyi fiyat ve en iyi se\u00e7im<\/strong>.<\/p>\n\n\n\n<h3 class=\"wp-block-heading\"><strong>Karar size kalm\u0131\u015f<\/strong><\/h3>\n\n\n\n<p>G\u00f6rd\u00fc\u011f\u00fcn\u00fcz gibi, hi\u00e7bir <strong>bir do\u011fru cevap<\/strong>. Araba ve motor aras\u0131ndaki se\u00e7im \u015funlara ba\u011fl\u0131d\u0131r:<\/p>\n\n\n\n<ul class=\"wp-block-list\">\n<li>var\u0131\u015f noktan\u0131z<br><\/li>\n\n\n\n<li>sizin ihtiya\u00e7lar\u0131n\u0131z<br><\/li>\n\n\n\n<li>ki\u015fi say\u0131s\u0131<br><\/li>\n\n\n\n<li>b\u00fct\u00e7eniz<br><\/li>\n\n\n\n<li>ve tabii ki ki\u015fisel tarz\u0131n\u0131z<br><\/li>\n<\/ul>\n\n\n\n<p>Konfor, g\u00fcvenlik ve \u00e7ok say\u0131da e\u015fya ta\u015f\u0131yabilmek istiyorsan\u0131z, bir araba se\u00e7in. Macera, \u00f6zg\u00fcrl\u00fck ve daha yo\u011fun bir seyahat deneyimi istiyorsan\u0131z, o zaman bir motosiklet tam size g\u00f6re.<\/p>\n\n\n\n<h3 class=\"wp-block-heading\"><strong>Sonu\u00e7: Seyahatinize uygun se\u00e7imi yap\u0131n<\/strong><\/h3>\n\n\n\n<p>Tatiller dinlenmek, yeni yerler g\u00f6rmek ve an\u0131lar biriktirmek i\u00e7in e\u015fsiz bir f\u0131rsatt\u0131r. Se\u00e7ti\u011finiz hareket, deneyiminizde b\u00fcy\u00fck bir fark yaratabilir. \u0130ster motosikletle ister arabayla, <strong>g\u00fcvende, rahat ve \u00f6zg\u00fcr hissetmek \u00f6nemlidir<\/strong> Ke\u015ffedin. Yapmak istedi\u011finiz seyahatin t\u00fcr\u00fcn\u00fc, var\u0131\u015f noktas\u0131n\u0131n ko\u015fullar\u0131n\u0131 ve ki\u015fisel tercihlerinizi de\u011ferlendirin. Ve unutmay\u0131n: hangi araca binmeyi se\u00e7erseniz se\u00e7in, <strong>ger\u00e7ek yolculuk her zaman i\u00e7inizde ba\u015flar<\/strong>..<\/p>","protected":false},"excerpt":{"rendered":"<p>\u038c\u03c4\u03b1\u03bd \u03ad\u03c1\u03c7\u03b5\u03c4\u03b1\u03b9 \u03b7 \u03ce\u03c1\u03b1 \u03bd\u03b1 \u03bf\u03c1\u03b3\u03b1\u03bd\u03ce\u03c3\u03b5\u03b9\u03c2 \u03c4\u03b9\u03c2 \u03b4\u03b9\u03b1\u03ba\u03bf\u03c0\u03ad\u03c2 \u03c3\u03bf\u03c5 \u03c3\u03c4\u03b7\u03bd \u0395\u03bb\u03bb\u03ac\u03b4\u03b1 \u03ae \u03c3\u03c4\u03bf \u03b5\u03be\u03c9\u03c4\u03b5\u03c1\u03b9\u03ba\u03cc, \u03bc\u03af\u03b1 \u03b1\u03c0\u03cc \u03c4\u03b9\u03c2 \u03c0\u03b9\u03bf \u03b2\u03b1\u03c3\u03b9\u03ba\u03ad\u03c2 \u03b1\u03c0\u03bf\u03c6\u03ac\u03c3\u03b5\u03b9\u03c2 \u03b5\u03af\u03bd\u03b1\u03b9 \u03c4\u03bf \u03c0\u03ce\u03c2 \u03b8\u03b1 \u03ba\u03b9\u03bd\u03b7\u03b8\u03b5\u03af\u03c2. \u0398\u03b1<span class=\"excerpt-hellip\"> [\u2026]<\/span><\/p>\n","protected":false},"author":1,"featured_media":412,"comment_status":"open","ping_status":"open","sticky":false,"template":"","format":"standard","meta":{"footnotes":""},"categories":[52],"tags":[53,66,89,54,56,88],"class_list":["post-411","post","type-post","status-publish","format-standard","has-post-thumbnail","hentry","category-52","tag-rent-a-car-igoumenitsa","tag-66","tag---2","tag-54","tag-56","tag-88"],"aioseo_notices":[],"aioseo_head":"\n\t\t<!-- All in One SEO Pro 4.9.4.2 - aioseo.com -->\n\t<meta name=\"description\" content=\"\u0398\u03b1 \u03b5\u03c0\u03b9\u03bb\u03ad\u03be\u03b5\u03b9\u03c2 \u03c4\u03b7\u03bd \u03ac\u03bd\u03b5\u03c3\u03b7 \u03ba\u03b1\u03b9 \u03c4\u03b7\u03bd \u03b1\u03c3\u03c6\u03ac\u03bb\u03b5\u03b9\u03b1 \u03b5\u03bd\u03cc\u03c2 \u03b1\u03c5\u03c4\u03bf\u03ba\u03b9\u03bd\u03ae\u03c4\u03bf\u03c5 \u03ae \u03b8\u03b1 \u03c0\u03c1\u03bf\u03c4\u03b9\u03bc\u03ae\u03c3\u03b5\u03b9\u03c2 \u03c4\u03b7\u03bd \u03b5\u03bb\u03b5\u03c5\u03b8\u03b5\u03c1\u03af\u03b1 \u03ba\u03b1\u03b9 \u03c4\u03bf\u03bd \u03b1\u03ad\u03c1\u03b1 \u03c4\u03b7\u03c2 \u03bc\u03b7\u03c7\u03b1\u03bd\u03ae\u03c2; \u0397 \u03b5\u03c0\u03b9\u03bb\u03bf\u03b3\u03ae \u03b3\u03b9\u03b1 \u03c4\u03b9\u03c2 \u03b4\u03b9\u03b1\u03ba\u03bf\u03c0\u03ad\u03c2 \u03b4\u03b5\u03bd \u03b5\u03af\u03bd\u03b1\u03b9 \u03b5\u03cd\u03ba\u03bf\u03bb\u03b7.\" \/>\n\t<meta name=\"robots\" content=\"max-image-preview:large\" \/>\n\t<meta name=\"author\" content=\"Rent A Car Igoumenitsa\"\/>\n\t<meta name=\"google-site-verification\" content=\"S6xm9OozgzUNlz1XGUsqKaiQUGsb8eKTPjRIqVmbJRU\" \/>\n\t<link rel=\"canonical\" href=\"https:\/\/rentacarigoumenitsa.gr\/tr\/aftokinito-i-michani-ti-symferei-perissotero-stis-diakopes\/\" \/>\n\t<meta name=\"generator\" content=\"All in One SEO Pro (AIOSEO) 4.9.4.2\" \/>\n\t\t<meta property=\"og:locale\" content=\"tr_TR\" \/>\n\t\t<meta property=\"og:site_name\" content=\"Rent A Car Igoumenitsa -\" \/>\n\t\t<meta property=\"og:type\" content=\"article\" \/>\n\t\t<meta property=\"og:title\" content=\"\u0391\u03c5\u03c4\u03bf\u03ba\u03af\u03bd\u03b7\u03c4\u03bf \u03ae \u03bc\u03b7\u03c7\u03b1\u03bd\u03ae; \u03a4\u03b9 \u03c3\u03c5\u03bc\u03c6\u03ad\u03c1\u03b5\u03b9 \u03c0\u03b5\u03c1\u03b9\u03c3\u03c3\u03cc\u03c4\u03b5\u03c1\u03bf \u03c3\u03c4\u03b9\u03c2 \u03b4\u03b9\u03b1\u03ba\u03bf\u03c0\u03ad\u03c2\" \/>\n\t\t<meta property=\"og:description\" content=\"\u0398\u03b1 \u03b5\u03c0\u03b9\u03bb\u03ad\u03be\u03b5\u03b9\u03c2 \u03c4\u03b7\u03bd \u03ac\u03bd\u03b5\u03c3\u03b7 \u03ba\u03b1\u03b9 \u03c4\u03b7\u03bd \u03b1\u03c3\u03c6\u03ac\u03bb\u03b5\u03b9\u03b1 \u03b5\u03bd\u03cc\u03c2 \u03b1\u03c5\u03c4\u03bf\u03ba\u03b9\u03bd\u03ae\u03c4\u03bf\u03c5 \u03ae \u03b8\u03b1 \u03c0\u03c1\u03bf\u03c4\u03b9\u03bc\u03ae\u03c3\u03b5\u03b9\u03c2 \u03c4\u03b7\u03bd \u03b5\u03bb\u03b5\u03c5\u03b8\u03b5\u03c1\u03af\u03b1 \u03ba\u03b1\u03b9 \u03c4\u03bf\u03bd \u03b1\u03ad\u03c1\u03b1 \u03c4\u03b7\u03c2 \u03bc\u03b7\u03c7\u03b1\u03bd\u03ae\u03c2; \u0397 \u03b5\u03c0\u03b9\u03bb\u03bf\u03b3\u03ae \u03b3\u03b9\u03b1 \u03c4\u03b9\u03c2 \u03b4\u03b9\u03b1\u03ba\u03bf\u03c0\u03ad\u03c2 \u03b4\u03b5\u03bd \u03b5\u03af\u03bd\u03b1\u03b9 \u03b5\u03cd\u03ba\u03bf\u03bb\u03b7.\" \/>\n\t\t<meta property=\"og:url\" content=\"https:\/\/rentacarigoumenitsa.gr\/tr\/aftokinito-i-michani-ti-symferei-perissotero-stis-diakopes\/\" \/>\n\t\t<meta property=\"og:image\" content=\"https:\/\/rentacarigoumenitsa.gr\/wp-content\/uploads\/2025\/07\/kgvjn.png\" \/>\n\t\t<meta property=\"og:image:secure_url\" content=\"https:\/\/rentacarigoumenitsa.gr\/wp-content\/uploads\/2025\/07\/kgvjn.png\" \/>\n\t\t<meta property=\"og:image:width\" content=\"1080\" \/>\n\t\t<meta property=\"og:image:height\" content=\"1080\" \/>\n\t\t<meta property=\"article:published_time\" content=\"2025-07-19T15:56:50+00:00\" \/>\n\t\t<meta property=\"article:modified_time\" content=\"2025-07-19T15:56:57+00:00\" \/>\n\t\t<meta property=\"article:publisher\" content=\"https:\/\/www.facebook.com\/rentacarigoumenitsa\/\" \/>\n\t\t<meta name=\"twitter:card\" content=\"summary_large_image\" \/>\n\t\t<meta name=\"twitter:title\" content=\"\u0391\u03c5\u03c4\u03bf\u03ba\u03af\u03bd\u03b7\u03c4\u03bf \u03ae \u03bc\u03b7\u03c7\u03b1\u03bd\u03ae; \u03a4\u03b9 \u03c3\u03c5\u03bc\u03c6\u03ad\u03c1\u03b5\u03b9 \u03c0\u03b5\u03c1\u03b9\u03c3\u03c3\u03cc\u03c4\u03b5\u03c1\u03bf \u03c3\u03c4\u03b9\u03c2 \u03b4\u03b9\u03b1\u03ba\u03bf\u03c0\u03ad\u03c2\" \/>\n\t\t<meta name=\"twitter:description\" content=\"\u0398\u03b1 \u03b5\u03c0\u03b9\u03bb\u03ad\u03be\u03b5\u03b9\u03c2 \u03c4\u03b7\u03bd \u03ac\u03bd\u03b5\u03c3\u03b7 \u03ba\u03b1\u03b9 \u03c4\u03b7\u03bd \u03b1\u03c3\u03c6\u03ac\u03bb\u03b5\u03b9\u03b1 \u03b5\u03bd\u03cc\u03c2 \u03b1\u03c5\u03c4\u03bf\u03ba\u03b9\u03bd\u03ae\u03c4\u03bf\u03c5 \u03ae \u03b8\u03b1 \u03c0\u03c1\u03bf\u03c4\u03b9\u03bc\u03ae\u03c3\u03b5\u03b9\u03c2 \u03c4\u03b7\u03bd \u03b5\u03bb\u03b5\u03c5\u03b8\u03b5\u03c1\u03af\u03b1 \u03ba\u03b1\u03b9 \u03c4\u03bf\u03bd \u03b1\u03ad\u03c1\u03b1 \u03c4\u03b7\u03c2 \u03bc\u03b7\u03c7\u03b1\u03bd\u03ae\u03c2; \u0397 \u03b5\u03c0\u03b9\u03bb\u03bf\u03b3\u03ae \u03b3\u03b9\u03b1 \u03c4\u03b9\u03c2 \u03b4\u03b9\u03b1\u03ba\u03bf\u03c0\u03ad\u03c2 \u03b4\u03b5\u03bd \u03b5\u03af\u03bd\u03b1\u03b9 \u03b5\u03cd\u03ba\u03bf\u03bb\u03b7.\" \/>\n\t\t<meta name=\"twitter:image\" content=\"https:\/\/rentacarigoumenitsa.gr\/wp-content\/uploads\/2023\/12\/fb-cover.jpg\" \/>\n\t\t<script type=\"application\/ld+json\" class=\"aioseo-schema\">\n\t\t\t{\"@context\":\"https:\\\/\\\/schema.org\",\"@graph\":[{\"@type\":\"BlogPosting\",\"@id\":\"https:\\\/\\\/rentacarigoumenitsa.gr\\\/tr\\\/aftokinito-i-michani-ti-symferei-perissotero-stis-diakopes\\\/#blogposting\",\"name\":\"\\u0391\\u03c5\\u03c4\\u03bf\\u03ba\\u03af\\u03bd\\u03b7\\u03c4\\u03bf \\u03ae \\u03bc\\u03b7\\u03c7\\u03b1\\u03bd\\u03ae; \\u03a4\\u03b9 \\u03c3\\u03c5\\u03bc\\u03c6\\u03ad\\u03c1\\u03b5\\u03b9 \\u03c0\\u03b5\\u03c1\\u03b9\\u03c3\\u03c3\\u03cc\\u03c4\\u03b5\\u03c1\\u03bf \\u03c3\\u03c4\\u03b9\\u03c2 \\u03b4\\u03b9\\u03b1\\u03ba\\u03bf\\u03c0\\u03ad\\u03c2\",\"headline\":\"\\u0391\\u03c5\\u03c4\\u03bf\\u03ba\\u03af\\u03bd\\u03b7\\u03c4\\u03bf \\u03ae \\u03bc\\u03b7\\u03c7\\u03b1\\u03bd\\u03ae; \\u03a4\\u03b9 \\u03c3\\u03c5\\u03bc\\u03c6\\u03ad\\u03c1\\u03b5\\u03b9 \\u03c0\\u03b5\\u03c1\\u03b9\\u03c3\\u03c3\\u03cc\\u03c4\\u03b5\\u03c1\\u03bf \\u03c3\\u03c4\\u03b9\\u03c2 \\u03b4\\u03b9\\u03b1\\u03ba\\u03bf\\u03c0\\u03ad\\u03c2\",\"author\":{\"@id\":\"https:\\\/\\\/rentacarigoumenitsa.gr\\\/tr\\\/author\\\/r234digou\\\/#author\"},\"publisher\":{\"@id\":\"https:\\\/\\\/rentacarigoumenitsa.gr\\\/tr\\\/#organization\"},\"image\":{\"@type\":\"ImageObject\",\"url\":\"https:\\\/\\\/rentacarigoumenitsa.gr\\\/wp-content\\\/uploads\\\/2025\\\/07\\\/kgvjn.png\",\"width\":1080,\"height\":1080},\"datePublished\":\"2025-07-19T18:56:50+03:00\",\"dateModified\":\"2025-07-19T18:56:57+03:00\",\"inLanguage\":\"tr-TR\",\"mainEntityOfPage\":{\"@id\":\"https:\\\/\\\/rentacarigoumenitsa.gr\\\/tr\\\/aftokinito-i-michani-ti-symferei-perissotero-stis-diakopes\\\/#webpage\"},\"isPartOf\":{\"@id\":\"https:\\\/\\\/rentacarigoumenitsa.gr\\\/tr\\\/aftokinito-i-michani-ti-symferei-perissotero-stis-diakopes\\\/#webpage\"},\"articleSection\":\"\\u0395\\u03bd\\u03bf\\u03b9\\u03ba\\u03af\\u03b1\\u03c3\\u03b7 \\u0391\\u03c5\\u03c4\\u03bf\\u03ba\\u03b9\\u03bd\\u03ae\\u03c4\\u03bf\\u03c5, rent a car igoumenitsa, \\u03b5\\u03bb\\u03bb\\u03ac\\u03b4\\u03b1, \\u0395\\u03bd\\u03bf\\u03b9\\u03ba\\u03af\\u03b1\\u03c3\\u03b7 \\u0391\\u03c5\\u03c4\\u03bf\\u03ba\\u03b9\\u03bd\\u03ae\\u03c4\\u03bf\\u03c5, \\u03b5\\u03bd\\u03bf\\u03b9\\u03ba\\u03af\\u03b1\\u03c3\\u03b7 \\u03b1\\u03c5\\u03c4\\u03bf\\u03ba\\u03b9\\u03bd\\u03ae\\u03c4\\u03bf\\u03c5, \\u03b7\\u03b3\\u03bf\\u03c5\\u03bc\\u03b5\\u03bd\\u03af\\u03c4\\u03c3\\u03b1, \\u03a4\\u03bf\\u03c5\\u03c1\\u03b9\\u03c3\\u03bc\\u03cc\\u03c2\"},{\"@type\":\"BreadcrumbList\",\"@id\":\"https:\\\/\\\/rentacarigoumenitsa.gr\\\/tr\\\/aftokinito-i-michani-ti-symferei-perissotero-stis-diakopes\\\/#breadcrumblist\",\"itemListElement\":[{\"@type\":\"ListItem\",\"@id\":\"https:\\\/\\\/rentacarigoumenitsa.gr\\\/tr#listItem\",\"position\":1,\"name\":\"Home\",\"item\":\"https:\\\/\\\/rentacarigoumenitsa.gr\\\/tr\",\"nextItem\":{\"@type\":\"ListItem\",\"@id\":\"https:\\\/\\\/rentacarigoumenitsa.gr\\\/tr\\\/category\\\/%ce%b5%ce%bd%ce%bf%ce%b9%ce%ba%ce%af%ce%b1%cf%83%ce%b7-%ce%b1%cf%85%cf%84%ce%bf%ce%ba%ce%b9%ce%bd%ce%ae%cf%84%ce%bf%cf%85\\\/#listItem\",\"name\":\"\\u0395\\u03bd\\u03bf\\u03b9\\u03ba\\u03af\\u03b1\\u03c3\\u03b7 \\u0391\\u03c5\\u03c4\\u03bf\\u03ba\\u03b9\\u03bd\\u03ae\\u03c4\\u03bf\\u03c5\"}},{\"@type\":\"ListItem\",\"@id\":\"https:\\\/\\\/rentacarigoumenitsa.gr\\\/tr\\\/category\\\/%ce%b5%ce%bd%ce%bf%ce%b9%ce%ba%ce%af%ce%b1%cf%83%ce%b7-%ce%b1%cf%85%cf%84%ce%bf%ce%ba%ce%b9%ce%bd%ce%ae%cf%84%ce%bf%cf%85\\\/#listItem\",\"position\":2,\"name\":\"\\u0395\\u03bd\\u03bf\\u03b9\\u03ba\\u03af\\u03b1\\u03c3\\u03b7 \\u0391\\u03c5\\u03c4\\u03bf\\u03ba\\u03b9\\u03bd\\u03ae\\u03c4\\u03bf\\u03c5\",\"item\":\"https:\\\/\\\/rentacarigoumenitsa.gr\\\/tr\\\/category\\\/%ce%b5%ce%bd%ce%bf%ce%b9%ce%ba%ce%af%ce%b1%cf%83%ce%b7-%ce%b1%cf%85%cf%84%ce%bf%ce%ba%ce%b9%ce%bd%ce%ae%cf%84%ce%bf%cf%85\\\/\",\"nextItem\":{\"@type\":\"ListItem\",\"@id\":\"https:\\\/\\\/rentacarigoumenitsa.gr\\\/tr\\\/aftokinito-i-michani-ti-symferei-perissotero-stis-diakopes\\\/#listItem\",\"name\":\"\\u0391\\u03c5\\u03c4\\u03bf\\u03ba\\u03af\\u03bd\\u03b7\\u03c4\\u03bf \\u03ae \\u03bc\\u03b7\\u03c7\\u03b1\\u03bd\\u03ae; \\u03a4\\u03b9 \\u03c3\\u03c5\\u03bc\\u03c6\\u03ad\\u03c1\\u03b5\\u03b9 \\u03c0\\u03b5\\u03c1\\u03b9\\u03c3\\u03c3\\u03cc\\u03c4\\u03b5\\u03c1\\u03bf \\u03c3\\u03c4\\u03b9\\u03c2 \\u03b4\\u03b9\\u03b1\\u03ba\\u03bf\\u03c0\\u03ad\\u03c2\"},\"previousItem\":{\"@type\":\"ListItem\",\"@id\":\"https:\\\/\\\/rentacarigoumenitsa.gr\\\/tr#listItem\",\"name\":\"Home\"}},{\"@type\":\"ListItem\",\"@id\":\"https:\\\/\\\/rentacarigoumenitsa.gr\\\/tr\\\/aftokinito-i-michani-ti-symferei-perissotero-stis-diakopes\\\/#listItem\",\"position\":3,\"name\":\"\\u0391\\u03c5\\u03c4\\u03bf\\u03ba\\u03af\\u03bd\\u03b7\\u03c4\\u03bf \\u03ae \\u03bc\\u03b7\\u03c7\\u03b1\\u03bd\\u03ae; \\u03a4\\u03b9 \\u03c3\\u03c5\\u03bc\\u03c6\\u03ad\\u03c1\\u03b5\\u03b9 \\u03c0\\u03b5\\u03c1\\u03b9\\u03c3\\u03c3\\u03cc\\u03c4\\u03b5\\u03c1\\u03bf \\u03c3\\u03c4\\u03b9\\u03c2 \\u03b4\\u03b9\\u03b1\\u03ba\\u03bf\\u03c0\\u03ad\\u03c2\",\"previousItem\":{\"@type\":\"ListItem\",\"@id\":\"https:\\\/\\\/rentacarigoumenitsa.gr\\\/tr\\\/category\\\/%ce%b5%ce%bd%ce%bf%ce%b9%ce%ba%ce%af%ce%b1%cf%83%ce%b7-%ce%b1%cf%85%cf%84%ce%bf%ce%ba%ce%b9%ce%bd%ce%ae%cf%84%ce%bf%cf%85\\\/#listItem\",\"name\":\"\\u0395\\u03bd\\u03bf\\u03b9\\u03ba\\u03af\\u03b1\\u03c3\\u03b7 \\u0391\\u03c5\\u03c4\\u03bf\\u03ba\\u03b9\\u03bd\\u03ae\\u03c4\\u03bf\\u03c5\"}}]},{\"@type\":\"Organization\",\"@id\":\"https:\\\/\\\/rentacarigoumenitsa.gr\\\/tr\\\/#organization\",\"name\":\"Rent A Car Igoumenitsa\",\"url\":\"https:\\\/\\\/rentacarigoumenitsa.gr\\\/tr\\\/\",\"email\":\"igourent@gmail.com\",\"telephone\":\"+302665027666\",\"logo\":{\"@type\":\"ImageObject\",\"url\":\"https:\\\/\\\/rentacarigoumenitsa.gr\\\/wp-content\\\/uploads\\\/2023\\\/11\\\/logo-mobile.png\",\"@id\":\"https:\\\/\\\/rentacarigoumenitsa.gr\\\/tr\\\/aftokinito-i-michani-ti-symferei-perissotero-stis-diakopes\\\/#organizationLogo\",\"width\":250,\"height\":100},\"image\":{\"@id\":\"https:\\\/\\\/rentacarigoumenitsa.gr\\\/tr\\\/aftokinito-i-michani-ti-symferei-perissotero-stis-diakopes\\\/#organizationLogo\"},\"sameAs\":[\"https:\\\/\\\/www.facebook.com\\\/rentacarigoumenitsa\\\/\",\"https:\\\/\\\/www.instagram.com\\\/rentcarigoumenitsa\\\/\",\"https:\\\/\\\/www.youtube.com\\\/@rentacarigoumenitsa\"],\"address\":{\"@id\":\"https:\\\/\\\/rentacarigoumenitsa.gr\\\/tr\\\/#postaladdress\",\"@type\":\"PostalAddress\",\"streetAddress\":\"Agion Apostolon 39-41,\",\"postalCode\":\"46100\",\"addressLocality\":\"Igoumenitsa\",\"addressRegion\":\"Thesprotia\",\"addressCountry\":\"GR\"},\"vatID\":\"EL121704960\"},{\"@type\":\"Person\",\"@id\":\"https:\\\/\\\/rentacarigoumenitsa.gr\\\/tr\\\/author\\\/r234digou\\\/#author\",\"url\":\"https:\\\/\\\/rentacarigoumenitsa.gr\\\/tr\\\/author\\\/r234digou\\\/\",\"name\":\"Rent A Car Igoumenitsa\",\"image\":{\"@type\":\"ImageObject\",\"@id\":\"https:\\\/\\\/rentacarigoumenitsa.gr\\\/tr\\\/aftokinito-i-michani-ti-symferei-perissotero-stis-diakopes\\\/#authorImage\",\"url\":\"https:\\\/\\\/secure.gravatar.com\\\/avatar\\\/b0b84ab4d14d5f8ae68249bf4101f022df1c7a8f51673576528c824772929605?s=96&d=mm&r=g\",\"width\":96,\"height\":96,\"caption\":\"Rent A Car Igoumenitsa\"}},{\"@type\":\"WebPage\",\"@id\":\"https:\\\/\\\/rentacarigoumenitsa.gr\\\/tr\\\/aftokinito-i-michani-ti-symferei-perissotero-stis-diakopes\\\/#webpage\",\"url\":\"https:\\\/\\\/rentacarigoumenitsa.gr\\\/tr\\\/aftokinito-i-michani-ti-symferei-perissotero-stis-diakopes\\\/\",\"name\":\"\\u0391\\u03c5\\u03c4\\u03bf\\u03ba\\u03af\\u03bd\\u03b7\\u03c4\\u03bf \\u03ae \\u03bc\\u03b7\\u03c7\\u03b1\\u03bd\\u03ae; \\u03a4\\u03b9 \\u03c3\\u03c5\\u03bc\\u03c6\\u03ad\\u03c1\\u03b5\\u03b9 \\u03c0\\u03b5\\u03c1\\u03b9\\u03c3\\u03c3\\u03cc\\u03c4\\u03b5\\u03c1\\u03bf \\u03c3\\u03c4\\u03b9\\u03c2 \\u03b4\\u03b9\\u03b1\\u03ba\\u03bf\\u03c0\\u03ad\\u03c2\",\"description\":\"\\u0398\\u03b1 \\u03b5\\u03c0\\u03b9\\u03bb\\u03ad\\u03be\\u03b5\\u03b9\\u03c2 \\u03c4\\u03b7\\u03bd \\u03ac\\u03bd\\u03b5\\u03c3\\u03b7 \\u03ba\\u03b1\\u03b9 \\u03c4\\u03b7\\u03bd \\u03b1\\u03c3\\u03c6\\u03ac\\u03bb\\u03b5\\u03b9\\u03b1 \\u03b5\\u03bd\\u03cc\\u03c2 \\u03b1\\u03c5\\u03c4\\u03bf\\u03ba\\u03b9\\u03bd\\u03ae\\u03c4\\u03bf\\u03c5 \\u03ae \\u03b8\\u03b1 \\u03c0\\u03c1\\u03bf\\u03c4\\u03b9\\u03bc\\u03ae\\u03c3\\u03b5\\u03b9\\u03c2 \\u03c4\\u03b7\\u03bd \\u03b5\\u03bb\\u03b5\\u03c5\\u03b8\\u03b5\\u03c1\\u03af\\u03b1 \\u03ba\\u03b1\\u03b9 \\u03c4\\u03bf\\u03bd \\u03b1\\u03ad\\u03c1\\u03b1 \\u03c4\\u03b7\\u03c2 \\u03bc\\u03b7\\u03c7\\u03b1\\u03bd\\u03ae\\u03c2; \\u0397 \\u03b5\\u03c0\\u03b9\\u03bb\\u03bf\\u03b3\\u03ae \\u03b3\\u03b9\\u03b1 \\u03c4\\u03b9\\u03c2 \\u03b4\\u03b9\\u03b1\\u03ba\\u03bf\\u03c0\\u03ad\\u03c2 \\u03b4\\u03b5\\u03bd \\u03b5\\u03af\\u03bd\\u03b1\\u03b9 \\u03b5\\u03cd\\u03ba\\u03bf\\u03bb\\u03b7.\",\"inLanguage\":\"tr-TR\",\"isPartOf\":{\"@id\":\"https:\\\/\\\/rentacarigoumenitsa.gr\\\/tr\\\/#website\"},\"breadcrumb\":{\"@id\":\"https:\\\/\\\/rentacarigoumenitsa.gr\\\/tr\\\/aftokinito-i-michani-ti-symferei-perissotero-stis-diakopes\\\/#breadcrumblist\"},\"author\":{\"@id\":\"https:\\\/\\\/rentacarigoumenitsa.gr\\\/tr\\\/author\\\/r234digou\\\/#author\"},\"creator\":{\"@id\":\"https:\\\/\\\/rentacarigoumenitsa.gr\\\/tr\\\/author\\\/r234digou\\\/#author\"},\"image\":{\"@type\":\"ImageObject\",\"url\":\"https:\\\/\\\/rentacarigoumenitsa.gr\\\/wp-content\\\/uploads\\\/2025\\\/07\\\/kgvjn.png\",\"@id\":\"https:\\\/\\\/rentacarigoumenitsa.gr\\\/tr\\\/aftokinito-i-michani-ti-symferei-perissotero-stis-diakopes\\\/#mainImage\",\"width\":1080,\"height\":1080},\"primaryImageOfPage\":{\"@id\":\"https:\\\/\\\/rentacarigoumenitsa.gr\\\/tr\\\/aftokinito-i-michani-ti-symferei-perissotero-stis-diakopes\\\/#mainImage\"},\"datePublished\":\"2025-07-19T18:56:50+03:00\",\"dateModified\":\"2025-07-19T18:56:57+03:00\"},{\"@type\":\"WebSite\",\"@id\":\"https:\\\/\\\/rentacarigoumenitsa.gr\\\/tr\\\/#website\",\"url\":\"https:\\\/\\\/rentacarigoumenitsa.gr\\\/tr\\\/\",\"name\":\"Rent A Car Igoumenitsa\",\"alternateName\":\"\\u0395\\u03bd\\u03bf\\u03b9\\u03ba\\u03af\\u03b1\\u03c3\\u03b7 \\u03b1\\u03c5\\u03c4\\u03bf\\u03ba\\u03b9\\u03bd\\u03ae\\u03c4\\u03bf\\u03c5 \\u0397\\u03b3\\u03bf\\u03c5\\u03bc\\u03b5\\u03bd\\u03af\\u03c4\\u03c3\\u03b1\",\"inLanguage\":\"tr-TR\",\"publisher\":{\"@id\":\"https:\\\/\\\/rentacarigoumenitsa.gr\\\/tr\\\/#organization\"}}]}\n\t\t<\/script>\n\t\t<!-- All in One SEO Pro -->\r\n\t\t<title>\u0391\u03c5\u03c4\u03bf\u03ba\u03af\u03bd\u03b7\u03c4\u03bf \u03ae \u03bc\u03b7\u03c7\u03b1\u03bd\u03ae; \u03a4\u03b9 \u03c3\u03c5\u03bc\u03c6\u03ad\u03c1\u03b5\u03b9 \u03c0\u03b5\u03c1\u03b9\u03c3\u03c3\u03cc\u03c4\u03b5\u03c1\u03bf \u03c3\u03c4\u03b9\u03c2 \u03b4\u03b9\u03b1\u03ba\u03bf\u03c0\u03ad\u03c2<\/title>\n\n","aioseo_head_json":{"title":"Araba m\u0131 motosiklet mi? Tatilde hangisi daha avantajl\u0131","description":"Bir araban\u0131n konforunu ve g\u00fcvenli\u011fini mi yoksa bir motosikletin \u00f6zg\u00fcrl\u00fc\u011f\u00fcn\u00fc ve havas\u0131n\u0131 m\u0131 se\u00e7eceksiniz? Tatil i\u00e7in se\u00e7im yapmak kolay de\u011fildir.","canonical_url":"https:\/\/rentacarigoumenitsa.gr\/tr\/aftokinito-i-michani-ti-symferei-perissotero-stis-diakopes\/","robots":"max-image-preview:large","keywords":"","webmasterTools":{"google-site-verification":"S6xm9OozgzUNlz1XGUsqKaiQUGsb8eKTPjRIqVmbJRU","miscellaneous":""},"schema":{"@context":"https:\/\/schema.org","@graph":[{"@type":"BlogPosting","@id":"https:\/\/rentacarigoumenitsa.gr\/tr\/aftokinito-i-michani-ti-symferei-perissotero-stis-diakopes\/#blogposting","name":"\u0391\u03c5\u03c4\u03bf\u03ba\u03af\u03bd\u03b7\u03c4\u03bf \u03ae \u03bc\u03b7\u03c7\u03b1\u03bd\u03ae; \u03a4\u03b9 \u03c3\u03c5\u03bc\u03c6\u03ad\u03c1\u03b5\u03b9 \u03c0\u03b5\u03c1\u03b9\u03c3\u03c3\u03cc\u03c4\u03b5\u03c1\u03bf \u03c3\u03c4\u03b9\u03c2 \u03b4\u03b9\u03b1\u03ba\u03bf\u03c0\u03ad\u03c2","headline":"\u0391\u03c5\u03c4\u03bf\u03ba\u03af\u03bd\u03b7\u03c4\u03bf \u03ae \u03bc\u03b7\u03c7\u03b1\u03bd\u03ae; \u03a4\u03b9 \u03c3\u03c5\u03bc\u03c6\u03ad\u03c1\u03b5\u03b9 \u03c0\u03b5\u03c1\u03b9\u03c3\u03c3\u03cc\u03c4\u03b5\u03c1\u03bf \u03c3\u03c4\u03b9\u03c2 \u03b4\u03b9\u03b1\u03ba\u03bf\u03c0\u03ad\u03c2","author":{"@id":"https:\/\/rentacarigoumenitsa.gr\/tr\/author\/r234digou\/#author"},"publisher":{"@id":"https:\/\/rentacarigoumenitsa.gr\/tr\/#organization"},"image":{"@type":"ImageObject","url":"https:\/\/rentacarigoumenitsa.gr\/wp-content\/uploads\/2025\/07\/kgvjn.png","width":1080,"height":1080},"datePublished":"2025-07-19T18:56:50+03:00","dateModified":"2025-07-19T18:56:57+03:00","inLanguage":"tr-TR","mainEntityOfPage":{"@id":"https:\/\/rentacarigoumenitsa.gr\/tr\/aftokinito-i-michani-ti-symferei-perissotero-stis-diakopes\/#webpage"},"isPartOf":{"@id":"https:\/\/rentacarigoumenitsa.gr\/tr\/aftokinito-i-michani-ti-symferei-perissotero-stis-diakopes\/#webpage"},"articleSection":"\u0395\u03bd\u03bf\u03b9\u03ba\u03af\u03b1\u03c3\u03b7 \u0391\u03c5\u03c4\u03bf\u03ba\u03b9\u03bd\u03ae\u03c4\u03bf\u03c5, rent a car igoumenitsa, \u03b5\u03bb\u03bb\u03ac\u03b4\u03b1, \u0395\u03bd\u03bf\u03b9\u03ba\u03af\u03b1\u03c3\u03b7 \u0391\u03c5\u03c4\u03bf\u03ba\u03b9\u03bd\u03ae\u03c4\u03bf\u03c5, \u03b5\u03bd\u03bf\u03b9\u03ba\u03af\u03b1\u03c3\u03b7 \u03b1\u03c5\u03c4\u03bf\u03ba\u03b9\u03bd\u03ae\u03c4\u03bf\u03c5, \u03b7\u03b3\u03bf\u03c5\u03bc\u03b5\u03bd\u03af\u03c4\u03c3\u03b1, \u03a4\u03bf\u03c5\u03c1\u03b9\u03c3\u03bc\u03cc\u03c2"},{"@type":"BreadcrumbList","@id":"https:\/\/rentacarigoumenitsa.gr\/tr\/aftokinito-i-michani-ti-symferei-perissotero-stis-diakopes\/#breadcrumblist","itemListElement":[{"@type":"ListItem","@id":"https:\/\/rentacarigoumenitsa.gr\/tr#listItem","position":1,"name":"Home","item":"https:\/\/rentacarigoumenitsa.gr\/tr","nextItem":{"@type":"ListItem","@id":"https:\/\/rentacarigoumenitsa.gr\/tr\/category\/%ce%b5%ce%bd%ce%bf%ce%b9%ce%ba%ce%af%ce%b1%cf%83%ce%b7-%ce%b1%cf%85%cf%84%ce%bf%ce%ba%ce%b9%ce%bd%ce%ae%cf%84%ce%bf%cf%85\/#listItem","name":"\u0395\u03bd\u03bf\u03b9\u03ba\u03af\u03b1\u03c3\u03b7 \u0391\u03c5\u03c4\u03bf\u03ba\u03b9\u03bd\u03ae\u03c4\u03bf\u03c5"}},{"@type":"ListItem","@id":"https:\/\/rentacarigoumenitsa.gr\/tr\/category\/%ce%b5%ce%bd%ce%bf%ce%b9%ce%ba%ce%af%ce%b1%cf%83%ce%b7-%ce%b1%cf%85%cf%84%ce%bf%ce%ba%ce%b9%ce%bd%ce%ae%cf%84%ce%bf%cf%85\/#listItem","position":2,"name":"\u0395\u03bd\u03bf\u03b9\u03ba\u03af\u03b1\u03c3\u03b7 \u0391\u03c5\u03c4\u03bf\u03ba\u03b9\u03bd\u03ae\u03c4\u03bf\u03c5","item":"https:\/\/rentacarigoumenitsa.gr\/tr\/category\/%ce%b5%ce%bd%ce%bf%ce%b9%ce%ba%ce%af%ce%b1%cf%83%ce%b7-%ce%b1%cf%85%cf%84%ce%bf%ce%ba%ce%b9%ce%bd%ce%ae%cf%84%ce%bf%cf%85\/","nextItem":{"@type":"ListItem","@id":"https:\/\/rentacarigoumenitsa.gr\/tr\/aftokinito-i-michani-ti-symferei-perissotero-stis-diakopes\/#listItem","name":"\u0391\u03c5\u03c4\u03bf\u03ba\u03af\u03bd\u03b7\u03c4\u03bf \u03ae \u03bc\u03b7\u03c7\u03b1\u03bd\u03ae; \u03a4\u03b9 \u03c3\u03c5\u03bc\u03c6\u03ad\u03c1\u03b5\u03b9 \u03c0\u03b5\u03c1\u03b9\u03c3\u03c3\u03cc\u03c4\u03b5\u03c1\u03bf \u03c3\u03c4\u03b9\u03c2 \u03b4\u03b9\u03b1\u03ba\u03bf\u03c0\u03ad\u03c2"},"previousItem":{"@type":"ListItem","@id":"https:\/\/rentacarigoumenitsa.gr\/tr#listItem","name":"Home"}},{"@type":"ListItem","@id":"https:\/\/rentacarigoumenitsa.gr\/tr\/aftokinito-i-michani-ti-symferei-perissotero-stis-diakopes\/#listItem","position":3,"name":"\u0391\u03c5\u03c4\u03bf\u03ba\u03af\u03bd\u03b7\u03c4\u03bf \u03ae \u03bc\u03b7\u03c7\u03b1\u03bd\u03ae; \u03a4\u03b9 \u03c3\u03c5\u03bc\u03c6\u03ad\u03c1\u03b5\u03b9 \u03c0\u03b5\u03c1\u03b9\u03c3\u03c3\u03cc\u03c4\u03b5\u03c1\u03bf \u03c3\u03c4\u03b9\u03c2 \u03b4\u03b9\u03b1\u03ba\u03bf\u03c0\u03ad\u03c2","previousItem":{"@type":"ListItem","@id":"https:\/\/rentacarigoumenitsa.gr\/tr\/category\/%ce%b5%ce%bd%ce%bf%ce%b9%ce%ba%ce%af%ce%b1%cf%83%ce%b7-%ce%b1%cf%85%cf%84%ce%bf%ce%ba%ce%b9%ce%bd%ce%ae%cf%84%ce%bf%cf%85\/#listItem","name":"\u0395\u03bd\u03bf\u03b9\u03ba\u03af\u03b1\u03c3\u03b7 \u0391\u03c5\u03c4\u03bf\u03ba\u03b9\u03bd\u03ae\u03c4\u03bf\u03c5"}}]},{"@type":"Organization","@id":"https:\/\/rentacarigoumenitsa.gr\/tr\/#organization","name":"Rent A Car Igoumenitsa","url":"https:\/\/rentacarigoumenitsa.gr\/tr\/","email":"igourent@gmail.com","telephone":"+302665027666","logo":{"@type":"ImageObject","url":"https:\/\/rentacarigoumenitsa.gr\/wp-content\/uploads\/2023\/11\/logo-mobile.png","@id":"https:\/\/rentacarigoumenitsa.gr\/tr\/aftokinito-i-michani-ti-symferei-perissotero-stis-diakopes\/#organizationLogo","width":250,"height":100},"image":{"@id":"https:\/\/rentacarigoumenitsa.gr\/tr\/aftokinito-i-michani-ti-symferei-perissotero-stis-diakopes\/#organizationLogo"},"sameAs":["https:\/\/www.facebook.com\/rentacarigoumenitsa\/","https:\/\/www.instagram.com\/rentcarigoumenitsa\/","https:\/\/www.youtube.com\/@rentacarigoumenitsa"],"address":{"@id":"https:\/\/rentacarigoumenitsa.gr\/tr\/#postaladdress","@type":"PostalAddress","streetAddress":"Agion Apostolon 39-41,","postalCode":"46100","addressLocality":"Igoumenitsa","addressRegion":"Thesprotia","addressCountry":"GR"},"vatID":"EL121704960"},{"@type":"Person","@id":"https:\/\/rentacarigoumenitsa.gr\/tr\/author\/r234digou\/#author","url":"https:\/\/rentacarigoumenitsa.gr\/tr\/author\/r234digou\/","name":"Rent A Car Igoumenitsa","image":{"@type":"ImageObject","@id":"https:\/\/rentacarigoumenitsa.gr\/tr\/aftokinito-i-michani-ti-symferei-perissotero-stis-diakopes\/#authorImage","url":"https:\/\/secure.gravatar.com\/avatar\/b0b84ab4d14d5f8ae68249bf4101f022df1c7a8f51673576528c824772929605?s=96&d=mm&r=g","width":96,"height":96,"caption":"Rent A Car Igoumenitsa"}},{"@type":"WebPage","@id":"https:\/\/rentacarigoumenitsa.gr\/tr\/aftokinito-i-michani-ti-symferei-perissotero-stis-diakopes\/#webpage","url":"https:\/\/rentacarigoumenitsa.gr\/tr\/aftokinito-i-michani-ti-symferei-perissotero-stis-diakopes\/","name":"\u0391\u03c5\u03c4\u03bf\u03ba\u03af\u03bd\u03b7\u03c4\u03bf \u03ae \u03bc\u03b7\u03c7\u03b1\u03bd\u03ae; \u03a4\u03b9 \u03c3\u03c5\u03bc\u03c6\u03ad\u03c1\u03b5\u03b9 \u03c0\u03b5\u03c1\u03b9\u03c3\u03c3\u03cc\u03c4\u03b5\u03c1\u03bf \u03c3\u03c4\u03b9\u03c2 \u03b4\u03b9\u03b1\u03ba\u03bf\u03c0\u03ad\u03c2","description":"\u0398\u03b1 \u03b5\u03c0\u03b9\u03bb\u03ad\u03be\u03b5\u03b9\u03c2 \u03c4\u03b7\u03bd \u03ac\u03bd\u03b5\u03c3\u03b7 \u03ba\u03b1\u03b9 \u03c4\u03b7\u03bd \u03b1\u03c3\u03c6\u03ac\u03bb\u03b5\u03b9\u03b1 \u03b5\u03bd\u03cc\u03c2 \u03b1\u03c5\u03c4\u03bf\u03ba\u03b9\u03bd\u03ae\u03c4\u03bf\u03c5 \u03ae \u03b8\u03b1 \u03c0\u03c1\u03bf\u03c4\u03b9\u03bc\u03ae\u03c3\u03b5\u03b9\u03c2 \u03c4\u03b7\u03bd \u03b5\u03bb\u03b5\u03c5\u03b8\u03b5\u03c1\u03af\u03b1 \u03ba\u03b1\u03b9 \u03c4\u03bf\u03bd \u03b1\u03ad\u03c1\u03b1 \u03c4\u03b7\u03c2 \u03bc\u03b7\u03c7\u03b1\u03bd\u03ae\u03c2; \u0397 \u03b5\u03c0\u03b9\u03bb\u03bf\u03b3\u03ae \u03b3\u03b9\u03b1 \u03c4\u03b9\u03c2 \u03b4\u03b9\u03b1\u03ba\u03bf\u03c0\u03ad\u03c2 \u03b4\u03b5\u03bd \u03b5\u03af\u03bd\u03b1\u03b9 \u03b5\u03cd\u03ba\u03bf\u03bb\u03b7.","inLanguage":"tr-TR","isPartOf":{"@id":"https:\/\/rentacarigoumenitsa.gr\/tr\/#website"},"breadcrumb":{"@id":"https:\/\/rentacarigoumenitsa.gr\/tr\/aftokinito-i-michani-ti-symferei-perissotero-stis-diakopes\/#breadcrumblist"},"author":{"@id":"https:\/\/rentacarigoumenitsa.gr\/tr\/author\/r234digou\/#author"},"creator":{"@id":"https:\/\/rentacarigoumenitsa.gr\/tr\/author\/r234digou\/#author"},"image":{"@type":"ImageObject","url":"https:\/\/rentacarigoumenitsa.gr\/wp-content\/uploads\/2025\/07\/kgvjn.png","@id":"https:\/\/rentacarigoumenitsa.gr\/tr\/aftokinito-i-michani-ti-symferei-perissotero-stis-diakopes\/#mainImage","width":1080,"height":1080},"primaryImageOfPage":{"@id":"https:\/\/rentacarigoumenitsa.gr\/tr\/aftokinito-i-michani-ti-symferei-perissotero-stis-diakopes\/#mainImage"},"datePublished":"2025-07-19T18:56:50+03:00","dateModified":"2025-07-19T18:56:57+03:00"},{"@type":"WebSite","@id":"https:\/\/rentacarigoumenitsa.gr\/tr\/#website","url":"https:\/\/rentacarigoumenitsa.gr\/tr\/","name":"Rent A Car Igoumenitsa","alternateName":"\u0395\u03bd\u03bf\u03b9\u03ba\u03af\u03b1\u03c3\u03b7 \u03b1\u03c5\u03c4\u03bf\u03ba\u03b9\u03bd\u03ae\u03c4\u03bf\u03c5 \u0397\u03b3\u03bf\u03c5\u03bc\u03b5\u03bd\u03af\u03c4\u03c3\u03b1","inLanguage":"tr-TR","publisher":{"@id":"https:\/\/rentacarigoumenitsa.gr\/tr\/#organization"}}]},"og:locale":"tr_TR","og:site_name":"Rent A Car Igoumenitsa -","og:type":"article","og:title":"\u0391\u03c5\u03c4\u03bf\u03ba\u03af\u03bd\u03b7\u03c4\u03bf \u03ae \u03bc\u03b7\u03c7\u03b1\u03bd\u03ae; \u03a4\u03b9 \u03c3\u03c5\u03bc\u03c6\u03ad\u03c1\u03b5\u03b9 \u03c0\u03b5\u03c1\u03b9\u03c3\u03c3\u03cc\u03c4\u03b5\u03c1\u03bf \u03c3\u03c4\u03b9\u03c2 \u03b4\u03b9\u03b1\u03ba\u03bf\u03c0\u03ad\u03c2","og:description":"\u0398\u03b1 \u03b5\u03c0\u03b9\u03bb\u03ad\u03be\u03b5\u03b9\u03c2 \u03c4\u03b7\u03bd \u03ac\u03bd\u03b5\u03c3\u03b7 \u03ba\u03b1\u03b9 \u03c4\u03b7\u03bd \u03b1\u03c3\u03c6\u03ac\u03bb\u03b5\u03b9\u03b1 \u03b5\u03bd\u03cc\u03c2 \u03b1\u03c5\u03c4\u03bf\u03ba\u03b9\u03bd\u03ae\u03c4\u03bf\u03c5 \u03ae \u03b8\u03b1 \u03c0\u03c1\u03bf\u03c4\u03b9\u03bc\u03ae\u03c3\u03b5\u03b9\u03c2 \u03c4\u03b7\u03bd \u03b5\u03bb\u03b5\u03c5\u03b8\u03b5\u03c1\u03af\u03b1 \u03ba\u03b1\u03b9 \u03c4\u03bf\u03bd \u03b1\u03ad\u03c1\u03b1 \u03c4\u03b7\u03c2 \u03bc\u03b7\u03c7\u03b1\u03bd\u03ae\u03c2; \u0397 \u03b5\u03c0\u03b9\u03bb\u03bf\u03b3\u03ae \u03b3\u03b9\u03b1 \u03c4\u03b9\u03c2 \u03b4\u03b9\u03b1\u03ba\u03bf\u03c0\u03ad\u03c2 \u03b4\u03b5\u03bd \u03b5\u03af\u03bd\u03b1\u03b9 \u03b5\u03cd\u03ba\u03bf\u03bb\u03b7.","og:url":"https:\/\/rentacarigoumenitsa.gr\/tr\/aftokinito-i-michani-ti-symferei-perissotero-stis-diakopes\/","og:image":"https:\/\/rentacarigoumenitsa.gr\/wp-content\/uploads\/2025\/07\/kgvjn.png","og:image:secure_url":"https:\/\/rentacarigoumenitsa.gr\/wp-content\/uploads\/2025\/07\/kgvjn.png","og:image:width":1080,"og:image:height":1080,"article:published_time":"2025-07-19T15:56:50+00:00","article:modified_time":"2025-07-19T15:56:57+00:00","article:publisher":"https:\/\/www.facebook.com\/rentacarigoumenitsa\/","twitter:card":"summary_large_image","twitter:title":"\u0391\u03c5\u03c4\u03bf\u03ba\u03af\u03bd\u03b7\u03c4\u03bf \u03ae \u03bc\u03b7\u03c7\u03b1\u03bd\u03ae; \u03a4\u03b9 \u03c3\u03c5\u03bc\u03c6\u03ad\u03c1\u03b5\u03b9 \u03c0\u03b5\u03c1\u03b9\u03c3\u03c3\u03cc\u03c4\u03b5\u03c1\u03bf \u03c3\u03c4\u03b9\u03c2 \u03b4\u03b9\u03b1\u03ba\u03bf\u03c0\u03ad\u03c2","twitter:description":"\u0398\u03b1 \u03b5\u03c0\u03b9\u03bb\u03ad\u03be\u03b5\u03b9\u03c2 \u03c4\u03b7\u03bd \u03ac\u03bd\u03b5\u03c3\u03b7 \u03ba\u03b1\u03b9 \u03c4\u03b7\u03bd \u03b1\u03c3\u03c6\u03ac\u03bb\u03b5\u03b9\u03b1 \u03b5\u03bd\u03cc\u03c2 \u03b1\u03c5\u03c4\u03bf\u03ba\u03b9\u03bd\u03ae\u03c4\u03bf\u03c5 \u03ae \u03b8\u03b1 \u03c0\u03c1\u03bf\u03c4\u03b9\u03bc\u03ae\u03c3\u03b5\u03b9\u03c2 \u03c4\u03b7\u03bd \u03b5\u03bb\u03b5\u03c5\u03b8\u03b5\u03c1\u03af\u03b1 \u03ba\u03b1\u03b9 \u03c4\u03bf\u03bd \u03b1\u03ad\u03c1\u03b1 \u03c4\u03b7\u03c2 \u03bc\u03b7\u03c7\u03b1\u03bd\u03ae\u03c2; \u0397 \u03b5\u03c0\u03b9\u03bb\u03bf\u03b3\u03ae \u03b3\u03b9\u03b1 \u03c4\u03b9\u03c2 \u03b4\u03b9\u03b1\u03ba\u03bf\u03c0\u03ad\u03c2 \u03b4\u03b5\u03bd \u03b5\u03af\u03bd\u03b1\u03b9 \u03b5\u03cd\u03ba\u03bf\u03bb\u03b7.","twitter:image":"https:\/\/rentacarigoumenitsa.gr\/wp-content\/uploads\/2023\/12\/fb-cover.jpg"},"aioseo_meta_data":{"post_id":"411","title":"#post_title","description":"Bir araban\u0131n konforunu ve g\u00fcvenli\u011fini mi yoksa bir motosikletin \u00f6zg\u00fcrl\u00fc\u011f\u00fcn\u00fc ve havas\u0131n\u0131 m\u0131 se\u00e7eceksiniz? Tatil i\u00e7in se\u00e7im yapmak kolay de\u011fildir.","keywords":null,"keyphrases":{"focus":{"keyphrase":"\u03b4\u03b9\u03b1\u03ba\u03bf\u03c0\u03ad\u03c2","score":62,"analysis":{"keyphraseInTitle":{"score":9,"maxScore":9,"error":0},"keyphraseInDescription":{"score":9,"maxScore":9,"error":0},"keyphraseLength":{"score":-999,"maxScore":9,"error":1,"length":0},"keyphraseInURL":{"score":1,"maxScore":5,"error":1},"keyphraseInIntroduction":{"score":9,"maxScore":9,"error":0},"keyphraseInSubHeadings":{"score":3,"maxScore":9,"error":1},"keyphraseInImageAlt":[],"keywordDensity":{"type":"high","score":0,"maxScore":9,"error":1}}},"additional":[]},"primary_term":null,"canonical_url":null,"og_title":null,"og_description":null,"og_object_type":"default","og_image_type":"default","og_image_url":null,"og_image_width":null,"og_image_height":null,"og_image_custom_url":null,"og_image_custom_fields":null,"og_video":"","og_custom_url":null,"og_article_section":null,"og_article_tags":null,"twitter_use_og":false,"twitter_card":"default","twitter_image_type":"default","twitter_image_url":null,"twitter_image_custom_url":null,"twitter_image_custom_fields":null,"twitter_title":null,"twitter_description":null,"schema":{"blockGraphs":[],"customGraphs":[],"default":{"data":{"Article":[],"Course":[],"Dataset":[],"FAQPage":[],"Movie":[],"Person":[],"Product":[],"ProductReview":[],"Car":[],"Recipe":[],"Service":[],"SoftwareApplication":[],"WebPage":[]},"graphName":"BlogPosting","isEnabled":true},"graphs":[]},"schema_type":"default","schema_type_options":null,"pillar_content":false,"robots_default":true,"robots_noindex":false,"robots_noarchive":false,"robots_nosnippet":false,"robots_nofollow":false,"robots_noimageindex":false,"robots_noodp":false,"robots_notranslate":false,"robots_max_snippet":"-1","robots_max_videopreview":"-1","robots_max_imagepreview":"large","priority":null,"frequency":"default","local_seo":null,"seo_analyzer_scan_date":"2025-09-19 10:59:42","breadcrumb_settings":null,"limit_modified_date":false,"open_ai":null,"ai":{"faqs":[],"keyPoints":[],"titles":[],"descriptions":[],"socialPosts":{"email":[],"linkedin":[],"twitter":[],"facebook":[],"instagram":[]}},"created":"2025-07-19 15:56:51","updated":"2025-12-03 13:22:12"},"aioseo_breadcrumb":"<div class=\"aioseo-breadcrumbs\"><span class=\"aioseo-breadcrumb\">\n\t<a href=\"https:\/\/rentacarigoumenitsa.gr\/tr\" title=\"Home\">Home<\/a>\n<\/span><span class=\"aioseo-breadcrumb-separator\">&raquo;<\/span><span class=\"aioseo-breadcrumb\">\n\t<a href=\"https:\/\/rentacarigoumenitsa.gr\/tr\/category\/%ce%b5%ce%bd%ce%bf%ce%b9%ce%ba%ce%af%ce%b1%cf%83%ce%b7-%ce%b1%cf%85%cf%84%ce%bf%ce%ba%ce%b9%ce%bd%ce%ae%cf%84%ce%bf%cf%85\/\" title=\"\u0395\u03bd\u03bf\u03b9\u03ba\u03af\u03b1\u03c3\u03b7 \u0391\u03c5\u03c4\u03bf\u03ba\u03b9\u03bd\u03ae\u03c4\u03bf\u03c5\">\u0395\u03bd\u03bf\u03b9\u03ba\u03af\u03b1\u03c3\u03b7 \u0391\u03c5\u03c4\u03bf\u03ba\u03b9\u03bd\u03ae\u03c4\u03bf\u03c5<\/a>\n<\/span><span class=\"aioseo-breadcrumb-separator\">&raquo;<\/span><span class=\"aioseo-breadcrumb\">\n\t\u0391\u03c5\u03c4\u03bf\u03ba\u03af\u03bd\u03b7\u03c4\u03bf \u03ae \u03bc\u03b7\u03c7\u03b1\u03bd\u03ae; \u03a4\u03b9 \u03c3\u03c5\u03bc\u03c6\u03ad\u03c1\u03b5\u03b9 \u03c0\u03b5\u03c1\u03b9\u03c3\u03c3\u03cc\u03c4\u03b5\u03c1\u03bf \u03c3\u03c4\u03b9\u03c2 \u03b4\u03b9\u03b1\u03ba\u03bf\u03c0\u03ad\u03c2\n<\/span><\/div>","aioseo_breadcrumb_json":[{"label":"Home","link":"https:\/\/rentacarigoumenitsa.gr\/tr"},{"label":"\u0395\u03bd\u03bf\u03b9\u03ba\u03af\u03b1\u03c3\u03b7 \u0391\u03c5\u03c4\u03bf\u03ba\u03b9\u03bd\u03ae\u03c4\u03bf\u03c5","link":"https:\/\/rentacarigoumenitsa.gr\/tr\/category\/%ce%b5%ce%bd%ce%bf%ce%b9%ce%ba%ce%af%ce%b1%cf%83%ce%b7-%ce%b1%cf%85%cf%84%ce%bf%ce%ba%ce%b9%ce%bd%ce%ae%cf%84%ce%bf%cf%85\/"},{"label":"\u0391\u03c5\u03c4\u03bf\u03ba\u03af\u03bd\u03b7\u03c4\u03bf \u03ae \u03bc\u03b7\u03c7\u03b1\u03bd\u03ae; \u03a4\u03b9 \u03c3\u03c5\u03bc\u03c6\u03ad\u03c1\u03b5\u03b9 \u03c0\u03b5\u03c1\u03b9\u03c3\u03c3\u03cc\u03c4\u03b5\u03c1\u03bf \u03c3\u03c4\u03b9\u03c2 \u03b4\u03b9\u03b1\u03ba\u03bf\u03c0\u03ad\u03c2","link":"https:\/\/rentacarigoumenitsa.gr\/tr\/aftokinito-i-michani-ti-symferei-perissotero-stis-diakopes\/"}],"_links":{"self":[{"href":"https:\/\/rentacarigoumenitsa.gr\/tr\/wp-json\/wp\/v2\/posts\/411","targetHints":{"allow":["GET"]}}],"collection":[{"href":"https:\/\/rentacarigoumenitsa.gr\/tr\/wp-json\/wp\/v2\/posts"}],"about":[{"href":"https:\/\/rentacarigoumenitsa.gr\/tr\/wp-json\/wp\/v2\/types\/post"}],"author":[{"embeddable":true,"href":"https:\/\/rentacarigoumenitsa.gr\/tr\/wp-json\/wp\/v2\/users\/1"}],"replies":[{"embeddable":true,"href":"https:\/\/rentacarigoumenitsa.gr\/tr\/wp-json\/wp\/v2\/comments?post=411"}],"version-history":[{"count":1,"href":"https:\/\/rentacarigoumenitsa.gr\/tr\/wp-json\/wp\/v2\/posts\/411\/revisions"}],"predecessor-version":[{"id":413,"href":"https:\/\/rentacarigoumenitsa.gr\/tr\/wp-json\/wp\/v2\/posts\/411\/revisions\/413"}],"wp:featuredmedia":[{"embeddable":true,"href":"https:\/\/rentacarigoumenitsa.gr\/tr\/wp-json\/wp\/v2\/media\/412"}],"wp:attachment":[{"href":"https:\/\/rentacarigoumenitsa.gr\/tr\/wp-json\/wp\/v2\/media?parent=411"}],"wp:term":[{"taxonomy":"category","embeddable":true,"href":"https:\/\/rentacarigoumenitsa.gr\/tr\/wp-json\/wp\/v2\/categories?post=411"},{"taxonomy":"post_tag","embeddable":true,"href":"https:\/\/rentacarigoumenitsa.gr\/tr\/wp-json\/wp\/v2\/tags?post=411"}],"curies":[{"name":"wp","href":"https:\/\/api.w.org\/{rel}","templated":true}]}}