{"id":307,"date":"2024-02-29T10:44:45","date_gmt":"2024-02-29T07:44:45","guid":{"rendered":"https:\/\/rentacarigoumenitsa.gr\/?p=307"},"modified":"2024-02-29T14:00:55","modified_gmt":"2024-02-29T11:00:55","slug":"%ce%b5%ce%bd%ce%b1%ce%bb%ce%bb%ce%b1%ce%ba%cf%84%ce%b9%ce%ba%cf%8c%cf%82-%cf%84%ce%bf%cf%85%cf%81%ce%b9%cf%83%ce%bc%cf%8c%cf%82-%cf%83%cf%84%ce%b7%ce%bd-%ce%b8%ce%b5%cf%83%cf%80%cf%81%cf%89%cf%84%ce%af%ce%b1","status":"publish","type":"post","link":"https:\/\/rentacarigoumenitsa.gr\/tr\/%ce%b5%ce%bd%ce%b1%ce%bb%ce%bb%ce%b1%ce%ba%cf%84%ce%b9%ce%ba%cf%8c%cf%82-%cf%84%ce%bf%cf%85%cf%81%ce%b9%cf%83%ce%bc%cf%8c%cf%82-%cf%83%cf%84%ce%b7%ce%bd-%ce%b8%ce%b5%cf%83%cf%80%cf%81%cf%89%cf%84%ce%af%ce%b1\/","title":{"rendered":"Thesprotia'da Alternatif Turizm"},"content":{"rendered":"<p>Son y\u0131llarda Thesprotia'da \u015farap turizmi, gastronomi turizmi, do\u011fa turizmi, inan\u00e7 turizmi ve sa\u011fl\u0131k turizmi gibi \u00e7e\u015fitli \u015fekillerde alternatif turizm geli\u015fmektedir.<\/p>\n\n\n\n<p>Bunlar, pop\u00fcler turizm bi\u00e7imlerinden farkl\u0131 oldu\u011fu kadar benzer beklenti ve gereksinimlere sahip belirli bir kitleye hitap eden turizm bi\u00e7imleridir.<\/p>\n\n\n\n<p>Do\u011fa Turizmi veya Ekoturizm<\/p>\n\n\n\n<p>\u0397 <a href=\"https:\/\/rentacarigoumenitsa.gr\/tr\/saran-ribeiro\/\" title=\"The Thesprotia Riviera\">Thesprotia<\/a>co\u011frafi \u00f6zelli\u011fi nedeniyle etkileyici plajlar\u0131n\u0131n yan\u0131 s\u0131ra da\u011flar\u0131, nehirleri, ge\u00e7itleri ve \u00e7ok say\u0131da ye\u015filli\u011fi bir araya getirmektedir.<\/p>\n\n\n\n<p>Acherontas nehri, \u00fcnl\u00fc Souli'nin alt\u0131ndaki Glyki k\u00f6y\u00fcnde bulunan ve ayn\u0131 ad\u0131 ta\u015f\u0131yan kaynaklar\u0131yla bir referans noktas\u0131d\u0131r. Sakin ve kristal berrakl\u0131\u011f\u0131nda bir nehre sahip, sonsuz do\u011fal g\u00fczelli\u011fe sahip ye\u015fil bir alan. Ziyaret\u00e7iler nehri y\u00fcr\u00fcyerek ge\u00e7me, Charon'un Hades'in kap\u0131lar\u0131ndan Acheron'un a\u011fz\u0131na kadar olan rotas\u0131n\u0131 g\u00f6rme, sular\u0131n kaynaklardan nas\u0131l f\u0131\u015fk\u0131rd\u0131\u011f\u0131n\u0131 deneyimleme ve g\u00f6rme f\u0131rsat\u0131na sahiptir. B\u00f6lgede konaklama, yiyecek i\u00e7ecek i\u015fletmeleri ve a\u015fa\u011f\u0131daki gibi faaliyetler bulunmaktad\u0131r <a href=\"https:\/\/acheron-rafting.gr\" target=\"_blank\" rel=\"noopener\" title=\"rafting\">rafting<\/a>, kano kay\u0131k, binicilik vb.<\/p>\n\n\n\n<p>Acheron d\u0131\u015f\u0131nda Kalamas nehri ve Thesprotia'n\u0131n Filiatos b\u00f6lgesinde (Lagari Bo\u011faz\u0131, Lagavitsa) da\u011fl\u0131k Paramythia'da ve Souli'de (Tzavelaina merdiveni) bir\u00e7ok da\u011f rotas\u0131 bulunmaktad\u0131r.<\/p>\n\n\n\n<p>Rotalar kolay veya orta derecede zor olarak nitelendirilse de, b\u00f6lgede deneyimli da\u011f rehberleri ve ziyaret\u00e7ilerin yararl\u0131 bilgiler ve de\u011ferli yard\u0131mlar alabilece\u011fi organize bir da\u011fc\u0131l\u0131k kul\u00fcb\u00fc (EOSI) bulunmaktad\u0131r. Ayr\u0131ca, Thesprotia \u00e7ok misafirperver bir halkt\u0131r.<\/p>\n\n\n\n<p>\u0130nan\u00e7 Turizmi<\/p>\n\n\n\n<p>Thesprotia, dini turizmde \u00e7ok yayg\u0131n olmasa da, e\u015fsiz g\u00fczellikte bir manast\u0131ra, Gyromeri Meryem Ana'n\u0131n G\u00f6\u011fe Y\u00fckseli\u015fi Kutsal Manast\u0131r\u0131'na sahiptir.&nbsp;<\/p>\n\n\n\n<p>Giromeri Filiata k\u00f6y\u00fcn\u00fcn yukar\u0131s\u0131ndaki misafirperver ve bak\u0131ml\u0131 manast\u0131r, her y\u0131l binlerce hac\u0131 ve turisti \u00e7eken b\u00f6lge i\u00e7in bir referans noktas\u0131d\u0131r.<\/p>\n\n\n\n<p>Ba\u015frahip Methodios ve ke\u015fi\u015fler e\u015fsiz insanlard\u0131r ve her zaman isteklidirler.<\/p>\n\n\n\n<p>Ayr\u0131ca k\u00f6yde <a href=\"https:\/\/el.wikipedia.org\/wiki\/\u039a\u03bf\u03ba\u03ba\u03b9\u03bd\u03bf\u03bb\u03b9\u03b8\u03ac\u03c1\u03b9_\u0398\u03b5\u03c3\u03c0\u03c1\u03c9\u03c4\u03af\u03b1\u03c2\" target=\"_blank\" rel=\"noopener\" title=\"Filiaton&#039;un K\u0131rm\u0131z\u0131 Lithari&#039;si\">Filiaton'un K\u0131rm\u0131z\u0131 Lithari'si<\/a> Meteora'daki manast\u0131rlar gibi bir kayan\u0131n \u00fczerine in\u015fa edilmi\u015f Kutsal Agios Minas Manast\u0131r\u0131'n\u0131 bulacaks\u0131n\u0131z. Ne yaz\u0131k ki manast\u0131r a\u00e7\u0131k de\u011fildir ancak ziyaret\u00e7iler i\u00e7in her zaman a\u00e7\u0131kt\u0131r. Asl\u0131nda, her y\u0131l Agios Minas bayram\u0131nda k\u00f6y meydan\u0131nda b\u00fcy\u00fck bir festival d\u00fczenlenmektedir. Buna ek olarak, k\u00f6y meydan\u0131nda m\u00fckemmel etler sunan e\u015fsiz bir geleneksel kasap tavernas\u0131 t\u00fcm y\u0131l boyunca a\u00e7\u0131kt\u0131r.<\/p>\n\n\n\n<p>Ne yaz\u0131k ki Epir'de ve \u00f6zellikle Thesprotia'da \u00e7ok fazla manast\u0131r yok, \u00e7\u00fcnk\u00fc bir\u00e7o\u011fu kapat\u0131ld\u0131 ve terk edildi ve bu \u00fcz\u00fcc\u00fc.<\/p>\n\n\n\n<p>Thesprotia'daki \u00f6nemli kiliseler Paramythia'daki Aziz Donatos Metropolitlik Kilisesi, Paramythia'daki <a href=\"https:\/\/www.facebook.com\/profile.php?id=801009556668484&amp;paipv=0&amp;eav=AfYuebpM9D5zwQXGMpxHDd5injl441ZaaqF4WNeiAcs07tDhkuJyB0nF5xD7uzIA6Eo&amp;_rdr\" target=\"_blank\" rel=\"noopener\" title=\"M\u00fcjde Kilisesi \u0130gumenitsa\">M\u00fcjde Kilisesi \u0130gumenitsa<\/a>Gardiki'deki Agia Kyriakiaki ve Paramythia'daki Panagia Paramithiotissa.<\/p>\n\n\n\n<p>Oenoturizm &amp; Gastronomi<\/p>\n\n\n\n<p>Thesprotia'da bug\u00fcn s\u00fcrekli b\u00fcy\u00fcyen bir trend ve faaliyete sahip 3 \u015farap imalathanesi bulunmaktad\u0131r. Kalite ve yerel hammadde, onlar\u0131 denemenin ana nedenidir.<\/p>\n\n\n\n<p>Markatselis \u015earaphanesi (<a href=\"http:\/\/www.markatseliswinery.gr\">www.markatseliswinery.gr<\/a>) Finiki Filiates'te, Thesprotia'n\u0131n en eskisi, Bay Spyros Markatselis'ten Alexandros Markatselis'e 2 nesildir. Organik tar\u0131m\u0131n geleneksel ve ziyaret edilebilir bir \u015faraphanesi. Yurtd\u0131\u015f\u0131nda e\u011fitim alm\u0131\u015f profesyonel bir \u015farap \u00fcreticisi olan Alexandros, size \u015faraphaneyi gezdirecek, mekan\u0131 gezdirecek, yerel \u00fcr\u00fcnleri tatt\u0131racak ve e\u015fsiz \u015faraplar\u0131 tatma f\u0131rsat\u0131 verecektir. Kendisi ayn\u0131 zamanda b\u00f6lgenin m\u00fckemmel bir uzman\u0131d\u0131r ve Filiata b\u00f6lgesinde e\u015fsiz da\u011f rotalar\u0131 bulman\u0131za yard\u0131mc\u0131 olmaya her zaman isteklidir.<\/p>\n\n\n\n<p>Finiki k\u00f6y\u00fcnde ayr\u0131ca ziyaret\u00e7ileri \u015fa\u015f\u0131rtacak nadir yerel lezzetler sunan geleneksel bir m\u00fczik kafe olan Gastrokafene'yi bulacaks\u0131n\u0131z.<\/p>\n\n\n\n<p>Ayr\u0131ca Polydroso'da sizi \u015fa\u015f\u0131rtacak e\u015fsiz bir gastronomik kafe olan Omonia Caf\u00e9'yi bulacaks\u0131n\u0131z. E\u015fsiz etler, yerel ve nadir mantarlar.<\/p>\n\n\n\n<p>Genel olarak Thesprotia'da \u00e7ok iyi ve taze yemekler sunan bir\u00e7ok restoran bulacaks\u0131n\u0131z.&nbsp;<\/p>\n\n\n\n<p>B\u00f6lge, \u00e7ok kaliteli koyun eti, yerel geleneksel s\u00fct \u00fcr\u00fcnleri ve m\u00fckemmel kalitede deniz \u00fcr\u00fcnleri ve bal\u0131klar\u0131yla \u00fcnl\u00fcd\u00fcr.<\/p>\n\n\n\n<p>Sa\u011fl\u0131k turizmi&nbsp;<\/p>\n\n\n\n<p>Thesprotia son zamanlarda do\u011frudan ya da dolayl\u0131 olarak medikal turizmin geli\u015fmesi i\u00e7in gerekli ko\u015fullar\u0131 yaratan bir b\u00f6lge olmu\u015ftur.<\/p>\n\n\n\n<p>Korfu ve Paxos adalar\u0131ndaki sa\u011fl\u0131k sisteminin yetersizli\u011fi nedeniyle, bu adalarda ya\u015fayanlar ve kom\u015fu Arnavutlar, b\u00f6lgede bir acil servis ve bir hastane bulunmas\u0131 nedeniyle sa\u011fl\u0131k hizmetleri i\u00e7in \u0130gumenitsa ve Filiates'i tercih etmektedir.&nbsp;<\/p>\n\n\n\n<p>Kamu sa\u011fl\u0131k sistemi ve \u00f6zel doktorlar bir ta\u015fra kasabas\u0131 i\u00e7in olduk\u00e7a tatmin edici d\u00fczeydedir. Ayr\u0131ca, bir saatten daha k\u0131sa bir mesafede bulunan Yanya'da y\u00fcksek kalitede hastaneler ve doktorlar bulunmaktad\u0131r.&nbsp;<\/p>\n\n\n\n<p>Sa\u011fl\u0131k hizmetine ihtiya\u00e7 duyan bir\u00e7ok ziyaret\u00e7i \u0130gumenitsa liman\u0131ndan araba kiralamay\u0131 veya b\u00f6lgedeki otellerde ve konaklama yerlerinde kalmay\u0131 tercih etmektedir.<\/p>\n\n\n\n<p>Thesprotia, geleneksel turizmin yan\u0131 s\u0131ra alternatif turizmin geli\u015fmesi i\u00e7in de do\u011fru yoldad\u0131r. &nbsp;<\/p>","protected":false},"excerpt":{"rendered":"<p>\u03a3\u03c4\u03b7 \u0398\u03b5\u03c3\u03c0\u03c1\u03c9\u03c4\u03af\u03b1 \u03c4\u03b1 \u03c4\u03b5\u03bb\u03b5\u03c5\u03c4\u03b1\u03af\u03b1 \u03c7\u03c1\u03cc\u03bd\u03b9\u03b1 \u03b1\u03bd\u03b1\u03c0\u03c4\u03cd\u03c3\u03c3\u03b5\u03c4\u03b1\u03b9 \u03b4\u03b5\u03b9\u03bb\u03ac \u03b4\u03b5\u03b9\u03bb\u03ac \u03bf \u03b5\u03bd\u03b1\u03bb\u03bb\u03b1\u03ba\u03c4\u03b9\u03ba\u03cc\u03c2 \u03c4\u03bf\u03c5\u03c1\u03b9\u03c3\u03bc\u03cc\u03c2 \u03c3\u03b5 \u03b4\u03b9\u03ac\u03c6\u03bf\u03c1\u03b5\u03c2 \u03bc\u03bf\u03c1\u03c6\u03ad\u03c2 \u03c4\u03bf\u03c5, \u03cc\u03c0\u03c9\u03c2 \u03bf \u03bf\u03b9\u03bd\u03bf\u03c4\u03bf\u03c5\u03c1\u03b9\u03c3\u03bc\u03cc\u03c2, \u03bf \u03b3\u03b1\u03c3\u03c4\u03c1\u03bf\u03c4\u03bf\u03c5\u03c1\u03b9\u03c3\u03bc\u03cc\u03c2, \u03bf \u03c6\u03c5\u03c3\u03b9\u03bf\u03bb\u03b1\u03c4\u03c1\u03b9\u03ba\u03cc\u03c2 \u03c4\u03bf\u03c5\u03c1\u03b9\u03c3\u03bc\u03cc\u03c2, \u03bf \u03b8\u03c1\u03b7\u03c3\u03ba\u03b5\u03c5\u03c4\u03b9\u03ba\u03cc\u03c2 \u03c4\u03bf\u03c5\u03c1\u03b9\u03c3\u03bc\u03cc\u03c2<span class=\"excerpt-hellip\"> [\u2026]<\/span><\/p>\n","protected":false},"author":1,"featured_media":308,"comment_status":"open","ping_status":"open","sticky":false,"template":"","format":"standard","meta":{"footnotes":""},"categories":[50],"tags":[],"class_list":["post-307","post","type-post","status-publish","format-standard","has-post-thumbnail","hentry","category--epirus"],"aioseo_notices":[],"aioseo_head":"\n\t\t<!-- All in One SEO Pro 4.9.4.2 - aioseo.com -->\n\t<meta name=\"description\" content=\"\u039f \u03b5\u03bd\u03b1\u03bb\u03bb\u03b1\u03ba\u03c4\u03b9\u03ba\u03cc\u03c2 \u03c4\u03bf\u03c5\u03c1\u03b9\u03c3\u03bc\u03cc\u03c2 \u03c3\u03c4\u03b7\u03bd \u0398\u03b5\u03c3\u03c0\u03c1\u03c9\u03c4\u03af\u03b1 \u03c4\u03b1 \u03c4\u03b5\u03bb\u03b5\u03c5\u03c4\u03b1\u03af\u03b1 \u03c7\u03c1\u03cc\u03bd\u03b9\u03b1 \u03b1\u03bd\u03b1\u03c0\u03c4\u03cd\u03c3\u03c3\u03b5\u03c4\u03b1\u03b9 \u03b4\u03b5\u03b9\u03bb\u03ac \u03b4\u03b5\u03b9\u03bb\u03ac \u03c3\u03b5 \u03b4\u03b9\u03ac\u03c6\u03bf\u03c1\u03b5\u03c2 \u03bc\u03bf\u03c1\u03c6\u03ad\u03c2 \u03c4\u03bf\u03c5, \u03cc\u03c0\u03c9\u03c2 \u03bf \u03bf\u03b9\u03bd\u03bf\u03c4\u03bf\u03c5\u03c1\u03b9\u03c3\u03bc\u03cc\u03c2, \u03bf \u03b3\u03b1\u03c3\u03c4\u03c1\u03bf\u03c4\u03bf\u03c5\u03c1\u03b9\u03c3\u03bc\u03cc\u03c2 \u03ba\u03b1\u03b9 \u03ac\u03bb\u03bb\u03b5\u03c2.\" \/>\n\t<meta name=\"robots\" content=\"max-image-preview:large\" \/>\n\t<meta name=\"author\" content=\"Rent A Car Igoumenitsa\"\/>\n\t<meta name=\"google-site-verification\" content=\"S6xm9OozgzUNlz1XGUsqKaiQUGsb8eKTPjRIqVmbJRU\" \/>\n\t<link rel=\"canonical\" href=\"https:\/\/rentacarigoumenitsa.gr\/tr\/%ce%b5%ce%bd%ce%b1%ce%bb%ce%bb%ce%b1%ce%ba%cf%84%ce%b9%ce%ba%cf%8c%cf%82-%cf%84%ce%bf%cf%85%cf%81%ce%b9%cf%83%ce%bc%cf%8c%cf%82-%cf%83%cf%84%ce%b7%ce%bd-%ce%b8%ce%b5%cf%83%cf%80%cf%81%cf%89%cf%84%ce%af%ce%b1\/\" \/>\n\t<meta name=\"generator\" content=\"All in One SEO Pro (AIOSEO) 4.9.4.2\" \/>\n\t\t<meta property=\"og:locale\" content=\"tr_TR\" \/>\n\t\t<meta property=\"og:site_name\" content=\"Rent A Car Igoumenitsa -\" \/>\n\t\t<meta property=\"og:type\" content=\"article\" \/>\n\t\t<meta property=\"og:title\" content=\"\u0395\u03bd\u03b1\u03bb\u03bb\u03b1\u03ba\u03c4\u03b9\u03ba\u03cc\u03c2 \u03a4\u03bf\u03c5\u03c1\u03b9\u03c3\u03bc\u03cc\u03c2 \u03c3\u03c4\u03b7\u03bd \u0398\u03b5\u03c3\u03c0\u03c1\u03c9\u03c4\u03af\u03b1 - \u0397 \u03b1\u03bd\u03ac\u03c0\u03c4\u03c5\u03be\u03b7\" \/>\n\t\t<meta property=\"og:description\" content=\"\u039f \u03b5\u03bd\u03b1\u03bb\u03bb\u03b1\u03ba\u03c4\u03b9\u03ba\u03cc\u03c2 \u03c4\u03bf\u03c5\u03c1\u03b9\u03c3\u03bc\u03cc\u03c2 \u03c3\u03c4\u03b7\u03bd \u0398\u03b5\u03c3\u03c0\u03c1\u03c9\u03c4\u03af\u03b1 \u03c4\u03b1 \u03c4\u03b5\u03bb\u03b5\u03c5\u03c4\u03b1\u03af\u03b1 \u03c7\u03c1\u03cc\u03bd\u03b9\u03b1 \u03b1\u03bd\u03b1\u03c0\u03c4\u03cd\u03c3\u03c3\u03b5\u03c4\u03b1\u03b9 \u03b4\u03b5\u03b9\u03bb\u03ac \u03b4\u03b5\u03b9\u03bb\u03ac \u03c3\u03b5 \u03b4\u03b9\u03ac\u03c6\u03bf\u03c1\u03b5\u03c2 \u03bc\u03bf\u03c1\u03c6\u03ad\u03c2 \u03c4\u03bf\u03c5, \u03cc\u03c0\u03c9\u03c2 \u03bf \u03bf\u03b9\u03bd\u03bf\u03c4\u03bf\u03c5\u03c1\u03b9\u03c3\u03bc\u03cc\u03c2, \u03bf \u03b3\u03b1\u03c3\u03c4\u03c1\u03bf\u03c4\u03bf\u03c5\u03c1\u03b9\u03c3\u03bc\u03cc\u03c2 \u03ba\u03b1\u03b9 \u03ac\u03bb\u03bb\u03b5\u03c2.\" \/>\n\t\t<meta property=\"og:url\" content=\"https:\/\/rentacarigoumenitsa.gr\/tr\/%ce%b5%ce%bd%ce%b1%ce%bb%ce%bb%ce%b1%ce%ba%cf%84%ce%b9%ce%ba%cf%8c%cf%82-%cf%84%ce%bf%cf%85%cf%81%ce%b9%cf%83%ce%bc%cf%8c%cf%82-%cf%83%cf%84%ce%b7%ce%bd-%ce%b8%ce%b5%cf%83%cf%80%cf%81%cf%89%cf%84%ce%af%ce%b1\/\" \/>\n\t\t<meta property=\"og:image\" content=\"https:\/\/rentacarigoumenitsa.gr\/wp-content\/uploads\/2024\/02\/travel-to-greece-mediterranean-islands-outside-to-2023-11-27-05-14-05-utc-scaled.jpg\" \/>\n\t\t<meta property=\"og:image:secure_url\" content=\"https:\/\/rentacarigoumenitsa.gr\/wp-content\/uploads\/2024\/02\/travel-to-greece-mediterranean-islands-outside-to-2023-11-27-05-14-05-utc-scaled.jpg\" \/>\n\t\t<meta property=\"og:image:width\" content=\"2560\" \/>\n\t\t<meta property=\"og:image:height\" content=\"1659\" \/>\n\t\t<meta property=\"article:published_time\" content=\"2024-02-29T07:44:45+00:00\" \/>\n\t\t<meta property=\"article:modified_time\" content=\"2024-02-29T11:00:55+00:00\" \/>\n\t\t<meta property=\"article:publisher\" content=\"https:\/\/www.facebook.com\/rentacarigoumenitsa\/\" \/>\n\t\t<meta name=\"twitter:card\" content=\"summary_large_image\" \/>\n\t\t<meta name=\"twitter:title\" content=\"\u0395\u03bd\u03b1\u03bb\u03bb\u03b1\u03ba\u03c4\u03b9\u03ba\u03cc\u03c2 \u03a4\u03bf\u03c5\u03c1\u03b9\u03c3\u03bc\u03cc\u03c2 \u03c3\u03c4\u03b7\u03bd \u0398\u03b5\u03c3\u03c0\u03c1\u03c9\u03c4\u03af\u03b1 - \u0397 \u03b1\u03bd\u03ac\u03c0\u03c4\u03c5\u03be\u03b7\" \/>\n\t\t<meta name=\"twitter:description\" content=\"\u039f \u03b5\u03bd\u03b1\u03bb\u03bb\u03b1\u03ba\u03c4\u03b9\u03ba\u03cc\u03c2 \u03c4\u03bf\u03c5\u03c1\u03b9\u03c3\u03bc\u03cc\u03c2 \u03c3\u03c4\u03b7\u03bd \u0398\u03b5\u03c3\u03c0\u03c1\u03c9\u03c4\u03af\u03b1 \u03c4\u03b1 \u03c4\u03b5\u03bb\u03b5\u03c5\u03c4\u03b1\u03af\u03b1 \u03c7\u03c1\u03cc\u03bd\u03b9\u03b1 \u03b1\u03bd\u03b1\u03c0\u03c4\u03cd\u03c3\u03c3\u03b5\u03c4\u03b1\u03b9 \u03b4\u03b5\u03b9\u03bb\u03ac \u03b4\u03b5\u03b9\u03bb\u03ac \u03c3\u03b5 \u03b4\u03b9\u03ac\u03c6\u03bf\u03c1\u03b5\u03c2 \u03bc\u03bf\u03c1\u03c6\u03ad\u03c2 \u03c4\u03bf\u03c5, \u03cc\u03c0\u03c9\u03c2 \u03bf \u03bf\u03b9\u03bd\u03bf\u03c4\u03bf\u03c5\u03c1\u03b9\u03c3\u03bc\u03cc\u03c2, \u03bf \u03b3\u03b1\u03c3\u03c4\u03c1\u03bf\u03c4\u03bf\u03c5\u03c1\u03b9\u03c3\u03bc\u03cc\u03c2 \u03ba\u03b1\u03b9 \u03ac\u03bb\u03bb\u03b5\u03c2.\" \/>\n\t\t<meta name=\"twitter:image\" content=\"https:\/\/rentacarigoumenitsa.gr\/wp-content\/uploads\/2023\/12\/fb-cover.jpg\" \/>\n\t\t<script type=\"application\/ld+json\" class=\"aioseo-schema\">\n\t\t\t{\"@context\":\"https:\\\/\\\/schema.org\",\"@graph\":[{\"@type\":\"BlogPosting\",\"@id\":\"https:\\\/\\\/rentacarigoumenitsa.gr\\\/tr\\\/%ce%b5%ce%bd%ce%b1%ce%bb%ce%bb%ce%b1%ce%ba%cf%84%ce%b9%ce%ba%cf%8c%cf%82-%cf%84%ce%bf%cf%85%cf%81%ce%b9%cf%83%ce%bc%cf%8c%cf%82-%cf%83%cf%84%ce%b7%ce%bd-%ce%b8%ce%b5%cf%83%cf%80%cf%81%cf%89%cf%84%ce%af%ce%b1\\\/#blogposting\",\"name\":\"\\u0395\\u03bd\\u03b1\\u03bb\\u03bb\\u03b1\\u03ba\\u03c4\\u03b9\\u03ba\\u03cc\\u03c2 \\u03a4\\u03bf\\u03c5\\u03c1\\u03b9\\u03c3\\u03bc\\u03cc\\u03c2 \\u03c3\\u03c4\\u03b7\\u03bd \\u0398\\u03b5\\u03c3\\u03c0\\u03c1\\u03c9\\u03c4\\u03af\\u03b1 - \\u0397 \\u03b1\\u03bd\\u03ac\\u03c0\\u03c4\\u03c5\\u03be\\u03b7\",\"headline\":\"\\u0395\\u03bd\\u03b1\\u03bb\\u03bb\\u03b1\\u03ba\\u03c4\\u03b9\\u03ba\\u03cc\\u03c2 \\u03a4\\u03bf\\u03c5\\u03c1\\u03b9\\u03c3\\u03bc\\u03cc\\u03c2 \\u03c3\\u03c4\\u03b7\\u03bd \\u0398\\u03b5\\u03c3\\u03c0\\u03c1\\u03c9\\u03c4\\u03af\\u03b1\",\"author\":{\"@id\":\"https:\\\/\\\/rentacarigoumenitsa.gr\\\/tr\\\/author\\\/r234digou\\\/#author\"},\"publisher\":{\"@id\":\"https:\\\/\\\/rentacarigoumenitsa.gr\\\/tr\\\/#organization\"},\"image\":{\"@type\":\"ImageObject\",\"url\":\"https:\\\/\\\/rentacarigoumenitsa.gr\\\/wp-content\\\/uploads\\\/2024\\\/02\\\/travel-to-greece-mediterranean-islands-outside-to-2023-11-27-05-14-05-utc-scaled.jpg\",\"width\":2560,\"height\":1659},\"datePublished\":\"2024-02-29T10:44:45+03:00\",\"dateModified\":\"2024-02-29T14:00:55+03:00\",\"inLanguage\":\"tr-TR\",\"mainEntityOfPage\":{\"@id\":\"https:\\\/\\\/rentacarigoumenitsa.gr\\\/tr\\\/%ce%b5%ce%bd%ce%b1%ce%bb%ce%bb%ce%b1%ce%ba%cf%84%ce%b9%ce%ba%cf%8c%cf%82-%cf%84%ce%bf%cf%85%cf%81%ce%b9%cf%83%ce%bc%cf%8c%cf%82-%cf%83%cf%84%ce%b7%ce%bd-%ce%b8%ce%b5%cf%83%cf%80%cf%81%cf%89%cf%84%ce%af%ce%b1\\\/#webpage\"},\"isPartOf\":{\"@id\":\"https:\\\/\\\/rentacarigoumenitsa.gr\\\/tr\\\/%ce%b5%ce%bd%ce%b1%ce%bb%ce%bb%ce%b1%ce%ba%cf%84%ce%b9%ce%ba%cf%8c%cf%82-%cf%84%ce%bf%cf%85%cf%81%ce%b9%cf%83%ce%bc%cf%8c%cf%82-%cf%83%cf%84%ce%b7%ce%bd-%ce%b8%ce%b5%cf%83%cf%80%cf%81%cf%89%cf%84%ce%af%ce%b1\\\/#webpage\"},\"articleSection\":\"\\u03a4\\u03bf\\u03c5\\u03c1\\u03b9\\u03c3\\u03bc\\u03cc\\u03c2 - \\u0389\\u03c0\\u03b5\\u03b9\\u03c1\\u03bf\\u03c2\"},{\"@type\":\"BreadcrumbList\",\"@id\":\"https:\\\/\\\/rentacarigoumenitsa.gr\\\/tr\\\/%ce%b5%ce%bd%ce%b1%ce%bb%ce%bb%ce%b1%ce%ba%cf%84%ce%b9%ce%ba%cf%8c%cf%82-%cf%84%ce%bf%cf%85%cf%81%ce%b9%cf%83%ce%bc%cf%8c%cf%82-%cf%83%cf%84%ce%b7%ce%bd-%ce%b8%ce%b5%cf%83%cf%80%cf%81%cf%89%cf%84%ce%af%ce%b1\\\/#breadcrumblist\",\"itemListElement\":[{\"@type\":\"ListItem\",\"@id\":\"https:\\\/\\\/rentacarigoumenitsa.gr\\\/tr#listItem\",\"position\":1,\"name\":\"Home\",\"item\":\"https:\\\/\\\/rentacarigoumenitsa.gr\\\/tr\",\"nextItem\":{\"@type\":\"ListItem\",\"@id\":\"https:\\\/\\\/rentacarigoumenitsa.gr\\\/tr\\\/category\\\/%cf%84%ce%bf%cf%85%cf%81%ce%b9%cf%83%ce%bc%cf%8c%cf%82-epirus\\\/#listItem\",\"name\":\"\\u03a4\\u03bf\\u03c5\\u03c1\\u03b9\\u03c3\\u03bc\\u03cc\\u03c2 - \\u0389\\u03c0\\u03b5\\u03b9\\u03c1\\u03bf\\u03c2\"}},{\"@type\":\"ListItem\",\"@id\":\"https:\\\/\\\/rentacarigoumenitsa.gr\\\/tr\\\/category\\\/%cf%84%ce%bf%cf%85%cf%81%ce%b9%cf%83%ce%bc%cf%8c%cf%82-epirus\\\/#listItem\",\"position\":2,\"name\":\"\\u03a4\\u03bf\\u03c5\\u03c1\\u03b9\\u03c3\\u03bc\\u03cc\\u03c2 - \\u0389\\u03c0\\u03b5\\u03b9\\u03c1\\u03bf\\u03c2\",\"item\":\"https:\\\/\\\/rentacarigoumenitsa.gr\\\/tr\\\/category\\\/%cf%84%ce%bf%cf%85%cf%81%ce%b9%cf%83%ce%bc%cf%8c%cf%82-epirus\\\/\",\"nextItem\":{\"@type\":\"ListItem\",\"@id\":\"https:\\\/\\\/rentacarigoumenitsa.gr\\\/tr\\\/%ce%b5%ce%bd%ce%b1%ce%bb%ce%bb%ce%b1%ce%ba%cf%84%ce%b9%ce%ba%cf%8c%cf%82-%cf%84%ce%bf%cf%85%cf%81%ce%b9%cf%83%ce%bc%cf%8c%cf%82-%cf%83%cf%84%ce%b7%ce%bd-%ce%b8%ce%b5%cf%83%cf%80%cf%81%cf%89%cf%84%ce%af%ce%b1\\\/#listItem\",\"name\":\"\\u0395\\u03bd\\u03b1\\u03bb\\u03bb\\u03b1\\u03ba\\u03c4\\u03b9\\u03ba\\u03cc\\u03c2 \\u03a4\\u03bf\\u03c5\\u03c1\\u03b9\\u03c3\\u03bc\\u03cc\\u03c2 \\u03c3\\u03c4\\u03b7\\u03bd \\u0398\\u03b5\\u03c3\\u03c0\\u03c1\\u03c9\\u03c4\\u03af\\u03b1\"},\"previousItem\":{\"@type\":\"ListItem\",\"@id\":\"https:\\\/\\\/rentacarigoumenitsa.gr\\\/tr#listItem\",\"name\":\"Home\"}},{\"@type\":\"ListItem\",\"@id\":\"https:\\\/\\\/rentacarigoumenitsa.gr\\\/tr\\\/%ce%b5%ce%bd%ce%b1%ce%bb%ce%bb%ce%b1%ce%ba%cf%84%ce%b9%ce%ba%cf%8c%cf%82-%cf%84%ce%bf%cf%85%cf%81%ce%b9%cf%83%ce%bc%cf%8c%cf%82-%cf%83%cf%84%ce%b7%ce%bd-%ce%b8%ce%b5%cf%83%cf%80%cf%81%cf%89%cf%84%ce%af%ce%b1\\\/#listItem\",\"position\":3,\"name\":\"\\u0395\\u03bd\\u03b1\\u03bb\\u03bb\\u03b1\\u03ba\\u03c4\\u03b9\\u03ba\\u03cc\\u03c2 \\u03a4\\u03bf\\u03c5\\u03c1\\u03b9\\u03c3\\u03bc\\u03cc\\u03c2 \\u03c3\\u03c4\\u03b7\\u03bd \\u0398\\u03b5\\u03c3\\u03c0\\u03c1\\u03c9\\u03c4\\u03af\\u03b1\",\"previousItem\":{\"@type\":\"ListItem\",\"@id\":\"https:\\\/\\\/rentacarigoumenitsa.gr\\\/tr\\\/category\\\/%cf%84%ce%bf%cf%85%cf%81%ce%b9%cf%83%ce%bc%cf%8c%cf%82-epirus\\\/#listItem\",\"name\":\"\\u03a4\\u03bf\\u03c5\\u03c1\\u03b9\\u03c3\\u03bc\\u03cc\\u03c2 - \\u0389\\u03c0\\u03b5\\u03b9\\u03c1\\u03bf\\u03c2\"}}]},{\"@type\":\"Organization\",\"@id\":\"https:\\\/\\\/rentacarigoumenitsa.gr\\\/tr\\\/#organization\",\"name\":\"Rent A Car Igoumenitsa\",\"url\":\"https:\\\/\\\/rentacarigoumenitsa.gr\\\/tr\\\/\",\"email\":\"igourent@gmail.com\",\"telephone\":\"+302665027666\",\"logo\":{\"@type\":\"ImageObject\",\"url\":\"https:\\\/\\\/rentacarigoumenitsa.gr\\\/wp-content\\\/uploads\\\/2023\\\/11\\\/logo-mobile.png\",\"@id\":\"https:\\\/\\\/rentacarigoumenitsa.gr\\\/tr\\\/%ce%b5%ce%bd%ce%b1%ce%bb%ce%bb%ce%b1%ce%ba%cf%84%ce%b9%ce%ba%cf%8c%cf%82-%cf%84%ce%bf%cf%85%cf%81%ce%b9%cf%83%ce%bc%cf%8c%cf%82-%cf%83%cf%84%ce%b7%ce%bd-%ce%b8%ce%b5%cf%83%cf%80%cf%81%cf%89%cf%84%ce%af%ce%b1\\\/#organizationLogo\",\"width\":250,\"height\":100},\"image\":{\"@id\":\"https:\\\/\\\/rentacarigoumenitsa.gr\\\/tr\\\/%ce%b5%ce%bd%ce%b1%ce%bb%ce%bb%ce%b1%ce%ba%cf%84%ce%b9%ce%ba%cf%8c%cf%82-%cf%84%ce%bf%cf%85%cf%81%ce%b9%cf%83%ce%bc%cf%8c%cf%82-%cf%83%cf%84%ce%b7%ce%bd-%ce%b8%ce%b5%cf%83%cf%80%cf%81%cf%89%cf%84%ce%af%ce%b1\\\/#organizationLogo\"},\"sameAs\":[\"https:\\\/\\\/www.facebook.com\\\/rentacarigoumenitsa\\\/\",\"https:\\\/\\\/www.instagram.com\\\/rentcarigoumenitsa\\\/\",\"https:\\\/\\\/www.youtube.com\\\/@rentacarigoumenitsa\"],\"address\":{\"@id\":\"https:\\\/\\\/rentacarigoumenitsa.gr\\\/tr\\\/#postaladdress\",\"@type\":\"PostalAddress\",\"streetAddress\":\"Agion Apostolon 39-41,\",\"postalCode\":\"46100\",\"addressLocality\":\"Igoumenitsa\",\"addressRegion\":\"Thesprotia\",\"addressCountry\":\"GR\"},\"vatID\":\"EL121704960\"},{\"@type\":\"Person\",\"@id\":\"https:\\\/\\\/rentacarigoumenitsa.gr\\\/tr\\\/author\\\/r234digou\\\/#author\",\"url\":\"https:\\\/\\\/rentacarigoumenitsa.gr\\\/tr\\\/author\\\/r234digou\\\/\",\"name\":\"Rent A Car Igoumenitsa\",\"image\":{\"@type\":\"ImageObject\",\"@id\":\"https:\\\/\\\/rentacarigoumenitsa.gr\\\/tr\\\/%ce%b5%ce%bd%ce%b1%ce%bb%ce%bb%ce%b1%ce%ba%cf%84%ce%b9%ce%ba%cf%8c%cf%82-%cf%84%ce%bf%cf%85%cf%81%ce%b9%cf%83%ce%bc%cf%8c%cf%82-%cf%83%cf%84%ce%b7%ce%bd-%ce%b8%ce%b5%cf%83%cf%80%cf%81%cf%89%cf%84%ce%af%ce%b1\\\/#authorImage\",\"url\":\"https:\\\/\\\/secure.gravatar.com\\\/avatar\\\/b0b84ab4d14d5f8ae68249bf4101f022df1c7a8f51673576528c824772929605?s=96&d=mm&r=g\",\"width\":96,\"height\":96,\"caption\":\"Rent A Car Igoumenitsa\"}},{\"@type\":\"WebPage\",\"@id\":\"https:\\\/\\\/rentacarigoumenitsa.gr\\\/tr\\\/%ce%b5%ce%bd%ce%b1%ce%bb%ce%bb%ce%b1%ce%ba%cf%84%ce%b9%ce%ba%cf%8c%cf%82-%cf%84%ce%bf%cf%85%cf%81%ce%b9%cf%83%ce%bc%cf%8c%cf%82-%cf%83%cf%84%ce%b7%ce%bd-%ce%b8%ce%b5%cf%83%cf%80%cf%81%cf%89%cf%84%ce%af%ce%b1\\\/#webpage\",\"url\":\"https:\\\/\\\/rentacarigoumenitsa.gr\\\/tr\\\/%ce%b5%ce%bd%ce%b1%ce%bb%ce%bb%ce%b1%ce%ba%cf%84%ce%b9%ce%ba%cf%8c%cf%82-%cf%84%ce%bf%cf%85%cf%81%ce%b9%cf%83%ce%bc%cf%8c%cf%82-%cf%83%cf%84%ce%b7%ce%bd-%ce%b8%ce%b5%cf%83%cf%80%cf%81%cf%89%cf%84%ce%af%ce%b1\\\/\",\"name\":\"\\u0395\\u03bd\\u03b1\\u03bb\\u03bb\\u03b1\\u03ba\\u03c4\\u03b9\\u03ba\\u03cc\\u03c2 \\u03a4\\u03bf\\u03c5\\u03c1\\u03b9\\u03c3\\u03bc\\u03cc\\u03c2 \\u03c3\\u03c4\\u03b7\\u03bd \\u0398\\u03b5\\u03c3\\u03c0\\u03c1\\u03c9\\u03c4\\u03af\\u03b1 - \\u0397 \\u03b1\\u03bd\\u03ac\\u03c0\\u03c4\\u03c5\\u03be\\u03b7\",\"description\":\"\\u039f \\u03b5\\u03bd\\u03b1\\u03bb\\u03bb\\u03b1\\u03ba\\u03c4\\u03b9\\u03ba\\u03cc\\u03c2 \\u03c4\\u03bf\\u03c5\\u03c1\\u03b9\\u03c3\\u03bc\\u03cc\\u03c2 \\u03c3\\u03c4\\u03b7\\u03bd \\u0398\\u03b5\\u03c3\\u03c0\\u03c1\\u03c9\\u03c4\\u03af\\u03b1 \\u03c4\\u03b1 \\u03c4\\u03b5\\u03bb\\u03b5\\u03c5\\u03c4\\u03b1\\u03af\\u03b1 \\u03c7\\u03c1\\u03cc\\u03bd\\u03b9\\u03b1 \\u03b1\\u03bd\\u03b1\\u03c0\\u03c4\\u03cd\\u03c3\\u03c3\\u03b5\\u03c4\\u03b1\\u03b9 \\u03b4\\u03b5\\u03b9\\u03bb\\u03ac \\u03b4\\u03b5\\u03b9\\u03bb\\u03ac \\u03c3\\u03b5 \\u03b4\\u03b9\\u03ac\\u03c6\\u03bf\\u03c1\\u03b5\\u03c2 \\u03bc\\u03bf\\u03c1\\u03c6\\u03ad\\u03c2 \\u03c4\\u03bf\\u03c5, \\u03cc\\u03c0\\u03c9\\u03c2 \\u03bf \\u03bf\\u03b9\\u03bd\\u03bf\\u03c4\\u03bf\\u03c5\\u03c1\\u03b9\\u03c3\\u03bc\\u03cc\\u03c2, \\u03bf \\u03b3\\u03b1\\u03c3\\u03c4\\u03c1\\u03bf\\u03c4\\u03bf\\u03c5\\u03c1\\u03b9\\u03c3\\u03bc\\u03cc\\u03c2 \\u03ba\\u03b1\\u03b9 \\u03ac\\u03bb\\u03bb\\u03b5\\u03c2.\",\"inLanguage\":\"tr-TR\",\"isPartOf\":{\"@id\":\"https:\\\/\\\/rentacarigoumenitsa.gr\\\/tr\\\/#website\"},\"breadcrumb\":{\"@id\":\"https:\\\/\\\/rentacarigoumenitsa.gr\\\/tr\\\/%ce%b5%ce%bd%ce%b1%ce%bb%ce%bb%ce%b1%ce%ba%cf%84%ce%b9%ce%ba%cf%8c%cf%82-%cf%84%ce%bf%cf%85%cf%81%ce%b9%cf%83%ce%bc%cf%8c%cf%82-%cf%83%cf%84%ce%b7%ce%bd-%ce%b8%ce%b5%cf%83%cf%80%cf%81%cf%89%cf%84%ce%af%ce%b1\\\/#breadcrumblist\"},\"author\":{\"@id\":\"https:\\\/\\\/rentacarigoumenitsa.gr\\\/tr\\\/author\\\/r234digou\\\/#author\"},\"creator\":{\"@id\":\"https:\\\/\\\/rentacarigoumenitsa.gr\\\/tr\\\/author\\\/r234digou\\\/#author\"},\"image\":{\"@type\":\"ImageObject\",\"url\":\"https:\\\/\\\/rentacarigoumenitsa.gr\\\/wp-content\\\/uploads\\\/2024\\\/02\\\/travel-to-greece-mediterranean-islands-outside-to-2023-11-27-05-14-05-utc-scaled.jpg\",\"@id\":\"https:\\\/\\\/rentacarigoumenitsa.gr\\\/tr\\\/%ce%b5%ce%bd%ce%b1%ce%bb%ce%bb%ce%b1%ce%ba%cf%84%ce%b9%ce%ba%cf%8c%cf%82-%cf%84%ce%bf%cf%85%cf%81%ce%b9%cf%83%ce%bc%cf%8c%cf%82-%cf%83%cf%84%ce%b7%ce%bd-%ce%b8%ce%b5%cf%83%cf%80%cf%81%cf%89%cf%84%ce%af%ce%b1\\\/#mainImage\",\"width\":2560,\"height\":1659},\"primaryImageOfPage\":{\"@id\":\"https:\\\/\\\/rentacarigoumenitsa.gr\\\/tr\\\/%ce%b5%ce%bd%ce%b1%ce%bb%ce%bb%ce%b1%ce%ba%cf%84%ce%b9%ce%ba%cf%8c%cf%82-%cf%84%ce%bf%cf%85%cf%81%ce%b9%cf%83%ce%bc%cf%8c%cf%82-%cf%83%cf%84%ce%b7%ce%bd-%ce%b8%ce%b5%cf%83%cf%80%cf%81%cf%89%cf%84%ce%af%ce%b1\\\/#mainImage\"},\"datePublished\":\"2024-02-29T10:44:45+03:00\",\"dateModified\":\"2024-02-29T14:00:55+03:00\"},{\"@type\":\"WebSite\",\"@id\":\"https:\\\/\\\/rentacarigoumenitsa.gr\\\/tr\\\/#website\",\"url\":\"https:\\\/\\\/rentacarigoumenitsa.gr\\\/tr\\\/\",\"name\":\"Rent A Car Igoumenitsa\",\"alternateName\":\"\\u0395\\u03bd\\u03bf\\u03b9\\u03ba\\u03af\\u03b1\\u03c3\\u03b7 \\u03b1\\u03c5\\u03c4\\u03bf\\u03ba\\u03b9\\u03bd\\u03ae\\u03c4\\u03bf\\u03c5 \\u0397\\u03b3\\u03bf\\u03c5\\u03bc\\u03b5\\u03bd\\u03af\\u03c4\\u03c3\\u03b1\",\"inLanguage\":\"tr-TR\",\"publisher\":{\"@id\":\"https:\\\/\\\/rentacarigoumenitsa.gr\\\/tr\\\/#organization\"}}]}\n\t\t<\/script>\n\t\t<!-- All in One SEO Pro -->\r\n\t\t<title>\u0395\u03bd\u03b1\u03bb\u03bb\u03b1\u03ba\u03c4\u03b9\u03ba\u03cc\u03c2 \u03a4\u03bf\u03c5\u03c1\u03b9\u03c3\u03bc\u03cc\u03c2 \u03c3\u03c4\u03b7\u03bd \u0398\u03b5\u03c3\u03c0\u03c1\u03c9\u03c4\u03af\u03b1 - \u0397 \u03b1\u03bd\u03ac\u03c0\u03c4\u03c5\u03be\u03b7<\/title>\n\n","aioseo_head_json":{"title":"Thesprotia'da Alternatif Turizm - Geli\u015fim","description":"Son y\u0131llarda Thesprotia'da alternatif turizm, \u015farap turizmi, gastronomi turizmi ve di\u011ferleri gibi \u00e7e\u015fitli \u015fekillerde ge\u00e7ici olarak geli\u015fmektedir.","canonical_url":"https:\/\/rentacarigoumenitsa.gr\/tr\/%ce%b5%ce%bd%ce%b1%ce%bb%ce%bb%ce%b1%ce%ba%cf%84%ce%b9%ce%ba%cf%8c%cf%82-%cf%84%ce%bf%cf%85%cf%81%ce%b9%cf%83%ce%bc%cf%8c%cf%82-%cf%83%cf%84%ce%b7%ce%bd-%ce%b8%ce%b5%cf%83%cf%80%cf%81%cf%89%cf%84%ce%af%ce%b1\/","robots":"max-image-preview:large","keywords":"","webmasterTools":{"google-site-verification":"S6xm9OozgzUNlz1XGUsqKaiQUGsb8eKTPjRIqVmbJRU","miscellaneous":""},"schema":{"@context":"https:\/\/schema.org","@graph":[{"@type":"BlogPosting","@id":"https:\/\/rentacarigoumenitsa.gr\/tr\/%ce%b5%ce%bd%ce%b1%ce%bb%ce%bb%ce%b1%ce%ba%cf%84%ce%b9%ce%ba%cf%8c%cf%82-%cf%84%ce%bf%cf%85%cf%81%ce%b9%cf%83%ce%bc%cf%8c%cf%82-%cf%83%cf%84%ce%b7%ce%bd-%ce%b8%ce%b5%cf%83%cf%80%cf%81%cf%89%cf%84%ce%af%ce%b1\/#blogposting","name":"\u0395\u03bd\u03b1\u03bb\u03bb\u03b1\u03ba\u03c4\u03b9\u03ba\u03cc\u03c2 \u03a4\u03bf\u03c5\u03c1\u03b9\u03c3\u03bc\u03cc\u03c2 \u03c3\u03c4\u03b7\u03bd \u0398\u03b5\u03c3\u03c0\u03c1\u03c9\u03c4\u03af\u03b1 - \u0397 \u03b1\u03bd\u03ac\u03c0\u03c4\u03c5\u03be\u03b7","headline":"\u0395\u03bd\u03b1\u03bb\u03bb\u03b1\u03ba\u03c4\u03b9\u03ba\u03cc\u03c2 \u03a4\u03bf\u03c5\u03c1\u03b9\u03c3\u03bc\u03cc\u03c2 \u03c3\u03c4\u03b7\u03bd \u0398\u03b5\u03c3\u03c0\u03c1\u03c9\u03c4\u03af\u03b1","author":{"@id":"https:\/\/rentacarigoumenitsa.gr\/tr\/author\/r234digou\/#author"},"publisher":{"@id":"https:\/\/rentacarigoumenitsa.gr\/tr\/#organization"},"image":{"@type":"ImageObject","url":"https:\/\/rentacarigoumenitsa.gr\/wp-content\/uploads\/2024\/02\/travel-to-greece-mediterranean-islands-outside-to-2023-11-27-05-14-05-utc-scaled.jpg","width":2560,"height":1659},"datePublished":"2024-02-29T10:44:45+03:00","dateModified":"2024-02-29T14:00:55+03:00","inLanguage":"tr-TR","mainEntityOfPage":{"@id":"https:\/\/rentacarigoumenitsa.gr\/tr\/%ce%b5%ce%bd%ce%b1%ce%bb%ce%bb%ce%b1%ce%ba%cf%84%ce%b9%ce%ba%cf%8c%cf%82-%cf%84%ce%bf%cf%85%cf%81%ce%b9%cf%83%ce%bc%cf%8c%cf%82-%cf%83%cf%84%ce%b7%ce%bd-%ce%b8%ce%b5%cf%83%cf%80%cf%81%cf%89%cf%84%ce%af%ce%b1\/#webpage"},"isPartOf":{"@id":"https:\/\/rentacarigoumenitsa.gr\/tr\/%ce%b5%ce%bd%ce%b1%ce%bb%ce%bb%ce%b1%ce%ba%cf%84%ce%b9%ce%ba%cf%8c%cf%82-%cf%84%ce%bf%cf%85%cf%81%ce%b9%cf%83%ce%bc%cf%8c%cf%82-%cf%83%cf%84%ce%b7%ce%bd-%ce%b8%ce%b5%cf%83%cf%80%cf%81%cf%89%cf%84%ce%af%ce%b1\/#webpage"},"articleSection":"\u03a4\u03bf\u03c5\u03c1\u03b9\u03c3\u03bc\u03cc\u03c2 - \u0389\u03c0\u03b5\u03b9\u03c1\u03bf\u03c2"},{"@type":"BreadcrumbList","@id":"https:\/\/rentacarigoumenitsa.gr\/tr\/%ce%b5%ce%bd%ce%b1%ce%bb%ce%bb%ce%b1%ce%ba%cf%84%ce%b9%ce%ba%cf%8c%cf%82-%cf%84%ce%bf%cf%85%cf%81%ce%b9%cf%83%ce%bc%cf%8c%cf%82-%cf%83%cf%84%ce%b7%ce%bd-%ce%b8%ce%b5%cf%83%cf%80%cf%81%cf%89%cf%84%ce%af%ce%b1\/#breadcrumblist","itemListElement":[{"@type":"ListItem","@id":"https:\/\/rentacarigoumenitsa.gr\/tr#listItem","position":1,"name":"Home","item":"https:\/\/rentacarigoumenitsa.gr\/tr","nextItem":{"@type":"ListItem","@id":"https:\/\/rentacarigoumenitsa.gr\/tr\/category\/%cf%84%ce%bf%cf%85%cf%81%ce%b9%cf%83%ce%bc%cf%8c%cf%82-epirus\/#listItem","name":"\u03a4\u03bf\u03c5\u03c1\u03b9\u03c3\u03bc\u03cc\u03c2 - \u0389\u03c0\u03b5\u03b9\u03c1\u03bf\u03c2"}},{"@type":"ListItem","@id":"https:\/\/rentacarigoumenitsa.gr\/tr\/category\/%cf%84%ce%bf%cf%85%cf%81%ce%b9%cf%83%ce%bc%cf%8c%cf%82-epirus\/#listItem","position":2,"name":"\u03a4\u03bf\u03c5\u03c1\u03b9\u03c3\u03bc\u03cc\u03c2 - \u0389\u03c0\u03b5\u03b9\u03c1\u03bf\u03c2","item":"https:\/\/rentacarigoumenitsa.gr\/tr\/category\/%cf%84%ce%bf%cf%85%cf%81%ce%b9%cf%83%ce%bc%cf%8c%cf%82-epirus\/","nextItem":{"@type":"ListItem","@id":"https:\/\/rentacarigoumenitsa.gr\/tr\/%ce%b5%ce%bd%ce%b1%ce%bb%ce%bb%ce%b1%ce%ba%cf%84%ce%b9%ce%ba%cf%8c%cf%82-%cf%84%ce%bf%cf%85%cf%81%ce%b9%cf%83%ce%bc%cf%8c%cf%82-%cf%83%cf%84%ce%b7%ce%bd-%ce%b8%ce%b5%cf%83%cf%80%cf%81%cf%89%cf%84%ce%af%ce%b1\/#listItem","name":"\u0395\u03bd\u03b1\u03bb\u03bb\u03b1\u03ba\u03c4\u03b9\u03ba\u03cc\u03c2 \u03a4\u03bf\u03c5\u03c1\u03b9\u03c3\u03bc\u03cc\u03c2 \u03c3\u03c4\u03b7\u03bd \u0398\u03b5\u03c3\u03c0\u03c1\u03c9\u03c4\u03af\u03b1"},"previousItem":{"@type":"ListItem","@id":"https:\/\/rentacarigoumenitsa.gr\/tr#listItem","name":"Home"}},{"@type":"ListItem","@id":"https:\/\/rentacarigoumenitsa.gr\/tr\/%ce%b5%ce%bd%ce%b1%ce%bb%ce%bb%ce%b1%ce%ba%cf%84%ce%b9%ce%ba%cf%8c%cf%82-%cf%84%ce%bf%cf%85%cf%81%ce%b9%cf%83%ce%bc%cf%8c%cf%82-%cf%83%cf%84%ce%b7%ce%bd-%ce%b8%ce%b5%cf%83%cf%80%cf%81%cf%89%cf%84%ce%af%ce%b1\/#listItem","position":3,"name":"\u0395\u03bd\u03b1\u03bb\u03bb\u03b1\u03ba\u03c4\u03b9\u03ba\u03cc\u03c2 \u03a4\u03bf\u03c5\u03c1\u03b9\u03c3\u03bc\u03cc\u03c2 \u03c3\u03c4\u03b7\u03bd \u0398\u03b5\u03c3\u03c0\u03c1\u03c9\u03c4\u03af\u03b1","previousItem":{"@type":"ListItem","@id":"https:\/\/rentacarigoumenitsa.gr\/tr\/category\/%cf%84%ce%bf%cf%85%cf%81%ce%b9%cf%83%ce%bc%cf%8c%cf%82-epirus\/#listItem","name":"\u03a4\u03bf\u03c5\u03c1\u03b9\u03c3\u03bc\u03cc\u03c2 - \u0389\u03c0\u03b5\u03b9\u03c1\u03bf\u03c2"}}]},{"@type":"Organization","@id":"https:\/\/rentacarigoumenitsa.gr\/tr\/#organization","name":"Rent A Car Igoumenitsa","url":"https:\/\/rentacarigoumenitsa.gr\/tr\/","email":"igourent@gmail.com","telephone":"+302665027666","logo":{"@type":"ImageObject","url":"https:\/\/rentacarigoumenitsa.gr\/wp-content\/uploads\/2023\/11\/logo-mobile.png","@id":"https:\/\/rentacarigoumenitsa.gr\/tr\/%ce%b5%ce%bd%ce%b1%ce%bb%ce%bb%ce%b1%ce%ba%cf%84%ce%b9%ce%ba%cf%8c%cf%82-%cf%84%ce%bf%cf%85%cf%81%ce%b9%cf%83%ce%bc%cf%8c%cf%82-%cf%83%cf%84%ce%b7%ce%bd-%ce%b8%ce%b5%cf%83%cf%80%cf%81%cf%89%cf%84%ce%af%ce%b1\/#organizationLogo","width":250,"height":100},"image":{"@id":"https:\/\/rentacarigoumenitsa.gr\/tr\/%ce%b5%ce%bd%ce%b1%ce%bb%ce%bb%ce%b1%ce%ba%cf%84%ce%b9%ce%ba%cf%8c%cf%82-%cf%84%ce%bf%cf%85%cf%81%ce%b9%cf%83%ce%bc%cf%8c%cf%82-%cf%83%cf%84%ce%b7%ce%bd-%ce%b8%ce%b5%cf%83%cf%80%cf%81%cf%89%cf%84%ce%af%ce%b1\/#organizationLogo"},"sameAs":["https:\/\/www.facebook.com\/rentacarigoumenitsa\/","https:\/\/www.instagram.com\/rentcarigoumenitsa\/","https:\/\/www.youtube.com\/@rentacarigoumenitsa"],"address":{"@id":"https:\/\/rentacarigoumenitsa.gr\/tr\/#postaladdress","@type":"PostalAddress","streetAddress":"Agion Apostolon 39-41,","postalCode":"46100","addressLocality":"Igoumenitsa","addressRegion":"Thesprotia","addressCountry":"GR"},"vatID":"EL121704960"},{"@type":"Person","@id":"https:\/\/rentacarigoumenitsa.gr\/tr\/author\/r234digou\/#author","url":"https:\/\/rentacarigoumenitsa.gr\/tr\/author\/r234digou\/","name":"Rent A Car Igoumenitsa","image":{"@type":"ImageObject","@id":"https:\/\/rentacarigoumenitsa.gr\/tr\/%ce%b5%ce%bd%ce%b1%ce%bb%ce%bb%ce%b1%ce%ba%cf%84%ce%b9%ce%ba%cf%8c%cf%82-%cf%84%ce%bf%cf%85%cf%81%ce%b9%cf%83%ce%bc%cf%8c%cf%82-%cf%83%cf%84%ce%b7%ce%bd-%ce%b8%ce%b5%cf%83%cf%80%cf%81%cf%89%cf%84%ce%af%ce%b1\/#authorImage","url":"https:\/\/secure.gravatar.com\/avatar\/b0b84ab4d14d5f8ae68249bf4101f022df1c7a8f51673576528c824772929605?s=96&d=mm&r=g","width":96,"height":96,"caption":"Rent A Car Igoumenitsa"}},{"@type":"WebPage","@id":"https:\/\/rentacarigoumenitsa.gr\/tr\/%ce%b5%ce%bd%ce%b1%ce%bb%ce%bb%ce%b1%ce%ba%cf%84%ce%b9%ce%ba%cf%8c%cf%82-%cf%84%ce%bf%cf%85%cf%81%ce%b9%cf%83%ce%bc%cf%8c%cf%82-%cf%83%cf%84%ce%b7%ce%bd-%ce%b8%ce%b5%cf%83%cf%80%cf%81%cf%89%cf%84%ce%af%ce%b1\/#webpage","url":"https:\/\/rentacarigoumenitsa.gr\/tr\/%ce%b5%ce%bd%ce%b1%ce%bb%ce%bb%ce%b1%ce%ba%cf%84%ce%b9%ce%ba%cf%8c%cf%82-%cf%84%ce%bf%cf%85%cf%81%ce%b9%cf%83%ce%bc%cf%8c%cf%82-%cf%83%cf%84%ce%b7%ce%bd-%ce%b8%ce%b5%cf%83%cf%80%cf%81%cf%89%cf%84%ce%af%ce%b1\/","name":"\u0395\u03bd\u03b1\u03bb\u03bb\u03b1\u03ba\u03c4\u03b9\u03ba\u03cc\u03c2 \u03a4\u03bf\u03c5\u03c1\u03b9\u03c3\u03bc\u03cc\u03c2 \u03c3\u03c4\u03b7\u03bd \u0398\u03b5\u03c3\u03c0\u03c1\u03c9\u03c4\u03af\u03b1 - \u0397 \u03b1\u03bd\u03ac\u03c0\u03c4\u03c5\u03be\u03b7","description":"\u039f \u03b5\u03bd\u03b1\u03bb\u03bb\u03b1\u03ba\u03c4\u03b9\u03ba\u03cc\u03c2 \u03c4\u03bf\u03c5\u03c1\u03b9\u03c3\u03bc\u03cc\u03c2 \u03c3\u03c4\u03b7\u03bd \u0398\u03b5\u03c3\u03c0\u03c1\u03c9\u03c4\u03af\u03b1 \u03c4\u03b1 \u03c4\u03b5\u03bb\u03b5\u03c5\u03c4\u03b1\u03af\u03b1 \u03c7\u03c1\u03cc\u03bd\u03b9\u03b1 \u03b1\u03bd\u03b1\u03c0\u03c4\u03cd\u03c3\u03c3\u03b5\u03c4\u03b1\u03b9 \u03b4\u03b5\u03b9\u03bb\u03ac \u03b4\u03b5\u03b9\u03bb\u03ac \u03c3\u03b5 \u03b4\u03b9\u03ac\u03c6\u03bf\u03c1\u03b5\u03c2 \u03bc\u03bf\u03c1\u03c6\u03ad\u03c2 \u03c4\u03bf\u03c5, \u03cc\u03c0\u03c9\u03c2 \u03bf \u03bf\u03b9\u03bd\u03bf\u03c4\u03bf\u03c5\u03c1\u03b9\u03c3\u03bc\u03cc\u03c2, \u03bf \u03b3\u03b1\u03c3\u03c4\u03c1\u03bf\u03c4\u03bf\u03c5\u03c1\u03b9\u03c3\u03bc\u03cc\u03c2 \u03ba\u03b1\u03b9 \u03ac\u03bb\u03bb\u03b5\u03c2.","inLanguage":"tr-TR","isPartOf":{"@id":"https:\/\/rentacarigoumenitsa.gr\/tr\/#website"},"breadcrumb":{"@id":"https:\/\/rentacarigoumenitsa.gr\/tr\/%ce%b5%ce%bd%ce%b1%ce%bb%ce%bb%ce%b1%ce%ba%cf%84%ce%b9%ce%ba%cf%8c%cf%82-%cf%84%ce%bf%cf%85%cf%81%ce%b9%cf%83%ce%bc%cf%8c%cf%82-%cf%83%cf%84%ce%b7%ce%bd-%ce%b8%ce%b5%cf%83%cf%80%cf%81%cf%89%cf%84%ce%af%ce%b1\/#breadcrumblist"},"author":{"@id":"https:\/\/rentacarigoumenitsa.gr\/tr\/author\/r234digou\/#author"},"creator":{"@id":"https:\/\/rentacarigoumenitsa.gr\/tr\/author\/r234digou\/#author"},"image":{"@type":"ImageObject","url":"https:\/\/rentacarigoumenitsa.gr\/wp-content\/uploads\/2024\/02\/travel-to-greece-mediterranean-islands-outside-to-2023-11-27-05-14-05-utc-scaled.jpg","@id":"https:\/\/rentacarigoumenitsa.gr\/tr\/%ce%b5%ce%bd%ce%b1%ce%bb%ce%bb%ce%b1%ce%ba%cf%84%ce%b9%ce%ba%cf%8c%cf%82-%cf%84%ce%bf%cf%85%cf%81%ce%b9%cf%83%ce%bc%cf%8c%cf%82-%cf%83%cf%84%ce%b7%ce%bd-%ce%b8%ce%b5%cf%83%cf%80%cf%81%cf%89%cf%84%ce%af%ce%b1\/#mainImage","width":2560,"height":1659},"primaryImageOfPage":{"@id":"https:\/\/rentacarigoumenitsa.gr\/tr\/%ce%b5%ce%bd%ce%b1%ce%bb%ce%bb%ce%b1%ce%ba%cf%84%ce%b9%ce%ba%cf%8c%cf%82-%cf%84%ce%bf%cf%85%cf%81%ce%b9%cf%83%ce%bc%cf%8c%cf%82-%cf%83%cf%84%ce%b7%ce%bd-%ce%b8%ce%b5%cf%83%cf%80%cf%81%cf%89%cf%84%ce%af%ce%b1\/#mainImage"},"datePublished":"2024-02-29T10:44:45+03:00","dateModified":"2024-02-29T14:00:55+03:00"},{"@type":"WebSite","@id":"https:\/\/rentacarigoumenitsa.gr\/tr\/#website","url":"https:\/\/rentacarigoumenitsa.gr\/tr\/","name":"Rent A Car Igoumenitsa","alternateName":"\u0395\u03bd\u03bf\u03b9\u03ba\u03af\u03b1\u03c3\u03b7 \u03b1\u03c5\u03c4\u03bf\u03ba\u03b9\u03bd\u03ae\u03c4\u03bf\u03c5 \u0397\u03b3\u03bf\u03c5\u03bc\u03b5\u03bd\u03af\u03c4\u03c3\u03b1","inLanguage":"tr-TR","publisher":{"@id":"https:\/\/rentacarigoumenitsa.gr\/tr\/#organization"}}]},"og:locale":"tr_TR","og:site_name":"Rent A Car Igoumenitsa -","og:type":"article","og:title":"\u0395\u03bd\u03b1\u03bb\u03bb\u03b1\u03ba\u03c4\u03b9\u03ba\u03cc\u03c2 \u03a4\u03bf\u03c5\u03c1\u03b9\u03c3\u03bc\u03cc\u03c2 \u03c3\u03c4\u03b7\u03bd \u0398\u03b5\u03c3\u03c0\u03c1\u03c9\u03c4\u03af\u03b1 - \u0397 \u03b1\u03bd\u03ac\u03c0\u03c4\u03c5\u03be\u03b7","og:description":"\u039f \u03b5\u03bd\u03b1\u03bb\u03bb\u03b1\u03ba\u03c4\u03b9\u03ba\u03cc\u03c2 \u03c4\u03bf\u03c5\u03c1\u03b9\u03c3\u03bc\u03cc\u03c2 \u03c3\u03c4\u03b7\u03bd \u0398\u03b5\u03c3\u03c0\u03c1\u03c9\u03c4\u03af\u03b1 \u03c4\u03b1 \u03c4\u03b5\u03bb\u03b5\u03c5\u03c4\u03b1\u03af\u03b1 \u03c7\u03c1\u03cc\u03bd\u03b9\u03b1 \u03b1\u03bd\u03b1\u03c0\u03c4\u03cd\u03c3\u03c3\u03b5\u03c4\u03b1\u03b9 \u03b4\u03b5\u03b9\u03bb\u03ac \u03b4\u03b5\u03b9\u03bb\u03ac \u03c3\u03b5 \u03b4\u03b9\u03ac\u03c6\u03bf\u03c1\u03b5\u03c2 \u03bc\u03bf\u03c1\u03c6\u03ad\u03c2 \u03c4\u03bf\u03c5, \u03cc\u03c0\u03c9\u03c2 \u03bf \u03bf\u03b9\u03bd\u03bf\u03c4\u03bf\u03c5\u03c1\u03b9\u03c3\u03bc\u03cc\u03c2, \u03bf \u03b3\u03b1\u03c3\u03c4\u03c1\u03bf\u03c4\u03bf\u03c5\u03c1\u03b9\u03c3\u03bc\u03cc\u03c2 \u03ba\u03b1\u03b9 \u03ac\u03bb\u03bb\u03b5\u03c2.","og:url":"https:\/\/rentacarigoumenitsa.gr\/tr\/%ce%b5%ce%bd%ce%b1%ce%bb%ce%bb%ce%b1%ce%ba%cf%84%ce%b9%ce%ba%cf%8c%cf%82-%cf%84%ce%bf%cf%85%cf%81%ce%b9%cf%83%ce%bc%cf%8c%cf%82-%cf%83%cf%84%ce%b7%ce%bd-%ce%b8%ce%b5%cf%83%cf%80%cf%81%cf%89%cf%84%ce%af%ce%b1\/","og:image":"https:\/\/rentacarigoumenitsa.gr\/wp-content\/uploads\/2024\/02\/travel-to-greece-mediterranean-islands-outside-to-2023-11-27-05-14-05-utc-scaled.jpg","og:image:secure_url":"https:\/\/rentacarigoumenitsa.gr\/wp-content\/uploads\/2024\/02\/travel-to-greece-mediterranean-islands-outside-to-2023-11-27-05-14-05-utc-scaled.jpg","og:image:width":2560,"og:image:height":1659,"article:published_time":"2024-02-29T07:44:45+00:00","article:modified_time":"2024-02-29T11:00:55+00:00","article:publisher":"https:\/\/www.facebook.com\/rentacarigoumenitsa\/","twitter:card":"summary_large_image","twitter:title":"\u0395\u03bd\u03b1\u03bb\u03bb\u03b1\u03ba\u03c4\u03b9\u03ba\u03cc\u03c2 \u03a4\u03bf\u03c5\u03c1\u03b9\u03c3\u03bc\u03cc\u03c2 \u03c3\u03c4\u03b7\u03bd \u0398\u03b5\u03c3\u03c0\u03c1\u03c9\u03c4\u03af\u03b1 - \u0397 \u03b1\u03bd\u03ac\u03c0\u03c4\u03c5\u03be\u03b7","twitter:description":"\u039f \u03b5\u03bd\u03b1\u03bb\u03bb\u03b1\u03ba\u03c4\u03b9\u03ba\u03cc\u03c2 \u03c4\u03bf\u03c5\u03c1\u03b9\u03c3\u03bc\u03cc\u03c2 \u03c3\u03c4\u03b7\u03bd \u0398\u03b5\u03c3\u03c0\u03c1\u03c9\u03c4\u03af\u03b1 \u03c4\u03b1 \u03c4\u03b5\u03bb\u03b5\u03c5\u03c4\u03b1\u03af\u03b1 \u03c7\u03c1\u03cc\u03bd\u03b9\u03b1 \u03b1\u03bd\u03b1\u03c0\u03c4\u03cd\u03c3\u03c3\u03b5\u03c4\u03b1\u03b9 \u03b4\u03b5\u03b9\u03bb\u03ac \u03b4\u03b5\u03b9\u03bb\u03ac \u03c3\u03b5 \u03b4\u03b9\u03ac\u03c6\u03bf\u03c1\u03b5\u03c2 \u03bc\u03bf\u03c1\u03c6\u03ad\u03c2 \u03c4\u03bf\u03c5, \u03cc\u03c0\u03c9\u03c2 \u03bf \u03bf\u03b9\u03bd\u03bf\u03c4\u03bf\u03c5\u03c1\u03b9\u03c3\u03bc\u03cc\u03c2, \u03bf \u03b3\u03b1\u03c3\u03c4\u03c1\u03bf\u03c4\u03bf\u03c5\u03c1\u03b9\u03c3\u03bc\u03cc\u03c2 \u03ba\u03b1\u03b9 \u03ac\u03bb\u03bb\u03b5\u03c2.","twitter:image":"https:\/\/rentacarigoumenitsa.gr\/wp-content\/uploads\/2023\/12\/fb-cover.jpg"},"aioseo_meta_data":{"post_id":"307","title":"#post_title #separator_sa \u0397 \u03b1\u03bd\u03ac\u03c0\u03c4\u03c5\u03be\u03b7","description":"Son y\u0131llarda Thesprotia'da alternatif turizm, \u015farap turizmi, gastronomi turizmi ve di\u011ferleri gibi \u00e7e\u015fitli \u015fekillerde ge\u00e7ici olarak geli\u015fmektedir.","keywords":[],"keyphrases":{"focus":{"keyphrase":"\u03c4\u03bf\u03c5\u03c1\u03b9\u03c3\u03bc\u03cc\u03c2 \u03b8\u03b5\u03c3\u03c0\u03c1\u03c9\u03c4\u03af\u03b1","score":34,"analysis":{"keyphraseInTitle":{"score":3,"maxScore":9,"error":1},"keyphraseInDescription":{"score":3,"maxScore":9,"error":1},"keyphraseLength":{"score":-999,"maxScore":9,"error":1,"length":0},"keyphraseInURL":{"score":5,"maxScore":5,"error":0},"keyphraseInIntroduction":{"score":3,"maxScore":9,"error":1},"keyphraseInSubHeadings":[],"keyphraseInImageAlt":[],"keywordDensity":{"score":0,"type":"low","maxScore":9,"error":1}}},"additional":[]},"primary_term":null,"canonical_url":null,"og_title":null,"og_description":null,"og_object_type":"default","og_image_type":"default","og_image_url":null,"og_image_width":null,"og_image_height":null,"og_image_custom_url":null,"og_image_custom_fields":null,"og_video":"","og_custom_url":null,"og_article_section":null,"og_article_tags":[],"twitter_use_og":false,"twitter_card":"default","twitter_image_type":"default","twitter_image_url":null,"twitter_image_custom_url":null,"twitter_image_custom_fields":null,"twitter_title":null,"twitter_description":null,"schema":{"blockGraphs":[],"customGraphs":[],"default":{"data":{"Article":[],"Course":[],"Dataset":[],"FAQPage":[],"Movie":[],"Person":[],"Product":[],"ProductReview":[],"Car":[],"Recipe":[],"Service":[],"SoftwareApplication":[],"WebPage":[]},"graphName":"BlogPosting","isEnabled":true},"graphs":[]},"schema_type":"default","schema_type_options":null,"pillar_content":false,"robots_default":true,"robots_noindex":false,"robots_noarchive":false,"robots_nosnippet":false,"robots_nofollow":false,"robots_noimageindex":false,"robots_noodp":false,"robots_notranslate":false,"robots_max_snippet":"-1","robots_max_videopreview":"-1","robots_max_imagepreview":"large","priority":null,"frequency":"default","local_seo":null,"seo_analyzer_scan_date":"2025-09-19 10:27:00","breadcrumb_settings":null,"limit_modified_date":false,"open_ai":"{\"title\":{\"suggestions\":[],\"usage\":0},\"description\":{\"suggestions\":[],\"usage\":0}}","ai":null,"created":"2024-02-29 07:44:46","updated":"2025-12-03 13:22:12"},"aioseo_breadcrumb":"<div class=\"aioseo-breadcrumbs\"><span class=\"aioseo-breadcrumb\">\n\t<a href=\"https:\/\/rentacarigoumenitsa.gr\/tr\" title=\"Home\">Home<\/a>\n<\/span><span class=\"aioseo-breadcrumb-separator\">&raquo;<\/span><span class=\"aioseo-breadcrumb\">\n\t<a href=\"https:\/\/rentacarigoumenitsa.gr\/tr\/category\/%cf%84%ce%bf%cf%85%cf%81%ce%b9%cf%83%ce%bc%cf%8c%cf%82-epirus\/\" title=\"\u03a4\u03bf\u03c5\u03c1\u03b9\u03c3\u03bc\u03cc\u03c2 - \u0389\u03c0\u03b5\u03b9\u03c1\u03bf\u03c2\">\u03a4\u03bf\u03c5\u03c1\u03b9\u03c3\u03bc\u03cc\u03c2 - \u0389\u03c0\u03b5\u03b9\u03c1\u03bf\u03c2<\/a>\n<\/span><span class=\"aioseo-breadcrumb-separator\">&raquo;<\/span><span class=\"aioseo-breadcrumb\">\n\t\u0395\u03bd\u03b1\u03bb\u03bb\u03b1\u03ba\u03c4\u03b9\u03ba\u03cc\u03c2 \u03a4\u03bf\u03c5\u03c1\u03b9\u03c3\u03bc\u03cc\u03c2 \u03c3\u03c4\u03b7\u03bd \u0398\u03b5\u03c3\u03c0\u03c1\u03c9\u03c4\u03af\u03b1\n<\/span><\/div>","aioseo_breadcrumb_json":[{"label":"Home","link":"https:\/\/rentacarigoumenitsa.gr\/tr"},{"label":"\u03a4\u03bf\u03c5\u03c1\u03b9\u03c3\u03bc\u03cc\u03c2 - \u0389\u03c0\u03b5\u03b9\u03c1\u03bf\u03c2","link":"https:\/\/rentacarigoumenitsa.gr\/tr\/category\/%cf%84%ce%bf%cf%85%cf%81%ce%b9%cf%83%ce%bc%cf%8c%cf%82-epirus\/"},{"label":"\u0395\u03bd\u03b1\u03bb\u03bb\u03b1\u03ba\u03c4\u03b9\u03ba\u03cc\u03c2 \u03a4\u03bf\u03c5\u03c1\u03b9\u03c3\u03bc\u03cc\u03c2 \u03c3\u03c4\u03b7\u03bd \u0398\u03b5\u03c3\u03c0\u03c1\u03c9\u03c4\u03af\u03b1","link":"https:\/\/rentacarigoumenitsa.gr\/tr\/%ce%b5%ce%bd%ce%b1%ce%bb%ce%bb%ce%b1%ce%ba%cf%84%ce%b9%ce%ba%cf%8c%cf%82-%cf%84%ce%bf%cf%85%cf%81%ce%b9%cf%83%ce%bc%cf%8c%cf%82-%cf%83%cf%84%ce%b7%ce%bd-%ce%b8%ce%b5%cf%83%cf%80%cf%81%cf%89%cf%84%ce%af%ce%b1\/"}],"_links":{"self":[{"href":"https:\/\/rentacarigoumenitsa.gr\/tr\/wp-json\/wp\/v2\/posts\/307","targetHints":{"allow":["GET"]}}],"collection":[{"href":"https:\/\/rentacarigoumenitsa.gr\/tr\/wp-json\/wp\/v2\/posts"}],"about":[{"href":"https:\/\/rentacarigoumenitsa.gr\/tr\/wp-json\/wp\/v2\/types\/post"}],"author":[{"embeddable":true,"href":"https:\/\/rentacarigoumenitsa.gr\/tr\/wp-json\/wp\/v2\/users\/1"}],"replies":[{"embeddable":true,"href":"https:\/\/rentacarigoumenitsa.gr\/tr\/wp-json\/wp\/v2\/comments?post=307"}],"version-history":[{"count":2,"href":"https:\/\/rentacarigoumenitsa.gr\/tr\/wp-json\/wp\/v2\/posts\/307\/revisions"}],"predecessor-version":[{"id":310,"href":"https:\/\/rentacarigoumenitsa.gr\/tr\/wp-json\/wp\/v2\/posts\/307\/revisions\/310"}],"wp:featuredmedia":[{"embeddable":true,"href":"https:\/\/rentacarigoumenitsa.gr\/tr\/wp-json\/wp\/v2\/media\/308"}],"wp:attachment":[{"href":"https:\/\/rentacarigoumenitsa.gr\/tr\/wp-json\/wp\/v2\/media?parent=307"}],"wp:term":[{"taxonomy":"category","embeddable":true,"href":"https:\/\/rentacarigoumenitsa.gr\/tr\/wp-json\/wp\/v2\/categories?post=307"},{"taxonomy":"post_tag","embeddable":true,"href":"https:\/\/rentacarigoumenitsa.gr\/tr\/wp-json\/wp\/v2\/tags?post=307"}],"curies":[{"name":"wp","href":"https:\/\/api.w.org\/{rel}","templated":true}]}}