{"id":411,"date":"2025-07-19T18:56:50","date_gmt":"2025-07-19T15:56:50","guid":{"rendered":"https:\/\/rentacarigoumenitsa.gr\/?p=411"},"modified":"2025-07-19T18:56:57","modified_gmt":"2025-07-19T15:56:57","slug":"aftokinito-i-michani-ti-symferei-perissotero-stis-diakopes","status":"publish","type":"post","link":"https:\/\/rentacarigoumenitsa.gr\/it\/aftokinito-i-michani-ti-symferei-perissotero-stis-diakopes\/","title":{"rendered":"Auto o moto? Cosa \u00e8 pi\u00f9 vantaggioso in vacanza"},"content":{"rendered":"<p>Quando \u00e8 il momento di organizzare la vostra vacanza in Grecia o all'estero, una delle decisioni pi\u00f9 importanti \u00e8 come spostarsi. Sceglierete il comfort e la sicurezza di un'auto o preferirete la libert\u00e0 e l'aria di una moto? La scelta tra auto e moto per una vacanza non \u00e8 sempre facile e dipende da molti fattori: la destinazione, il tipo di viaggio, il budget e il vostro stile di vita. Diamo un'occhiata pi\u00f9 da vicino ai pro e ai contro di ciascuna opzione, in modo che possiate decidere quale sia lo spostamento migliore per voi quest'estate.<\/p>\n\n\n\n<h3 class=\"wp-block-heading\"><strong>Libert\u00e0 o comfort? La prima grande differenza<\/strong><\/h3>\n\n\n\n<p>La prima e pi\u00f9 importante differenza \u00e8 la <strong>natura dell'esperienza<\/strong>. La macchina offre il massimo senso di libert\u00e0. Si \u00e8 pi\u00f9 vicini al paesaggio, si sente l'aria, la luce, gli odori e ogni viaggio diventa un'esperienza. D'altra parte, l'auto offre <strong>comfort, sicurezza e stabilit\u00e0<\/strong>. \u00c8 ideale se viaggiate con la famiglia, gli amici o se avete molti bagagli.<\/p>\n\n\n\n<p>Quindi, se avete in programma un viaggio su strada verso le isole o le zone montuose e non vi interessa il sole o il casco, la moto \u00e8 perfetta. Ma se volete comfort, aria condizionata e spazio, l'auto \u00e8 il vostro alleato.<\/p>\n\n\n\n<h3 class=\"wp-block-heading\"><strong>La questione economica: Qual \u00e8 il pi\u00f9 economico?<\/strong><\/h3>\n\n\n\n<p>Generale, <strong>noleggiare una macchina \u00e8 pi\u00f9 economico<\/strong> dal <a href=\"https:\/\/rentacarigoumenitsa.gr\/it\/negozio\/\">noleggio auto<\/a>sia in termini di valore giornaliero che di consumo di carburante. Inoltre, le macchine non pagano pedaggi (in alcuni casi), sono pi\u00f9 economiche da mantenere e da assicurare.<\/p>\n\n\n\n<p>Tuttavia, \u00e8 necessario tenere in considerazione anche <strong>i costi aggiuntivi<\/strong>. Ad esempio, il casco, il secondo casco o l'equipaggiamento impermeabile possono richiedere un supplemento. D'altra parte, le auto consumano di pi\u00f9, ma offrono una protezione completa dalle intemperie e spesso non hanno bisogno di accessori extra.<\/p>\n\n\n\n<h3 class=\"wp-block-heading\"><strong>Qual \u00e8 il modo migliore per godersi il viaggio?<\/strong><\/h3>\n\n\n\n<p>L'esperienza del viaggio dipende dalla vostra personalit\u00e0. Se siete <strong><a href=\"https:\/\/www.travel.gr\/experiences\/5-yperoches-ekdromes-stin-ellada-me-ayto\/\" target=\"_blank\" rel=\"noopener\" title=\"\">amante dell'avventura<\/a><\/strong>Se non temete il caldo o la pioggia e volete sentire ogni chilometro, la moto vi regaler\u00e0 un'esperienza indimenticabile. \u00c8 il mezzo che vi avvicina alla natura, alle strade e alle persone.<\/p>\n\n\n\n<p>Ma se preferite <strong>viaggiare comodamente, senza essere esposti<\/strong>Se volete ascoltare musica e avere compagnia sul sedile posteriore o spazio per spuntini e bagagli, l'auto \u00e8 la scelta migliore.<\/p>\n\n\n\n<h3 class=\"wp-block-heading\"><strong>Il clima e le condizioni della destinazione<\/strong><\/h3>\n\n\n\n<p>Un altro criterio \u00e8 la <strong>condizioni meteorologiche<\/strong> e la topografia della destinazione. Nelle isole o nelle pianure, la macchina \u00e8 ideale. \u00c8 possibile parcheggiare facilmente, spostarsi rapidamente e godersi il percorso costiero.<\/p>\n\n\n\n<p>Ma se si va a <strong>aree montane<\/strong>in presenza di molte curve o di condizioni meteorologiche imprevedibili (ad esempio, la Grecia settentrionale o l'Europa centrale), l'auto offre sicurezza e stabilit\u00e0, soprattutto se si trasportano attrezzature o si viaggia con bambini.<\/p>\n\n\n\n<h3 class=\"wp-block-heading\"><strong>Quanto \u00e8 importante il parcheggio?<\/strong><\/h3>\n\n\n\n<p>Siamo realistici: in destinazioni turistiche popolari come Santorini, Parga o il centro di Atene, <strong>il parcheggio pu\u00f2 essere un incubo<\/strong>. Il motore ha un grande vantaggio in questo caso. Si pu\u00f2 parcheggiare facilmente, anche in strade strette o vicino alle spiagge.<\/p>\n\n\n\n<p>L'auto ha bisogno di pi\u00f9 spazio e spesso di parcheggi a pagamento. Quindi, se avete intenzione di spostarvi in aree con spazio limitato, pensate in modo pratico.<\/p>\n\n\n\n<p><strong>Quanto sarete \"carichi\"?<\/strong><\/p>\n\n\n\n<p>Un altro elemento decisivo \u00e8 la <strong>bagagli<\/strong>. Se si prevede di trasportare molti bagagli, acquisti o attrezzature (ad esempio seggiolini per bambini, attrezzature per immersioni o per il campeggio), l'auto vi offre <strong>molteplici possibilit\u00e0<\/strong>.<\/p>\n\n\n\n<p>La bicicletta ha dei limiti specifici, anche se con il bauletto e le selle \u00e8 possibile trasportare l'essenziale. Ma se si \u00e8 in due, lo spazio \u00e8 notevolmente limitato.<\/p>\n\n\n\n<h3 class=\"wp-block-heading\"><strong>Compagnia o viaggio solitario?<\/strong><\/h3>\n\n\n\n<p>\u0397 <strong>natura del viaggio<\/strong> che interessa anche a voi. Se viaggiate da soli o con un amico\/partner e amate le esperienze in moto, allora non c'\u00e8 problema. Tuttavia, se siete pi\u00f9 di una persona o una famiglia, l'auto \u00e8 una strada a senso unico.<\/p>\n\n\n\n<p>Inoltre, in auto \u00e8 possibile parlare, ascoltare musica o avere un bambino che dorme comodamente sul sedile posteriore. La moto non offre queste comodit\u00e0, anche se ha un suo fascino unico.<\/p>\n\n\n\n<h3 class=\"wp-block-heading\"><strong>Sicurezza: moto o auto?<\/strong><\/h3>\n\n\n\n<p>Sul tema <strong>protezione<\/strong>L'auto \u00e8 superiore. Ha cinture di sicurezza, airbag, stabilit\u00e0 ed \u00e8 protetta dalle intemperie e dagli imprevisti stradali. Se avete poca esperienza nella guida di una moto, \u00e8 consigliabile fare attenzione, soprattutto in zone poco conosciute o in caso di pioggia.<\/p>\n\n\n\n<p>La macchina ha bisogno di <strong>esperienza, casco, equipaggiamento protettivo e concentrazione<\/strong>. \u00c8 sicuro se guidato correttamente, ma il tasso di esposizione \u00e8 pi\u00f9 elevato.<\/p>\n\n\n\n<h3 class=\"wp-block-heading\"><strong>Esperienza in fotografia, social media e visual enjoyment<\/strong><\/h3>\n\n\n\n<p>In un'epoca in cui l'immagine gioca un ruolo importante nel modo in cui viviamo - e condividiamo - le nostre vacanze, anche il mezzo di trasporto influenza l'esperienza visiva. La macchina fotografica permette un contatto diretto con il paesaggio. Il ciclista vede, sente e fotografa senza filtri. Il tramonto sul percorso, la strada che attraversa gli uliveti o il passaggio in riva al mare diventano esperienze facilmente condivisibili in un racconto o in un filmato.<\/p>\n\n\n\n<p>Se siete amanti della fotografia e dei contenuti di viaggio, la macchina fotografica vi offre una maggiore flessibilit\u00e0 per fermarvi dove volete, catturare paesaggi o fare riprese in movimento. D'altra parte, l'auto offre comfort, ma limita l'immediatezza con il mondo esterno. Se viaggiate per \"vedere\" pi\u00f9 che per \"sentire\", allora questa macchina potrebbe fare al caso vostro. Ma se siete interessati a interagire con la natura e a catturare momenti autentici, allora la macchina fotografica \u00e8 chiaramente una scelta pi\u00f9 \"fotogenica\".<\/p>\n\n\n\n<h3 class=\"wp-block-heading\"><strong>Quanto lontano volete andare? Possibilit\u00e0 di viaggi di pi\u00f9 giorni<\/strong><\/h3>\n\n\n\n<p>La pianificazione delle vacanze spesso comporta lunghi viaggi, spostamenti da una regione all'altra o addirittura cambi di isola. L'auto offre <strong>maggiore autonomia<\/strong> e la possibilit\u00e0 di trasportare oggetti per viaggi di pi\u00f9 giorni. Se avete intenzione di cambiare alloggio ogni pochi giorni, di visitare luoghi a lunga distanza o di fare percorsi alternativi, la praticit\u00e0 di un'auto \u00e8 inestimabile.<\/p>\n\n\n\n<p>Invece, la moto \u00e8 pi\u00f9 versatile per i brevi spostamenti, soprattutto a livello locale. Il tragitto quotidiano dall'hotel alle spiagge o ai punti di interesse diventa pi\u00f9 piacevole in moto. Tuttavia, per gli spostamenti continui con bagagli e passeggeri, l'auto mantiene un chiaro vantaggio in termini di comfort e praticit\u00e0. La domanda da porsi \u00e8: \"Volete viaggiare in modo continuativo o godervi brevi passeggiate nei dintorni della vostra base?\".<\/p>\n\n\n\n<h3 class=\"wp-block-heading\"><strong>&nbsp;I mezzi ideali dipendono dall'isola o dalla destinazione<\/strong><\/h3>\n\n\n\n<p>Ogni destinazione ha le sue caratteristiche. Creta, Rodi o Lesbo hanno lunghe distanze, colline e una variet\u00e0 di paesaggi che rendono l'auto quasi indispensabile. D'altra parte, le isole pi\u00f9 piccole come Ios, Skopelos o Koufonisia hanno strade strette, poco traffico e esigenze di trasporto limitate: qui la moto \u00e8 il re.<\/p>\n\n\n\n<p>La scelta deve essere adattata alla <strong>topografia della destinazione<\/strong>. Nelle isole con traffico turistico intenso e problemi di parcheggio, la moto \u00e8 una benedizione. Al contrario, nell'entroterra del Peloponneso o nei villaggi di montagna, la sicurezza e la stabilit\u00e0 di un'auto fanno la differenza. Non esiste un \"giusto\" o uno \"sbagliato\", ma solo un adattamento alla mappa.<\/p>\n\n\n\n<h3 class=\"wp-block-heading\"><strong>&nbsp;Domanda, disponibilit\u00e0 e stagionalit\u00e0 - Quando chiudere<\/strong><\/h3>\n\n\n\n<p>L'orario in cui si sceglie di viaggiare influenza notevolmente il tempo in cui si sceglie di viaggiare. <strong>disponibilit\u00e0 di veicoli<\/strong>. Durante i mesi di punta (luglio e agosto), molte societ\u00e0 di noleggio esauriscono i loro modelli, soprattutto le categorie economiche. Sulle isole, le moto sono ricercate per la facilit\u00e0 di spostamento, mentre nelle destinazioni di viaggio le auto economiche o i SUV stanno riscuotendo un grande successo.<\/p>\n\n\n\n<p>\u00c8 importante prenotare per tempo e leggere attentamente le condizioni di noleggio. Alcune societ\u00e0 offrono tariffe migliori per periodi di noleggio pi\u00f9 lunghi o per il pagamento anticipato. Inoltre, se si viaggia fuori stagione (maggio-giugno o settembre), si possono trovare ottime offerte sia per le auto che per le moto.<\/p>\n\n\n\n<p>La domanda determina prezzi e disponibilit\u00e0. Non lasciate la prenotazione all'ultimo minuto: che si tratti di un'auto o di una moto, organizzarsi in anticipo significa <strong>miglior prezzo e miglior scelta<\/strong>.<\/p>\n\n\n\n<h3 class=\"wp-block-heading\"><strong>La decisione spetta a voi<\/strong><\/h3>\n\n\n\n<p>Come si pu\u00f2 vedere, non c'\u00e8 <strong>una risposta corretta<\/strong>. La scelta tra auto e motore dipende da:<\/p>\n\n\n\n<ul class=\"wp-block-list\">\n<li>la vostra destinazione<br><\/li>\n\n\n\n<li>le vostre esigenze<br><\/li>\n\n\n\n<li>il numero di persone<br><\/li>\n\n\n\n<li>il vostro budget<br><\/li>\n\n\n\n<li>e, naturalmente, il vostro stile personale<br><\/li>\n<\/ul>\n\n\n\n<p>Se volete comfort, sicurezza e la possibilit\u00e0 di trasportare molte cose, scegliete un'auto. Se invece volete avventura, libert\u00e0 e un'esperienza di viaggio pi\u00f9 intensa, allora la moto fa per voi.<\/p>\n\n\n\n<h3 class=\"wp-block-heading\"><strong>Conclusione: Fate la scelta pi\u00f9 adatta al vostro viaggio<\/strong><\/h3>\n\n\n\n<p>Le vacanze sono un'opportunit\u00e0 unica per rilassarsi, vedere nuovi posti e creare ricordi. Il mezzo di trasporto scelto pu\u00f2 fare un'enorme differenza per la vostra esperienza. In moto o in auto, <strong>\u00e8 importante sentirsi sicuri, a proprio agio e liberi<\/strong> Valutate il tipo di viaggio che volete fare, le condizioni della destinazione e le vostre preferenze personali. E non dimenticate: qualunque sia il veicolo su cui scegliete di salire, <strong>il vero viaggio inizia sempre dentro di voi<\/strong>..<\/p>","protected":false},"excerpt":{"rendered":"<p>\u038c\u03c4\u03b1\u03bd \u03ad\u03c1\u03c7\u03b5\u03c4\u03b1\u03b9 \u03b7 \u03ce\u03c1\u03b1 \u03bd\u03b1 \u03bf\u03c1\u03b3\u03b1\u03bd\u03ce\u03c3\u03b5\u03b9\u03c2 \u03c4\u03b9\u03c2 \u03b4\u03b9\u03b1\u03ba\u03bf\u03c0\u03ad\u03c2 \u03c3\u03bf\u03c5 \u03c3\u03c4\u03b7\u03bd \u0395\u03bb\u03bb\u03ac\u03b4\u03b1 \u03ae \u03c3\u03c4\u03bf \u03b5\u03be\u03c9\u03c4\u03b5\u03c1\u03b9\u03ba\u03cc, \u03bc\u03af\u03b1 \u03b1\u03c0\u03cc \u03c4\u03b9\u03c2 \u03c0\u03b9\u03bf \u03b2\u03b1\u03c3\u03b9\u03ba\u03ad\u03c2 \u03b1\u03c0\u03bf\u03c6\u03ac\u03c3\u03b5\u03b9\u03c2 \u03b5\u03af\u03bd\u03b1\u03b9 \u03c4\u03bf \u03c0\u03ce\u03c2 \u03b8\u03b1 \u03ba\u03b9\u03bd\u03b7\u03b8\u03b5\u03af\u03c2. \u0398\u03b1<span class=\"excerpt-hellip\"> [\u2026]<\/span><\/p>\n","protected":false},"author":1,"featured_media":412,"comment_status":"open","ping_status":"open","sticky":false,"template":"","format":"standard","meta":{"footnotes":""},"categories":[52],"tags":[53,66,54,89,56,88],"class_list":["post-411","post","type-post","status-publish","format-standard","has-post-thumbnail","hentry","category-52","tag-rent-a-car-igoumenitsa","tag-66","tag-54","tag---2","tag-56","tag-88"],"aioseo_notices":[],"aioseo_head":"\n\t\t<!-- All in One SEO Pro 4.9.4.2 - aioseo.com -->\n\t<meta name=\"description\" content=\"\u0398\u03b1 \u03b5\u03c0\u03b9\u03bb\u03ad\u03be\u03b5\u03b9\u03c2 \u03c4\u03b7\u03bd \u03ac\u03bd\u03b5\u03c3\u03b7 \u03ba\u03b1\u03b9 \u03c4\u03b7\u03bd \u03b1\u03c3\u03c6\u03ac\u03bb\u03b5\u03b9\u03b1 \u03b5\u03bd\u03cc\u03c2 \u03b1\u03c5\u03c4\u03bf\u03ba\u03b9\u03bd\u03ae\u03c4\u03bf\u03c5 \u03ae \u03b8\u03b1 \u03c0\u03c1\u03bf\u03c4\u03b9\u03bc\u03ae\u03c3\u03b5\u03b9\u03c2 \u03c4\u03b7\u03bd \u03b5\u03bb\u03b5\u03c5\u03b8\u03b5\u03c1\u03af\u03b1 \u03ba\u03b1\u03b9 \u03c4\u03bf\u03bd \u03b1\u03ad\u03c1\u03b1 \u03c4\u03b7\u03c2 \u03bc\u03b7\u03c7\u03b1\u03bd\u03ae\u03c2; \u0397 \u03b5\u03c0\u03b9\u03bb\u03bf\u03b3\u03ae \u03b3\u03b9\u03b1 \u03c4\u03b9\u03c2 \u03b4\u03b9\u03b1\u03ba\u03bf\u03c0\u03ad\u03c2 \u03b4\u03b5\u03bd \u03b5\u03af\u03bd\u03b1\u03b9 \u03b5\u03cd\u03ba\u03bf\u03bb\u03b7.\" \/>\n\t<meta name=\"robots\" content=\"max-image-preview:large\" \/>\n\t<meta name=\"author\" content=\"Rent A Car Igoumenitsa\"\/>\n\t<meta name=\"google-site-verification\" content=\"S6xm9OozgzUNlz1XGUsqKaiQUGsb8eKTPjRIqVmbJRU\" \/>\n\t<link rel=\"canonical\" href=\"https:\/\/rentacarigoumenitsa.gr\/it\/aftokinito-i-michani-ti-symferei-perissotero-stis-diakopes\/\" \/>\n\t<meta name=\"generator\" content=\"All in One SEO Pro (AIOSEO) 4.9.4.2\" \/>\n\t\t<meta property=\"og:locale\" content=\"it_IT\" \/>\n\t\t<meta property=\"og:site_name\" content=\"Rent A Car Igoumenitsa -\" \/>\n\t\t<meta property=\"og:type\" content=\"article\" \/>\n\t\t<meta property=\"og:title\" content=\"\u0391\u03c5\u03c4\u03bf\u03ba\u03af\u03bd\u03b7\u03c4\u03bf \u03ae \u03bc\u03b7\u03c7\u03b1\u03bd\u03ae; \u03a4\u03b9 \u03c3\u03c5\u03bc\u03c6\u03ad\u03c1\u03b5\u03b9 \u03c0\u03b5\u03c1\u03b9\u03c3\u03c3\u03cc\u03c4\u03b5\u03c1\u03bf \u03c3\u03c4\u03b9\u03c2 \u03b4\u03b9\u03b1\u03ba\u03bf\u03c0\u03ad\u03c2\" \/>\n\t\t<meta property=\"og:description\" content=\"\u0398\u03b1 \u03b5\u03c0\u03b9\u03bb\u03ad\u03be\u03b5\u03b9\u03c2 \u03c4\u03b7\u03bd \u03ac\u03bd\u03b5\u03c3\u03b7 \u03ba\u03b1\u03b9 \u03c4\u03b7\u03bd \u03b1\u03c3\u03c6\u03ac\u03bb\u03b5\u03b9\u03b1 \u03b5\u03bd\u03cc\u03c2 \u03b1\u03c5\u03c4\u03bf\u03ba\u03b9\u03bd\u03ae\u03c4\u03bf\u03c5 \u03ae \u03b8\u03b1 \u03c0\u03c1\u03bf\u03c4\u03b9\u03bc\u03ae\u03c3\u03b5\u03b9\u03c2 \u03c4\u03b7\u03bd \u03b5\u03bb\u03b5\u03c5\u03b8\u03b5\u03c1\u03af\u03b1 \u03ba\u03b1\u03b9 \u03c4\u03bf\u03bd \u03b1\u03ad\u03c1\u03b1 \u03c4\u03b7\u03c2 \u03bc\u03b7\u03c7\u03b1\u03bd\u03ae\u03c2; \u0397 \u03b5\u03c0\u03b9\u03bb\u03bf\u03b3\u03ae \u03b3\u03b9\u03b1 \u03c4\u03b9\u03c2 \u03b4\u03b9\u03b1\u03ba\u03bf\u03c0\u03ad\u03c2 \u03b4\u03b5\u03bd \u03b5\u03af\u03bd\u03b1\u03b9 \u03b5\u03cd\u03ba\u03bf\u03bb\u03b7.\" \/>\n\t\t<meta property=\"og:url\" content=\"https:\/\/rentacarigoumenitsa.gr\/it\/aftokinito-i-michani-ti-symferei-perissotero-stis-diakopes\/\" \/>\n\t\t<meta property=\"og:image\" content=\"https:\/\/rentacarigoumenitsa.gr\/wp-content\/uploads\/2025\/07\/kgvjn.png\" \/>\n\t\t<meta property=\"og:image:secure_url\" content=\"https:\/\/rentacarigoumenitsa.gr\/wp-content\/uploads\/2025\/07\/kgvjn.png\" \/>\n\t\t<meta property=\"og:image:width\" content=\"1080\" \/>\n\t\t<meta property=\"og:image:height\" content=\"1080\" \/>\n\t\t<meta property=\"article:published_time\" content=\"2025-07-19T15:56:50+00:00\" \/>\n\t\t<meta property=\"article:modified_time\" content=\"2025-07-19T15:56:57+00:00\" \/>\n\t\t<meta property=\"article:publisher\" content=\"https:\/\/www.facebook.com\/rentacarigoumenitsa\/\" \/>\n\t\t<meta name=\"twitter:card\" content=\"summary_large_image\" \/>\n\t\t<meta name=\"twitter:title\" content=\"\u0391\u03c5\u03c4\u03bf\u03ba\u03af\u03bd\u03b7\u03c4\u03bf \u03ae \u03bc\u03b7\u03c7\u03b1\u03bd\u03ae; \u03a4\u03b9 \u03c3\u03c5\u03bc\u03c6\u03ad\u03c1\u03b5\u03b9 \u03c0\u03b5\u03c1\u03b9\u03c3\u03c3\u03cc\u03c4\u03b5\u03c1\u03bf \u03c3\u03c4\u03b9\u03c2 \u03b4\u03b9\u03b1\u03ba\u03bf\u03c0\u03ad\u03c2\" \/>\n\t\t<meta name=\"twitter:description\" content=\"\u0398\u03b1 \u03b5\u03c0\u03b9\u03bb\u03ad\u03be\u03b5\u03b9\u03c2 \u03c4\u03b7\u03bd \u03ac\u03bd\u03b5\u03c3\u03b7 \u03ba\u03b1\u03b9 \u03c4\u03b7\u03bd \u03b1\u03c3\u03c6\u03ac\u03bb\u03b5\u03b9\u03b1 \u03b5\u03bd\u03cc\u03c2 \u03b1\u03c5\u03c4\u03bf\u03ba\u03b9\u03bd\u03ae\u03c4\u03bf\u03c5 \u03ae \u03b8\u03b1 \u03c0\u03c1\u03bf\u03c4\u03b9\u03bc\u03ae\u03c3\u03b5\u03b9\u03c2 \u03c4\u03b7\u03bd \u03b5\u03bb\u03b5\u03c5\u03b8\u03b5\u03c1\u03af\u03b1 \u03ba\u03b1\u03b9 \u03c4\u03bf\u03bd \u03b1\u03ad\u03c1\u03b1 \u03c4\u03b7\u03c2 \u03bc\u03b7\u03c7\u03b1\u03bd\u03ae\u03c2; \u0397 \u03b5\u03c0\u03b9\u03bb\u03bf\u03b3\u03ae \u03b3\u03b9\u03b1 \u03c4\u03b9\u03c2 \u03b4\u03b9\u03b1\u03ba\u03bf\u03c0\u03ad\u03c2 \u03b4\u03b5\u03bd \u03b5\u03af\u03bd\u03b1\u03b9 \u03b5\u03cd\u03ba\u03bf\u03bb\u03b7.\" \/>\n\t\t<meta name=\"twitter:image\" content=\"https:\/\/rentacarigoumenitsa.gr\/wp-content\/uploads\/2023\/12\/fb-cover.jpg\" \/>\n\t\t<script type=\"application\/ld+json\" class=\"aioseo-schema\">\n\t\t\t{\"@context\":\"https:\\\/\\\/schema.org\",\"@graph\":[{\"@type\":\"BlogPosting\",\"@id\":\"https:\\\/\\\/rentacarigoumenitsa.gr\\\/it\\\/aftokinito-i-michani-ti-symferei-perissotero-stis-diakopes\\\/#blogposting\",\"name\":\"\\u0391\\u03c5\\u03c4\\u03bf\\u03ba\\u03af\\u03bd\\u03b7\\u03c4\\u03bf \\u03ae \\u03bc\\u03b7\\u03c7\\u03b1\\u03bd\\u03ae; \\u03a4\\u03b9 \\u03c3\\u03c5\\u03bc\\u03c6\\u03ad\\u03c1\\u03b5\\u03b9 \\u03c0\\u03b5\\u03c1\\u03b9\\u03c3\\u03c3\\u03cc\\u03c4\\u03b5\\u03c1\\u03bf \\u03c3\\u03c4\\u03b9\\u03c2 \\u03b4\\u03b9\\u03b1\\u03ba\\u03bf\\u03c0\\u03ad\\u03c2\",\"headline\":\"\\u0391\\u03c5\\u03c4\\u03bf\\u03ba\\u03af\\u03bd\\u03b7\\u03c4\\u03bf \\u03ae \\u03bc\\u03b7\\u03c7\\u03b1\\u03bd\\u03ae; \\u03a4\\u03b9 \\u03c3\\u03c5\\u03bc\\u03c6\\u03ad\\u03c1\\u03b5\\u03b9 \\u03c0\\u03b5\\u03c1\\u03b9\\u03c3\\u03c3\\u03cc\\u03c4\\u03b5\\u03c1\\u03bf \\u03c3\\u03c4\\u03b9\\u03c2 \\u03b4\\u03b9\\u03b1\\u03ba\\u03bf\\u03c0\\u03ad\\u03c2\",\"author\":{\"@id\":\"https:\\\/\\\/rentacarigoumenitsa.gr\\\/it\\\/author\\\/r234digou\\\/#author\"},\"publisher\":{\"@id\":\"https:\\\/\\\/rentacarigoumenitsa.gr\\\/it\\\/#organization\"},\"image\":{\"@type\":\"ImageObject\",\"url\":\"https:\\\/\\\/rentacarigoumenitsa.gr\\\/wp-content\\\/uploads\\\/2025\\\/07\\\/kgvjn.png\",\"width\":1080,\"height\":1080},\"datePublished\":\"2025-07-19T18:56:50+03:00\",\"dateModified\":\"2025-07-19T18:56:57+03:00\",\"inLanguage\":\"it-IT\",\"mainEntityOfPage\":{\"@id\":\"https:\\\/\\\/rentacarigoumenitsa.gr\\\/it\\\/aftokinito-i-michani-ti-symferei-perissotero-stis-diakopes\\\/#webpage\"},\"isPartOf\":{\"@id\":\"https:\\\/\\\/rentacarigoumenitsa.gr\\\/it\\\/aftokinito-i-michani-ti-symferei-perissotero-stis-diakopes\\\/#webpage\"},\"articleSection\":\"\\u0395\\u03bd\\u03bf\\u03b9\\u03ba\\u03af\\u03b1\\u03c3\\u03b7 \\u0391\\u03c5\\u03c4\\u03bf\\u03ba\\u03b9\\u03bd\\u03ae\\u03c4\\u03bf\\u03c5, rent a car igoumenitsa, \\u03b5\\u03bb\\u03bb\\u03ac\\u03b4\\u03b1, \\u03b5\\u03bd\\u03bf\\u03b9\\u03ba\\u03af\\u03b1\\u03c3\\u03b7 \\u03b1\\u03c5\\u03c4\\u03bf\\u03ba\\u03b9\\u03bd\\u03ae\\u03c4\\u03bf\\u03c5, \\u0395\\u03bd\\u03bf\\u03b9\\u03ba\\u03af\\u03b1\\u03c3\\u03b7 \\u0391\\u03c5\\u03c4\\u03bf\\u03ba\\u03b9\\u03bd\\u03ae\\u03c4\\u03bf\\u03c5, \\u03b7\\u03b3\\u03bf\\u03c5\\u03bc\\u03b5\\u03bd\\u03af\\u03c4\\u03c3\\u03b1, \\u03a4\\u03bf\\u03c5\\u03c1\\u03b9\\u03c3\\u03bc\\u03cc\\u03c2\"},{\"@type\":\"BreadcrumbList\",\"@id\":\"https:\\\/\\\/rentacarigoumenitsa.gr\\\/it\\\/aftokinito-i-michani-ti-symferei-perissotero-stis-diakopes\\\/#breadcrumblist\",\"itemListElement\":[{\"@type\":\"ListItem\",\"@id\":\"https:\\\/\\\/rentacarigoumenitsa.gr\\\/it#listItem\",\"position\":1,\"name\":\"Home\",\"item\":\"https:\\\/\\\/rentacarigoumenitsa.gr\\\/it\",\"nextItem\":{\"@type\":\"ListItem\",\"@id\":\"https:\\\/\\\/rentacarigoumenitsa.gr\\\/it\\\/category\\\/%ce%b5%ce%bd%ce%bf%ce%b9%ce%ba%ce%af%ce%b1%cf%83%ce%b7-%ce%b1%cf%85%cf%84%ce%bf%ce%ba%ce%b9%ce%bd%ce%ae%cf%84%ce%bf%cf%85\\\/#listItem\",\"name\":\"\\u0395\\u03bd\\u03bf\\u03b9\\u03ba\\u03af\\u03b1\\u03c3\\u03b7 \\u0391\\u03c5\\u03c4\\u03bf\\u03ba\\u03b9\\u03bd\\u03ae\\u03c4\\u03bf\\u03c5\"}},{\"@type\":\"ListItem\",\"@id\":\"https:\\\/\\\/rentacarigoumenitsa.gr\\\/it\\\/category\\\/%ce%b5%ce%bd%ce%bf%ce%b9%ce%ba%ce%af%ce%b1%cf%83%ce%b7-%ce%b1%cf%85%cf%84%ce%bf%ce%ba%ce%b9%ce%bd%ce%ae%cf%84%ce%bf%cf%85\\\/#listItem\",\"position\":2,\"name\":\"\\u0395\\u03bd\\u03bf\\u03b9\\u03ba\\u03af\\u03b1\\u03c3\\u03b7 \\u0391\\u03c5\\u03c4\\u03bf\\u03ba\\u03b9\\u03bd\\u03ae\\u03c4\\u03bf\\u03c5\",\"item\":\"https:\\\/\\\/rentacarigoumenitsa.gr\\\/it\\\/category\\\/%ce%b5%ce%bd%ce%bf%ce%b9%ce%ba%ce%af%ce%b1%cf%83%ce%b7-%ce%b1%cf%85%cf%84%ce%bf%ce%ba%ce%b9%ce%bd%ce%ae%cf%84%ce%bf%cf%85\\\/\",\"nextItem\":{\"@type\":\"ListItem\",\"@id\":\"https:\\\/\\\/rentacarigoumenitsa.gr\\\/it\\\/aftokinito-i-michani-ti-symferei-perissotero-stis-diakopes\\\/#listItem\",\"name\":\"\\u0391\\u03c5\\u03c4\\u03bf\\u03ba\\u03af\\u03bd\\u03b7\\u03c4\\u03bf \\u03ae \\u03bc\\u03b7\\u03c7\\u03b1\\u03bd\\u03ae; \\u03a4\\u03b9 \\u03c3\\u03c5\\u03bc\\u03c6\\u03ad\\u03c1\\u03b5\\u03b9 \\u03c0\\u03b5\\u03c1\\u03b9\\u03c3\\u03c3\\u03cc\\u03c4\\u03b5\\u03c1\\u03bf \\u03c3\\u03c4\\u03b9\\u03c2 \\u03b4\\u03b9\\u03b1\\u03ba\\u03bf\\u03c0\\u03ad\\u03c2\"},\"previousItem\":{\"@type\":\"ListItem\",\"@id\":\"https:\\\/\\\/rentacarigoumenitsa.gr\\\/it#listItem\",\"name\":\"Home\"}},{\"@type\":\"ListItem\",\"@id\":\"https:\\\/\\\/rentacarigoumenitsa.gr\\\/it\\\/aftokinito-i-michani-ti-symferei-perissotero-stis-diakopes\\\/#listItem\",\"position\":3,\"name\":\"\\u0391\\u03c5\\u03c4\\u03bf\\u03ba\\u03af\\u03bd\\u03b7\\u03c4\\u03bf \\u03ae \\u03bc\\u03b7\\u03c7\\u03b1\\u03bd\\u03ae; \\u03a4\\u03b9 \\u03c3\\u03c5\\u03bc\\u03c6\\u03ad\\u03c1\\u03b5\\u03b9 \\u03c0\\u03b5\\u03c1\\u03b9\\u03c3\\u03c3\\u03cc\\u03c4\\u03b5\\u03c1\\u03bf \\u03c3\\u03c4\\u03b9\\u03c2 \\u03b4\\u03b9\\u03b1\\u03ba\\u03bf\\u03c0\\u03ad\\u03c2\",\"previousItem\":{\"@type\":\"ListItem\",\"@id\":\"https:\\\/\\\/rentacarigoumenitsa.gr\\\/it\\\/category\\\/%ce%b5%ce%bd%ce%bf%ce%b9%ce%ba%ce%af%ce%b1%cf%83%ce%b7-%ce%b1%cf%85%cf%84%ce%bf%ce%ba%ce%b9%ce%bd%ce%ae%cf%84%ce%bf%cf%85\\\/#listItem\",\"name\":\"\\u0395\\u03bd\\u03bf\\u03b9\\u03ba\\u03af\\u03b1\\u03c3\\u03b7 \\u0391\\u03c5\\u03c4\\u03bf\\u03ba\\u03b9\\u03bd\\u03ae\\u03c4\\u03bf\\u03c5\"}}]},{\"@type\":\"Organization\",\"@id\":\"https:\\\/\\\/rentacarigoumenitsa.gr\\\/it\\\/#organization\",\"name\":\"Rent A Car Igoumenitsa\",\"url\":\"https:\\\/\\\/rentacarigoumenitsa.gr\\\/it\\\/\",\"email\":\"igourent@gmail.com\",\"telephone\":\"+302665027666\",\"logo\":{\"@type\":\"ImageObject\",\"url\":\"https:\\\/\\\/rentacarigoumenitsa.gr\\\/wp-content\\\/uploads\\\/2023\\\/11\\\/logo-mobile.png\",\"@id\":\"https:\\\/\\\/rentacarigoumenitsa.gr\\\/it\\\/aftokinito-i-michani-ti-symferei-perissotero-stis-diakopes\\\/#organizationLogo\",\"width\":250,\"height\":100},\"image\":{\"@id\":\"https:\\\/\\\/rentacarigoumenitsa.gr\\\/it\\\/aftokinito-i-michani-ti-symferei-perissotero-stis-diakopes\\\/#organizationLogo\"},\"sameAs\":[\"https:\\\/\\\/www.facebook.com\\\/rentacarigoumenitsa\\\/\",\"https:\\\/\\\/www.instagram.com\\\/rentcarigoumenitsa\\\/\",\"https:\\\/\\\/www.youtube.com\\\/@rentacarigoumenitsa\"],\"address\":{\"@id\":\"https:\\\/\\\/rentacarigoumenitsa.gr\\\/it\\\/#postaladdress\",\"@type\":\"PostalAddress\",\"streetAddress\":\"Agion Apostolon 39-41,\",\"postalCode\":\"46100\",\"addressLocality\":\"Igoumenitsa\",\"addressRegion\":\"Thesprotia\",\"addressCountry\":\"GR\"},\"vatID\":\"EL121704960\"},{\"@type\":\"Person\",\"@id\":\"https:\\\/\\\/rentacarigoumenitsa.gr\\\/it\\\/author\\\/r234digou\\\/#author\",\"url\":\"https:\\\/\\\/rentacarigoumenitsa.gr\\\/it\\\/author\\\/r234digou\\\/\",\"name\":\"Rent A Car Igoumenitsa\",\"image\":{\"@type\":\"ImageObject\",\"@id\":\"https:\\\/\\\/rentacarigoumenitsa.gr\\\/it\\\/aftokinito-i-michani-ti-symferei-perissotero-stis-diakopes\\\/#authorImage\",\"url\":\"https:\\\/\\\/secure.gravatar.com\\\/avatar\\\/b0b84ab4d14d5f8ae68249bf4101f022df1c7a8f51673576528c824772929605?s=96&d=mm&r=g\",\"width\":96,\"height\":96,\"caption\":\"Rent A Car Igoumenitsa\"}},{\"@type\":\"WebPage\",\"@id\":\"https:\\\/\\\/rentacarigoumenitsa.gr\\\/it\\\/aftokinito-i-michani-ti-symferei-perissotero-stis-diakopes\\\/#webpage\",\"url\":\"https:\\\/\\\/rentacarigoumenitsa.gr\\\/it\\\/aftokinito-i-michani-ti-symferei-perissotero-stis-diakopes\\\/\",\"name\":\"\\u0391\\u03c5\\u03c4\\u03bf\\u03ba\\u03af\\u03bd\\u03b7\\u03c4\\u03bf \\u03ae \\u03bc\\u03b7\\u03c7\\u03b1\\u03bd\\u03ae; \\u03a4\\u03b9 \\u03c3\\u03c5\\u03bc\\u03c6\\u03ad\\u03c1\\u03b5\\u03b9 \\u03c0\\u03b5\\u03c1\\u03b9\\u03c3\\u03c3\\u03cc\\u03c4\\u03b5\\u03c1\\u03bf \\u03c3\\u03c4\\u03b9\\u03c2 \\u03b4\\u03b9\\u03b1\\u03ba\\u03bf\\u03c0\\u03ad\\u03c2\",\"description\":\"\\u0398\\u03b1 \\u03b5\\u03c0\\u03b9\\u03bb\\u03ad\\u03be\\u03b5\\u03b9\\u03c2 \\u03c4\\u03b7\\u03bd \\u03ac\\u03bd\\u03b5\\u03c3\\u03b7 \\u03ba\\u03b1\\u03b9 \\u03c4\\u03b7\\u03bd \\u03b1\\u03c3\\u03c6\\u03ac\\u03bb\\u03b5\\u03b9\\u03b1 \\u03b5\\u03bd\\u03cc\\u03c2 \\u03b1\\u03c5\\u03c4\\u03bf\\u03ba\\u03b9\\u03bd\\u03ae\\u03c4\\u03bf\\u03c5 \\u03ae \\u03b8\\u03b1 \\u03c0\\u03c1\\u03bf\\u03c4\\u03b9\\u03bc\\u03ae\\u03c3\\u03b5\\u03b9\\u03c2 \\u03c4\\u03b7\\u03bd \\u03b5\\u03bb\\u03b5\\u03c5\\u03b8\\u03b5\\u03c1\\u03af\\u03b1 \\u03ba\\u03b1\\u03b9 \\u03c4\\u03bf\\u03bd \\u03b1\\u03ad\\u03c1\\u03b1 \\u03c4\\u03b7\\u03c2 \\u03bc\\u03b7\\u03c7\\u03b1\\u03bd\\u03ae\\u03c2; \\u0397 \\u03b5\\u03c0\\u03b9\\u03bb\\u03bf\\u03b3\\u03ae \\u03b3\\u03b9\\u03b1 \\u03c4\\u03b9\\u03c2 \\u03b4\\u03b9\\u03b1\\u03ba\\u03bf\\u03c0\\u03ad\\u03c2 \\u03b4\\u03b5\\u03bd \\u03b5\\u03af\\u03bd\\u03b1\\u03b9 \\u03b5\\u03cd\\u03ba\\u03bf\\u03bb\\u03b7.\",\"inLanguage\":\"it-IT\",\"isPartOf\":{\"@id\":\"https:\\\/\\\/rentacarigoumenitsa.gr\\\/it\\\/#website\"},\"breadcrumb\":{\"@id\":\"https:\\\/\\\/rentacarigoumenitsa.gr\\\/it\\\/aftokinito-i-michani-ti-symferei-perissotero-stis-diakopes\\\/#breadcrumblist\"},\"author\":{\"@id\":\"https:\\\/\\\/rentacarigoumenitsa.gr\\\/it\\\/author\\\/r234digou\\\/#author\"},\"creator\":{\"@id\":\"https:\\\/\\\/rentacarigoumenitsa.gr\\\/it\\\/author\\\/r234digou\\\/#author\"},\"image\":{\"@type\":\"ImageObject\",\"url\":\"https:\\\/\\\/rentacarigoumenitsa.gr\\\/wp-content\\\/uploads\\\/2025\\\/07\\\/kgvjn.png\",\"@id\":\"https:\\\/\\\/rentacarigoumenitsa.gr\\\/it\\\/aftokinito-i-michani-ti-symferei-perissotero-stis-diakopes\\\/#mainImage\",\"width\":1080,\"height\":1080},\"primaryImageOfPage\":{\"@id\":\"https:\\\/\\\/rentacarigoumenitsa.gr\\\/it\\\/aftokinito-i-michani-ti-symferei-perissotero-stis-diakopes\\\/#mainImage\"},\"datePublished\":\"2025-07-19T18:56:50+03:00\",\"dateModified\":\"2025-07-19T18:56:57+03:00\"},{\"@type\":\"WebSite\",\"@id\":\"https:\\\/\\\/rentacarigoumenitsa.gr\\\/it\\\/#website\",\"url\":\"https:\\\/\\\/rentacarigoumenitsa.gr\\\/it\\\/\",\"name\":\"Rent A Car Igoumenitsa\",\"alternateName\":\"\\u0395\\u03bd\\u03bf\\u03b9\\u03ba\\u03af\\u03b1\\u03c3\\u03b7 \\u03b1\\u03c5\\u03c4\\u03bf\\u03ba\\u03b9\\u03bd\\u03ae\\u03c4\\u03bf\\u03c5 \\u0397\\u03b3\\u03bf\\u03c5\\u03bc\\u03b5\\u03bd\\u03af\\u03c4\\u03c3\\u03b1\",\"inLanguage\":\"it-IT\",\"publisher\":{\"@id\":\"https:\\\/\\\/rentacarigoumenitsa.gr\\\/it\\\/#organization\"}}]}\n\t\t<\/script>\n\t\t<!-- All in One SEO Pro -->\r\n\t\t<title>\u0391\u03c5\u03c4\u03bf\u03ba\u03af\u03bd\u03b7\u03c4\u03bf \u03ae \u03bc\u03b7\u03c7\u03b1\u03bd\u03ae; \u03a4\u03b9 \u03c3\u03c5\u03bc\u03c6\u03ad\u03c1\u03b5\u03b9 \u03c0\u03b5\u03c1\u03b9\u03c3\u03c3\u03cc\u03c4\u03b5\u03c1\u03bf \u03c3\u03c4\u03b9\u03c2 \u03b4\u03b9\u03b1\u03ba\u03bf\u03c0\u03ad\u03c2<\/title>\n\n","aioseo_head_json":{"title":"Auto o moto? Cosa \u00e8 pi\u00f9 vantaggioso in vacanza","description":"Sceglierete il comfort e la sicurezza di un'auto o la libert\u00e0 e l'aria di una moto? La scelta per le vacanze non \u00e8 facile.","canonical_url":"https:\/\/rentacarigoumenitsa.gr\/it\/aftokinito-i-michani-ti-symferei-perissotero-stis-diakopes\/","robots":"max-image-preview:large","keywords":"","webmasterTools":{"google-site-verification":"S6xm9OozgzUNlz1XGUsqKaiQUGsb8eKTPjRIqVmbJRU","miscellaneous":""},"schema":{"@context":"https:\/\/schema.org","@graph":[{"@type":"BlogPosting","@id":"https:\/\/rentacarigoumenitsa.gr\/it\/aftokinito-i-michani-ti-symferei-perissotero-stis-diakopes\/#blogposting","name":"\u0391\u03c5\u03c4\u03bf\u03ba\u03af\u03bd\u03b7\u03c4\u03bf \u03ae \u03bc\u03b7\u03c7\u03b1\u03bd\u03ae; \u03a4\u03b9 \u03c3\u03c5\u03bc\u03c6\u03ad\u03c1\u03b5\u03b9 \u03c0\u03b5\u03c1\u03b9\u03c3\u03c3\u03cc\u03c4\u03b5\u03c1\u03bf \u03c3\u03c4\u03b9\u03c2 \u03b4\u03b9\u03b1\u03ba\u03bf\u03c0\u03ad\u03c2","headline":"\u0391\u03c5\u03c4\u03bf\u03ba\u03af\u03bd\u03b7\u03c4\u03bf \u03ae \u03bc\u03b7\u03c7\u03b1\u03bd\u03ae; \u03a4\u03b9 \u03c3\u03c5\u03bc\u03c6\u03ad\u03c1\u03b5\u03b9 \u03c0\u03b5\u03c1\u03b9\u03c3\u03c3\u03cc\u03c4\u03b5\u03c1\u03bf \u03c3\u03c4\u03b9\u03c2 \u03b4\u03b9\u03b1\u03ba\u03bf\u03c0\u03ad\u03c2","author":{"@id":"https:\/\/rentacarigoumenitsa.gr\/it\/author\/r234digou\/#author"},"publisher":{"@id":"https:\/\/rentacarigoumenitsa.gr\/it\/#organization"},"image":{"@type":"ImageObject","url":"https:\/\/rentacarigoumenitsa.gr\/wp-content\/uploads\/2025\/07\/kgvjn.png","width":1080,"height":1080},"datePublished":"2025-07-19T18:56:50+03:00","dateModified":"2025-07-19T18:56:57+03:00","inLanguage":"it-IT","mainEntityOfPage":{"@id":"https:\/\/rentacarigoumenitsa.gr\/it\/aftokinito-i-michani-ti-symferei-perissotero-stis-diakopes\/#webpage"},"isPartOf":{"@id":"https:\/\/rentacarigoumenitsa.gr\/it\/aftokinito-i-michani-ti-symferei-perissotero-stis-diakopes\/#webpage"},"articleSection":"\u0395\u03bd\u03bf\u03b9\u03ba\u03af\u03b1\u03c3\u03b7 \u0391\u03c5\u03c4\u03bf\u03ba\u03b9\u03bd\u03ae\u03c4\u03bf\u03c5, rent a car igoumenitsa, \u03b5\u03bb\u03bb\u03ac\u03b4\u03b1, \u03b5\u03bd\u03bf\u03b9\u03ba\u03af\u03b1\u03c3\u03b7 \u03b1\u03c5\u03c4\u03bf\u03ba\u03b9\u03bd\u03ae\u03c4\u03bf\u03c5, \u0395\u03bd\u03bf\u03b9\u03ba\u03af\u03b1\u03c3\u03b7 \u0391\u03c5\u03c4\u03bf\u03ba\u03b9\u03bd\u03ae\u03c4\u03bf\u03c5, \u03b7\u03b3\u03bf\u03c5\u03bc\u03b5\u03bd\u03af\u03c4\u03c3\u03b1, \u03a4\u03bf\u03c5\u03c1\u03b9\u03c3\u03bc\u03cc\u03c2"},{"@type":"BreadcrumbList","@id":"https:\/\/rentacarigoumenitsa.gr\/it\/aftokinito-i-michani-ti-symferei-perissotero-stis-diakopes\/#breadcrumblist","itemListElement":[{"@type":"ListItem","@id":"https:\/\/rentacarigoumenitsa.gr\/it#listItem","position":1,"name":"Home","item":"https:\/\/rentacarigoumenitsa.gr\/it","nextItem":{"@type":"ListItem","@id":"https:\/\/rentacarigoumenitsa.gr\/it\/category\/%ce%b5%ce%bd%ce%bf%ce%b9%ce%ba%ce%af%ce%b1%cf%83%ce%b7-%ce%b1%cf%85%cf%84%ce%bf%ce%ba%ce%b9%ce%bd%ce%ae%cf%84%ce%bf%cf%85\/#listItem","name":"\u0395\u03bd\u03bf\u03b9\u03ba\u03af\u03b1\u03c3\u03b7 \u0391\u03c5\u03c4\u03bf\u03ba\u03b9\u03bd\u03ae\u03c4\u03bf\u03c5"}},{"@type":"ListItem","@id":"https:\/\/rentacarigoumenitsa.gr\/it\/category\/%ce%b5%ce%bd%ce%bf%ce%b9%ce%ba%ce%af%ce%b1%cf%83%ce%b7-%ce%b1%cf%85%cf%84%ce%bf%ce%ba%ce%b9%ce%bd%ce%ae%cf%84%ce%bf%cf%85\/#listItem","position":2,"name":"\u0395\u03bd\u03bf\u03b9\u03ba\u03af\u03b1\u03c3\u03b7 \u0391\u03c5\u03c4\u03bf\u03ba\u03b9\u03bd\u03ae\u03c4\u03bf\u03c5","item":"https:\/\/rentacarigoumenitsa.gr\/it\/category\/%ce%b5%ce%bd%ce%bf%ce%b9%ce%ba%ce%af%ce%b1%cf%83%ce%b7-%ce%b1%cf%85%cf%84%ce%bf%ce%ba%ce%b9%ce%bd%ce%ae%cf%84%ce%bf%cf%85\/","nextItem":{"@type":"ListItem","@id":"https:\/\/rentacarigoumenitsa.gr\/it\/aftokinito-i-michani-ti-symferei-perissotero-stis-diakopes\/#listItem","name":"\u0391\u03c5\u03c4\u03bf\u03ba\u03af\u03bd\u03b7\u03c4\u03bf \u03ae \u03bc\u03b7\u03c7\u03b1\u03bd\u03ae; \u03a4\u03b9 \u03c3\u03c5\u03bc\u03c6\u03ad\u03c1\u03b5\u03b9 \u03c0\u03b5\u03c1\u03b9\u03c3\u03c3\u03cc\u03c4\u03b5\u03c1\u03bf \u03c3\u03c4\u03b9\u03c2 \u03b4\u03b9\u03b1\u03ba\u03bf\u03c0\u03ad\u03c2"},"previousItem":{"@type":"ListItem","@id":"https:\/\/rentacarigoumenitsa.gr\/it#listItem","name":"Home"}},{"@type":"ListItem","@id":"https:\/\/rentacarigoumenitsa.gr\/it\/aftokinito-i-michani-ti-symferei-perissotero-stis-diakopes\/#listItem","position":3,"name":"\u0391\u03c5\u03c4\u03bf\u03ba\u03af\u03bd\u03b7\u03c4\u03bf \u03ae \u03bc\u03b7\u03c7\u03b1\u03bd\u03ae; \u03a4\u03b9 \u03c3\u03c5\u03bc\u03c6\u03ad\u03c1\u03b5\u03b9 \u03c0\u03b5\u03c1\u03b9\u03c3\u03c3\u03cc\u03c4\u03b5\u03c1\u03bf \u03c3\u03c4\u03b9\u03c2 \u03b4\u03b9\u03b1\u03ba\u03bf\u03c0\u03ad\u03c2","previousItem":{"@type":"ListItem","@id":"https:\/\/rentacarigoumenitsa.gr\/it\/category\/%ce%b5%ce%bd%ce%bf%ce%b9%ce%ba%ce%af%ce%b1%cf%83%ce%b7-%ce%b1%cf%85%cf%84%ce%bf%ce%ba%ce%b9%ce%bd%ce%ae%cf%84%ce%bf%cf%85\/#listItem","name":"\u0395\u03bd\u03bf\u03b9\u03ba\u03af\u03b1\u03c3\u03b7 \u0391\u03c5\u03c4\u03bf\u03ba\u03b9\u03bd\u03ae\u03c4\u03bf\u03c5"}}]},{"@type":"Organization","@id":"https:\/\/rentacarigoumenitsa.gr\/it\/#organization","name":"Rent A Car Igoumenitsa","url":"https:\/\/rentacarigoumenitsa.gr\/it\/","email":"igourent@gmail.com","telephone":"+302665027666","logo":{"@type":"ImageObject","url":"https:\/\/rentacarigoumenitsa.gr\/wp-content\/uploads\/2023\/11\/logo-mobile.png","@id":"https:\/\/rentacarigoumenitsa.gr\/it\/aftokinito-i-michani-ti-symferei-perissotero-stis-diakopes\/#organizationLogo","width":250,"height":100},"image":{"@id":"https:\/\/rentacarigoumenitsa.gr\/it\/aftokinito-i-michani-ti-symferei-perissotero-stis-diakopes\/#organizationLogo"},"sameAs":["https:\/\/www.facebook.com\/rentacarigoumenitsa\/","https:\/\/www.instagram.com\/rentcarigoumenitsa\/","https:\/\/www.youtube.com\/@rentacarigoumenitsa"],"address":{"@id":"https:\/\/rentacarigoumenitsa.gr\/it\/#postaladdress","@type":"PostalAddress","streetAddress":"Agion Apostolon 39-41,","postalCode":"46100","addressLocality":"Igoumenitsa","addressRegion":"Thesprotia","addressCountry":"GR"},"vatID":"EL121704960"},{"@type":"Person","@id":"https:\/\/rentacarigoumenitsa.gr\/it\/author\/r234digou\/#author","url":"https:\/\/rentacarigoumenitsa.gr\/it\/author\/r234digou\/","name":"Rent A Car Igoumenitsa","image":{"@type":"ImageObject","@id":"https:\/\/rentacarigoumenitsa.gr\/it\/aftokinito-i-michani-ti-symferei-perissotero-stis-diakopes\/#authorImage","url":"https:\/\/secure.gravatar.com\/avatar\/b0b84ab4d14d5f8ae68249bf4101f022df1c7a8f51673576528c824772929605?s=96&d=mm&r=g","width":96,"height":96,"caption":"Rent A Car Igoumenitsa"}},{"@type":"WebPage","@id":"https:\/\/rentacarigoumenitsa.gr\/it\/aftokinito-i-michani-ti-symferei-perissotero-stis-diakopes\/#webpage","url":"https:\/\/rentacarigoumenitsa.gr\/it\/aftokinito-i-michani-ti-symferei-perissotero-stis-diakopes\/","name":"\u0391\u03c5\u03c4\u03bf\u03ba\u03af\u03bd\u03b7\u03c4\u03bf \u03ae \u03bc\u03b7\u03c7\u03b1\u03bd\u03ae; \u03a4\u03b9 \u03c3\u03c5\u03bc\u03c6\u03ad\u03c1\u03b5\u03b9 \u03c0\u03b5\u03c1\u03b9\u03c3\u03c3\u03cc\u03c4\u03b5\u03c1\u03bf \u03c3\u03c4\u03b9\u03c2 \u03b4\u03b9\u03b1\u03ba\u03bf\u03c0\u03ad\u03c2","description":"\u0398\u03b1 \u03b5\u03c0\u03b9\u03bb\u03ad\u03be\u03b5\u03b9\u03c2 \u03c4\u03b7\u03bd \u03ac\u03bd\u03b5\u03c3\u03b7 \u03ba\u03b1\u03b9 \u03c4\u03b7\u03bd \u03b1\u03c3\u03c6\u03ac\u03bb\u03b5\u03b9\u03b1 \u03b5\u03bd\u03cc\u03c2 \u03b1\u03c5\u03c4\u03bf\u03ba\u03b9\u03bd\u03ae\u03c4\u03bf\u03c5 \u03ae \u03b8\u03b1 \u03c0\u03c1\u03bf\u03c4\u03b9\u03bc\u03ae\u03c3\u03b5\u03b9\u03c2 \u03c4\u03b7\u03bd \u03b5\u03bb\u03b5\u03c5\u03b8\u03b5\u03c1\u03af\u03b1 \u03ba\u03b1\u03b9 \u03c4\u03bf\u03bd \u03b1\u03ad\u03c1\u03b1 \u03c4\u03b7\u03c2 \u03bc\u03b7\u03c7\u03b1\u03bd\u03ae\u03c2; \u0397 \u03b5\u03c0\u03b9\u03bb\u03bf\u03b3\u03ae \u03b3\u03b9\u03b1 \u03c4\u03b9\u03c2 \u03b4\u03b9\u03b1\u03ba\u03bf\u03c0\u03ad\u03c2 \u03b4\u03b5\u03bd \u03b5\u03af\u03bd\u03b1\u03b9 \u03b5\u03cd\u03ba\u03bf\u03bb\u03b7.","inLanguage":"it-IT","isPartOf":{"@id":"https:\/\/rentacarigoumenitsa.gr\/it\/#website"},"breadcrumb":{"@id":"https:\/\/rentacarigoumenitsa.gr\/it\/aftokinito-i-michani-ti-symferei-perissotero-stis-diakopes\/#breadcrumblist"},"author":{"@id":"https:\/\/rentacarigoumenitsa.gr\/it\/author\/r234digou\/#author"},"creator":{"@id":"https:\/\/rentacarigoumenitsa.gr\/it\/author\/r234digou\/#author"},"image":{"@type":"ImageObject","url":"https:\/\/rentacarigoumenitsa.gr\/wp-content\/uploads\/2025\/07\/kgvjn.png","@id":"https:\/\/rentacarigoumenitsa.gr\/it\/aftokinito-i-michani-ti-symferei-perissotero-stis-diakopes\/#mainImage","width":1080,"height":1080},"primaryImageOfPage":{"@id":"https:\/\/rentacarigoumenitsa.gr\/it\/aftokinito-i-michani-ti-symferei-perissotero-stis-diakopes\/#mainImage"},"datePublished":"2025-07-19T18:56:50+03:00","dateModified":"2025-07-19T18:56:57+03:00"},{"@type":"WebSite","@id":"https:\/\/rentacarigoumenitsa.gr\/it\/#website","url":"https:\/\/rentacarigoumenitsa.gr\/it\/","name":"Rent A Car Igoumenitsa","alternateName":"\u0395\u03bd\u03bf\u03b9\u03ba\u03af\u03b1\u03c3\u03b7 \u03b1\u03c5\u03c4\u03bf\u03ba\u03b9\u03bd\u03ae\u03c4\u03bf\u03c5 \u0397\u03b3\u03bf\u03c5\u03bc\u03b5\u03bd\u03af\u03c4\u03c3\u03b1","inLanguage":"it-IT","publisher":{"@id":"https:\/\/rentacarigoumenitsa.gr\/it\/#organization"}}]},"og:locale":"it_IT","og:site_name":"Rent A Car Igoumenitsa -","og:type":"article","og:title":"\u0391\u03c5\u03c4\u03bf\u03ba\u03af\u03bd\u03b7\u03c4\u03bf \u03ae \u03bc\u03b7\u03c7\u03b1\u03bd\u03ae; \u03a4\u03b9 \u03c3\u03c5\u03bc\u03c6\u03ad\u03c1\u03b5\u03b9 \u03c0\u03b5\u03c1\u03b9\u03c3\u03c3\u03cc\u03c4\u03b5\u03c1\u03bf \u03c3\u03c4\u03b9\u03c2 \u03b4\u03b9\u03b1\u03ba\u03bf\u03c0\u03ad\u03c2","og:description":"\u0398\u03b1 \u03b5\u03c0\u03b9\u03bb\u03ad\u03be\u03b5\u03b9\u03c2 \u03c4\u03b7\u03bd \u03ac\u03bd\u03b5\u03c3\u03b7 \u03ba\u03b1\u03b9 \u03c4\u03b7\u03bd \u03b1\u03c3\u03c6\u03ac\u03bb\u03b5\u03b9\u03b1 \u03b5\u03bd\u03cc\u03c2 \u03b1\u03c5\u03c4\u03bf\u03ba\u03b9\u03bd\u03ae\u03c4\u03bf\u03c5 \u03ae \u03b8\u03b1 \u03c0\u03c1\u03bf\u03c4\u03b9\u03bc\u03ae\u03c3\u03b5\u03b9\u03c2 \u03c4\u03b7\u03bd \u03b5\u03bb\u03b5\u03c5\u03b8\u03b5\u03c1\u03af\u03b1 \u03ba\u03b1\u03b9 \u03c4\u03bf\u03bd \u03b1\u03ad\u03c1\u03b1 \u03c4\u03b7\u03c2 \u03bc\u03b7\u03c7\u03b1\u03bd\u03ae\u03c2; \u0397 \u03b5\u03c0\u03b9\u03bb\u03bf\u03b3\u03ae \u03b3\u03b9\u03b1 \u03c4\u03b9\u03c2 \u03b4\u03b9\u03b1\u03ba\u03bf\u03c0\u03ad\u03c2 \u03b4\u03b5\u03bd \u03b5\u03af\u03bd\u03b1\u03b9 \u03b5\u03cd\u03ba\u03bf\u03bb\u03b7.","og:url":"https:\/\/rentacarigoumenitsa.gr\/it\/aftokinito-i-michani-ti-symferei-perissotero-stis-diakopes\/","og:image":"https:\/\/rentacarigoumenitsa.gr\/wp-content\/uploads\/2025\/07\/kgvjn.png","og:image:secure_url":"https:\/\/rentacarigoumenitsa.gr\/wp-content\/uploads\/2025\/07\/kgvjn.png","og:image:width":1080,"og:image:height":1080,"article:published_time":"2025-07-19T15:56:50+00:00","article:modified_time":"2025-07-19T15:56:57+00:00","article:publisher":"https:\/\/www.facebook.com\/rentacarigoumenitsa\/","twitter:card":"summary_large_image","twitter:title":"\u0391\u03c5\u03c4\u03bf\u03ba\u03af\u03bd\u03b7\u03c4\u03bf \u03ae \u03bc\u03b7\u03c7\u03b1\u03bd\u03ae; \u03a4\u03b9 \u03c3\u03c5\u03bc\u03c6\u03ad\u03c1\u03b5\u03b9 \u03c0\u03b5\u03c1\u03b9\u03c3\u03c3\u03cc\u03c4\u03b5\u03c1\u03bf \u03c3\u03c4\u03b9\u03c2 \u03b4\u03b9\u03b1\u03ba\u03bf\u03c0\u03ad\u03c2","twitter:description":"\u0398\u03b1 \u03b5\u03c0\u03b9\u03bb\u03ad\u03be\u03b5\u03b9\u03c2 \u03c4\u03b7\u03bd \u03ac\u03bd\u03b5\u03c3\u03b7 \u03ba\u03b1\u03b9 \u03c4\u03b7\u03bd \u03b1\u03c3\u03c6\u03ac\u03bb\u03b5\u03b9\u03b1 \u03b5\u03bd\u03cc\u03c2 \u03b1\u03c5\u03c4\u03bf\u03ba\u03b9\u03bd\u03ae\u03c4\u03bf\u03c5 \u03ae \u03b8\u03b1 \u03c0\u03c1\u03bf\u03c4\u03b9\u03bc\u03ae\u03c3\u03b5\u03b9\u03c2 \u03c4\u03b7\u03bd \u03b5\u03bb\u03b5\u03c5\u03b8\u03b5\u03c1\u03af\u03b1 \u03ba\u03b1\u03b9 \u03c4\u03bf\u03bd \u03b1\u03ad\u03c1\u03b1 \u03c4\u03b7\u03c2 \u03bc\u03b7\u03c7\u03b1\u03bd\u03ae\u03c2; \u0397 \u03b5\u03c0\u03b9\u03bb\u03bf\u03b3\u03ae \u03b3\u03b9\u03b1 \u03c4\u03b9\u03c2 \u03b4\u03b9\u03b1\u03ba\u03bf\u03c0\u03ad\u03c2 \u03b4\u03b5\u03bd \u03b5\u03af\u03bd\u03b1\u03b9 \u03b5\u03cd\u03ba\u03bf\u03bb\u03b7.","twitter:image":"https:\/\/rentacarigoumenitsa.gr\/wp-content\/uploads\/2023\/12\/fb-cover.jpg"},"aioseo_meta_data":{"post_id":"411","title":"#post_title","description":"Sceglierete il comfort e la sicurezza di un'auto o la libert\u00e0 e l'aria di una moto? La scelta per le vacanze non \u00e8 facile.","keywords":null,"keyphrases":{"focus":{"keyphrase":"\u03b4\u03b9\u03b1\u03ba\u03bf\u03c0\u03ad\u03c2","score":62,"analysis":{"keyphraseInTitle":{"score":9,"maxScore":9,"error":0},"keyphraseInDescription":{"score":9,"maxScore":9,"error":0},"keyphraseLength":{"score":-999,"maxScore":9,"error":1,"length":0},"keyphraseInURL":{"score":1,"maxScore":5,"error":1},"keyphraseInIntroduction":{"score":9,"maxScore":9,"error":0},"keyphraseInSubHeadings":{"score":3,"maxScore":9,"error":1},"keyphraseInImageAlt":[],"keywordDensity":{"type":"high","score":0,"maxScore":9,"error":1}}},"additional":[]},"primary_term":null,"canonical_url":null,"og_title":null,"og_description":null,"og_object_type":"default","og_image_type":"default","og_image_url":null,"og_image_width":null,"og_image_height":null,"og_image_custom_url":null,"og_image_custom_fields":null,"og_video":"","og_custom_url":null,"og_article_section":null,"og_article_tags":null,"twitter_use_og":false,"twitter_card":"default","twitter_image_type":"default","twitter_image_url":null,"twitter_image_custom_url":null,"twitter_image_custom_fields":null,"twitter_title":null,"twitter_description":null,"schema":{"blockGraphs":[],"customGraphs":[],"default":{"data":{"Article":[],"Course":[],"Dataset":[],"FAQPage":[],"Movie":[],"Person":[],"Product":[],"ProductReview":[],"Car":[],"Recipe":[],"Service":[],"SoftwareApplication":[],"WebPage":[]},"graphName":"BlogPosting","isEnabled":true},"graphs":[]},"schema_type":"default","schema_type_options":null,"pillar_content":false,"robots_default":true,"robots_noindex":false,"robots_noarchive":false,"robots_nosnippet":false,"robots_nofollow":false,"robots_noimageindex":false,"robots_noodp":false,"robots_notranslate":false,"robots_max_snippet":"-1","robots_max_videopreview":"-1","robots_max_imagepreview":"large","priority":null,"frequency":"default","local_seo":null,"seo_analyzer_scan_date":"2025-09-19 10:59:42","breadcrumb_settings":null,"limit_modified_date":false,"open_ai":null,"ai":{"faqs":[],"keyPoints":[],"titles":[],"descriptions":[],"socialPosts":{"email":[],"linkedin":[],"twitter":[],"facebook":[],"instagram":[]}},"created":"2025-07-19 15:56:51","updated":"2025-12-03 13:22:12"},"aioseo_breadcrumb":"<div class=\"aioseo-breadcrumbs\"><span class=\"aioseo-breadcrumb\">\n\t<a href=\"https:\/\/rentacarigoumenitsa.gr\/it\" title=\"Home\">Home<\/a>\n<\/span><span class=\"aioseo-breadcrumb-separator\">&raquo;<\/span><span class=\"aioseo-breadcrumb\">\n\t<a href=\"https:\/\/rentacarigoumenitsa.gr\/it\/category\/%ce%b5%ce%bd%ce%bf%ce%b9%ce%ba%ce%af%ce%b1%cf%83%ce%b7-%ce%b1%cf%85%cf%84%ce%bf%ce%ba%ce%b9%ce%bd%ce%ae%cf%84%ce%bf%cf%85\/\" title=\"\u0395\u03bd\u03bf\u03b9\u03ba\u03af\u03b1\u03c3\u03b7 \u0391\u03c5\u03c4\u03bf\u03ba\u03b9\u03bd\u03ae\u03c4\u03bf\u03c5\">\u0395\u03bd\u03bf\u03b9\u03ba\u03af\u03b1\u03c3\u03b7 \u0391\u03c5\u03c4\u03bf\u03ba\u03b9\u03bd\u03ae\u03c4\u03bf\u03c5<\/a>\n<\/span><span class=\"aioseo-breadcrumb-separator\">&raquo;<\/span><span class=\"aioseo-breadcrumb\">\n\t\u0391\u03c5\u03c4\u03bf\u03ba\u03af\u03bd\u03b7\u03c4\u03bf \u03ae \u03bc\u03b7\u03c7\u03b1\u03bd\u03ae; \u03a4\u03b9 \u03c3\u03c5\u03bc\u03c6\u03ad\u03c1\u03b5\u03b9 \u03c0\u03b5\u03c1\u03b9\u03c3\u03c3\u03cc\u03c4\u03b5\u03c1\u03bf \u03c3\u03c4\u03b9\u03c2 \u03b4\u03b9\u03b1\u03ba\u03bf\u03c0\u03ad\u03c2\n<\/span><\/div>","aioseo_breadcrumb_json":[{"label":"Home","link":"https:\/\/rentacarigoumenitsa.gr\/it"},{"label":"\u0395\u03bd\u03bf\u03b9\u03ba\u03af\u03b1\u03c3\u03b7 \u0391\u03c5\u03c4\u03bf\u03ba\u03b9\u03bd\u03ae\u03c4\u03bf\u03c5","link":"https:\/\/rentacarigoumenitsa.gr\/it\/category\/%ce%b5%ce%bd%ce%bf%ce%b9%ce%ba%ce%af%ce%b1%cf%83%ce%b7-%ce%b1%cf%85%cf%84%ce%bf%ce%ba%ce%b9%ce%bd%ce%ae%cf%84%ce%bf%cf%85\/"},{"label":"\u0391\u03c5\u03c4\u03bf\u03ba\u03af\u03bd\u03b7\u03c4\u03bf \u03ae \u03bc\u03b7\u03c7\u03b1\u03bd\u03ae; \u03a4\u03b9 \u03c3\u03c5\u03bc\u03c6\u03ad\u03c1\u03b5\u03b9 \u03c0\u03b5\u03c1\u03b9\u03c3\u03c3\u03cc\u03c4\u03b5\u03c1\u03bf \u03c3\u03c4\u03b9\u03c2 \u03b4\u03b9\u03b1\u03ba\u03bf\u03c0\u03ad\u03c2","link":"https:\/\/rentacarigoumenitsa.gr\/it\/aftokinito-i-michani-ti-symferei-perissotero-stis-diakopes\/"}],"_links":{"self":[{"href":"https:\/\/rentacarigoumenitsa.gr\/it\/wp-json\/wp\/v2\/posts\/411","targetHints":{"allow":["GET"]}}],"collection":[{"href":"https:\/\/rentacarigoumenitsa.gr\/it\/wp-json\/wp\/v2\/posts"}],"about":[{"href":"https:\/\/rentacarigoumenitsa.gr\/it\/wp-json\/wp\/v2\/types\/post"}],"author":[{"embeddable":true,"href":"https:\/\/rentacarigoumenitsa.gr\/it\/wp-json\/wp\/v2\/users\/1"}],"replies":[{"embeddable":true,"href":"https:\/\/rentacarigoumenitsa.gr\/it\/wp-json\/wp\/v2\/comments?post=411"}],"version-history":[{"count":1,"href":"https:\/\/rentacarigoumenitsa.gr\/it\/wp-json\/wp\/v2\/posts\/411\/revisions"}],"predecessor-version":[{"id":413,"href":"https:\/\/rentacarigoumenitsa.gr\/it\/wp-json\/wp\/v2\/posts\/411\/revisions\/413"}],"wp:featuredmedia":[{"embeddable":true,"href":"https:\/\/rentacarigoumenitsa.gr\/it\/wp-json\/wp\/v2\/media\/412"}],"wp:attachment":[{"href":"https:\/\/rentacarigoumenitsa.gr\/it\/wp-json\/wp\/v2\/media?parent=411"}],"wp:term":[{"taxonomy":"category","embeddable":true,"href":"https:\/\/rentacarigoumenitsa.gr\/it\/wp-json\/wp\/v2\/categories?post=411"},{"taxonomy":"post_tag","embeddable":true,"href":"https:\/\/rentacarigoumenitsa.gr\/it\/wp-json\/wp\/v2\/tags?post=411"}],"curies":[{"name":"wp","href":"https:\/\/api.w.org\/{rel}","templated":true}]}}