{"id":385,"date":"2025-04-04T15:20:59","date_gmt":"2025-04-04T12:20:59","guid":{"rendered":"https:\/\/rentacarigoumenitsa.gr\/?p=385"},"modified":"2025-04-04T15:21:02","modified_gmt":"2025-04-04T12:21:02","slug":"%ce%b7%ce%bb%ce%b5%ce%ba%cf%84%cf%81%ce%bf%ce%ba%ce%af%ce%bd%ce%b7%cf%83%ce%b7-%cf%83%cf%84%ce%b7%ce%bd-%ce%b5%ce%bd%ce%bf%ce%b9%ce%ba%ce%af%ce%b1%cf%83%ce%b7-%ce%b1%cf%85%cf%84%ce%bf%ce%ba%ce%b9%ce%bd%ce%ae%cf%84%ce%bf%cf%85","status":"publish","type":"post","link":"https:\/\/rentacarigoumenitsa.gr\/it\/%ce%b7%ce%bb%ce%b5%ce%ba%cf%84%cf%81%ce%bf%ce%ba%ce%af%ce%bd%ce%b7%cf%83%ce%b7-%cf%83%cf%84%ce%b7%ce%bd-%ce%b5%ce%bd%ce%bf%ce%b9%ce%ba%ce%af%ce%b1%cf%83%ce%b7-%ce%b1%cf%85%cf%84%ce%bf%ce%ba%ce%b9%ce%bd%ce%ae%cf%84%ce%bf%cf%85\/","title":{"rendered":"L'elettrificazione nel noleggio auto"},"content":{"rendered":"<p>\u0397 <a href=\"https:\/\/kinoumeilektrika3.gov.gr\" title=\"\">elettrificazione<\/a> \u00e8 la tendenza del momento quando si tratta di acquistare un'auto.<\/p>\n\n\n\n<p>Ogni giorno si sente parlare dell'importanza della transizione verso l'elettrificazione, dell'impatto del cambiamento climatico, delle sovvenzioni per l'acquisto di un veicolo elettrico, del risparmio e del breve ritorno del capitale d'acquisto, delle straordinarie tecnologie e prestazioni dell'elettrificazione, ecc. Ma tutto questo \u00e8 davvero vero? Vale la pena di effettuare questa transizione in questo momento? Vale la pena per una societ\u00e0 di autonoleggio investire nell'elettrificazione?<\/p>\n\n\n\n<p>All'inizio possiamo dire che l'elettrificazione \u00e8 una grande transizione che risolve molti problemi, ma non tutti. Come \u00e8 successo in passato con il mercato dell'auto, lo stesso vale ora. L'acquirente deve considerare le proprie esigenze e fare la scelta appropriata.<\/p>\n\n\n\n<p>Nel 2025 avremo il lusso di avere veicoli altamente affidabili, siano essi a benzina, diesel o elettrici.<\/p>\n\n\n\n<p>Le esigenze degli acquirenti sono diverse e la scelta deve essere appropriata prima di poter decidere a favore o contro qualsiasi opzione.<\/p>\n\n\n\n<p>L'elettromobilit\u00e0 \u00e8 estremamente vantaggiosa quando la scegliamo per gli spostamenti all'interno delle aree urbane, in luoghi dove ci sono stazioni di ricarica e partner autorizzati che supportano l'elettromobilit\u00e0 e la ricarica \u00e8 attualmente accessibile. Inoltre, non hanno bisogno di manutenzione. Al contrario, l'acquisto di un veicolo elettrico \u00e8 un'opzione costosa, non adatta a viaggi di media o lunga distanza a causa della limitata autonomia della batteria. Inoltre, la durata di un veicolo elettrico \u00e8 di circa 10 anni. Per quanto riguarda l'impatto ambientale, a prima vista sembra positivo, ma questo non significa che le batterie dei veicoli elettrici siano innocenti.<\/p>\n\n\n\n<p>Il diesel \u00e8 un'opzione sicura per chi fa viaggi relativamente lunghi, \u00e8 pi\u00f9 costoso dell'elettrico ma molto pi\u00f9 economico della benzina. Tra gli aspetti negativi, non \u00e8 la scelta migliore per l'uso urbano, sia per l'inquinamento ambientale che per i problemi al motore.<\/p>\n\n\n\n<p>La benzina \u00e8 una scelta solida, con pregi e difetti. Sono i veicoli con cui abbiamo vissuto per oltre 50 anni e sono una scelta sicura. Il problema principale di questa tecnologia \u00e8 la sua dannosa impronta ambientale.<\/p>\n\n\n\n<p>Per quanto riguarda le societ\u00e0 di autonoleggio, la transizione verso l'elettrificazione viene affrontata inizialmente con cautela, poich\u00e9 i veicoli a noleggio sono principalmente veicoli condivisi. D'altra parte, i costi di acquisto sono piuttosto elevati rispetto ai veicoli tradizionali e i loro clienti sono ancora in una fase iniziale di familiarizzazione con l'elettrificazione.<\/p>\n\n\n\n<p>Ad esempio, in aree come Thesprotia, Igoumenitsa e l'Epiro in generale, la transizione all'elettrificazione per il noleggio di veicoli \u00e8 attualmente difficile.<\/p>\n\n\n\n<p>Tuttavia, la valutazione generale \u00e8 che con la diffusione dell'elettromobilit\u00e0 in futuro, soprattutto le imprese <a href=\"https:\/\/rentacarigoumenitsa.gr\/it\/\u03b5\u03bd\u03bf\u03b9\u03ba\u03af\u03b1\u03c3\u03b7-\u03bc\u03af\u03c3\u03b8\u03c9\u03c3\u03b7-\u03bb\u03b5\u03c9\u03c6\u03bf\u03c1\u03b5\u03af\u03bf\u03c5-minibus-\u03c3\u03c4\u03b7\u03bd-\u03b7\u03b3\u03bf\u03c5\u03bc\u03b5\u03bd\u03af\u03c4\u03c3\u03b1\/\" title=\"\">noleggio auto<\/a> saranno obbligati a passare interamente ai veicoli elettrici.<\/p>","protected":false},"excerpt":{"rendered":"<p>\u0397 \u03b7\u03bb\u03b5\u03ba\u03c4\u03c1\u03bf\u03ba\u03af\u03bd\u03b7\u03c3\u03b7 \u03b5\u03af\u03bd\u03b1\u03b9 \u03c4\u03bf\u00a0trend\u00a0\u03c4\u03b7\u03c2 \u03b5\u03c0\u03bf\u03c7\u03ae\u03c2 \u03cc\u03c3\u03bf\u03bd \u03b1\u03c6\u03bf\u03c1\u03ac \u03c4\u03b7\u03bd \u03b1\u03b3\u03bf\u03c1\u03ac \u03b1\u03c5\u03c4\u03bf\u03ba\u03b9\u03bd\u03ae\u03c4\u03bf\u03c5. \u039a\u03b1\u03b8\u03b7\u03bc\u03b5\u03c1\u03b9\u03bd\u03ac \u03b1\u03ba\u03bf\u03cd\u03c2 \u03b3\u03b9\u03b1 \u03c4\u03bf \u03c0\u03cc\u03c3\u03bf \u03c3\u03b7\u03bc\u03b1\u03bd\u03c4\u03b9\u03ba\u03ae \u03b5\u03af\u03bd\u03b1\u03b9 \u03b7 \u03bc\u03b5\u03c4\u03ac\u03b2\u03b1\u03c3\u03b7 \u03c3\u03c4\u03b7\u03bd \u03b7\u03bb\u03b5\u03ba\u03c4\u03c1\u03bf\u03ba\u03af\u03bd\u03b7\u03c3\u03b7, \u03c0\u03cc\u03c3\u03bf \u03b5\u03c0\u03b9\u03c1\u03c1\u03b5\u03ac\u03b6\u03b5\u03b9 \u03b7 \u03ba\u03bb\u03b9\u03bc\u03b1\u03c4\u03b9\u03ba\u03ae \u03b1\u03bb\u03bb\u03b1\u03b3\u03ae,<span class=\"excerpt-hellip\"> [\u2026]<\/span><\/p>\n","protected":false},"author":1,"featured_media":386,"comment_status":"open","ping_status":"open","sticky":false,"template":"","format":"standard","meta":{"footnotes":""},"categories":[1],"tags":[],"class_list":["post-385","post","type-post","status-publish","format-standard","has-post-thumbnail","hentry","category-uncategorized"],"aioseo_notices":[],"aioseo_head":"\n\t\t<!-- All in One SEO Pro 4.9.4.2 - aioseo.com -->\n\t<meta name=\"description\" content=\"\u0397\u03bb\u03b5\u03ba\u03c4\u03c1\u03bf\u03ba\u03af\u03bd\u03b7\u03c3\u03b7 \u03c3\u03c4\u03b7\u03bd \u0395\u03bd\u03bf\u03b9\u03ba\u03af\u03b1\u03c3\u03b7 \u0391\u03c5\u03c4\u03bf\u03ba\u03b9\u03bd\u03ae\u03c4\u03bf\u03c5 \u03c4\u03bf trend \u03c4\u03b7\u03c2 \u03b5\u03c0\u03bf\u03c7\u03ae\u03c2 \u03cc\u03c3\u03bf\u03bd \u03b1\u03c6\u03bf\u03c1\u03ac \u03c4\u03b7\u03bd \u03b1\u03b3\u03bf\u03c1\u03ac \u03b1\u03c5\u03c4\u03bf\u03ba\u03b9\u03bd\u03ae\u03c4\u03bf\u03c5. \u0391\u03ba\u03bf\u03cd\u03c2 \u03b3\u03b9\u03b1 \u03c4\u03bf \u03c0\u03cc\u03c3\u03bf \u03c3\u03b7\u03bc\u03b1\u03bd\u03c4\u03b9\u03ba\u03ae \u03b5\u03af\u03bd\u03b1\u03b9 \u03b7 \u03bc\u03b5\u03c4\u03ac\u03b2\u03b1\u03c3\u03b7 \u03c3\u03c4\u03b7\u03bd \u03b7\u03bb\u03b5\u03ba\u03c4\u03c1\u03bf\u03ba\u03af\u03bd\u03b7\u03c3\u03b7\" \/>\n\t<meta name=\"robots\" content=\"max-image-preview:large\" \/>\n\t<meta name=\"author\" content=\"Rent A Car Igoumenitsa\"\/>\n\t<meta name=\"google-site-verification\" content=\"S6xm9OozgzUNlz1XGUsqKaiQUGsb8eKTPjRIqVmbJRU\" \/>\n\t<link rel=\"canonical\" href=\"https:\/\/rentacarigoumenitsa.gr\/it\/%ce%b7%ce%bb%ce%b5%ce%ba%cf%84%cf%81%ce%bf%ce%ba%ce%af%ce%bd%ce%b7%cf%83%ce%b7-%cf%83%cf%84%ce%b7%ce%bd-%ce%b5%ce%bd%ce%bf%ce%b9%ce%ba%ce%af%ce%b1%cf%83%ce%b7-%ce%b1%cf%85%cf%84%ce%bf%ce%ba%ce%b9%ce%bd%ce%ae%cf%84%ce%bf%cf%85\/\" \/>\n\t<meta name=\"generator\" content=\"All in One SEO Pro (AIOSEO) 4.9.4.2\" \/>\n\t\t<meta property=\"og:locale\" content=\"it_IT\" \/>\n\t\t<meta property=\"og:site_name\" content=\"Rent A Car Igoumenitsa -\" \/>\n\t\t<meta property=\"og:type\" content=\"article\" \/>\n\t\t<meta property=\"og:title\" content=\"\u0397\u03bb\u03b5\u03ba\u03c4\u03c1\u03bf\u03ba\u03af\u03bd\u03b7\u03c3\u03b7 \u03c3\u03c4\u03b7\u03bd \u0395\u03bd\u03bf\u03b9\u03ba\u03af\u03b1\u03c3\u03b7 \u0391\u03c5\u03c4\u03bf\u03ba\u03b9\u03bd\u03ae\u03c4\u03bf\u03c5\" \/>\n\t\t<meta property=\"og:description\" content=\"\u0397\u03bb\u03b5\u03ba\u03c4\u03c1\u03bf\u03ba\u03af\u03bd\u03b7\u03c3\u03b7 \u03c3\u03c4\u03b7\u03bd \u0395\u03bd\u03bf\u03b9\u03ba\u03af\u03b1\u03c3\u03b7 \u0391\u03c5\u03c4\u03bf\u03ba\u03b9\u03bd\u03ae\u03c4\u03bf\u03c5 \u03c4\u03bf trend \u03c4\u03b7\u03c2 \u03b5\u03c0\u03bf\u03c7\u03ae\u03c2 \u03cc\u03c3\u03bf\u03bd \u03b1\u03c6\u03bf\u03c1\u03ac \u03c4\u03b7\u03bd \u03b1\u03b3\u03bf\u03c1\u03ac \u03b1\u03c5\u03c4\u03bf\u03ba\u03b9\u03bd\u03ae\u03c4\u03bf\u03c5. \u0391\u03ba\u03bf\u03cd\u03c2 \u03b3\u03b9\u03b1 \u03c4\u03bf \u03c0\u03cc\u03c3\u03bf \u03c3\u03b7\u03bc\u03b1\u03bd\u03c4\u03b9\u03ba\u03ae \u03b5\u03af\u03bd\u03b1\u03b9 \u03b7 \u03bc\u03b5\u03c4\u03ac\u03b2\u03b1\u03c3\u03b7 \u03c3\u03c4\u03b7\u03bd \u03b7\u03bb\u03b5\u03ba\u03c4\u03c1\u03bf\u03ba\u03af\u03bd\u03b7\u03c3\u03b7\" \/>\n\t\t<meta property=\"og:url\" content=\"https:\/\/rentacarigoumenitsa.gr\/it\/%ce%b7%ce%bb%ce%b5%ce%ba%cf%84%cf%81%ce%bf%ce%ba%ce%af%ce%bd%ce%b7%cf%83%ce%b7-%cf%83%cf%84%ce%b7%ce%bd-%ce%b5%ce%bd%ce%bf%ce%b9%ce%ba%ce%af%ce%b1%cf%83%ce%b7-%ce%b1%cf%85%cf%84%ce%bf%ce%ba%ce%b9%ce%bd%ce%ae%cf%84%ce%bf%cf%85\/\" \/>\n\t\t<meta property=\"og:image\" content=\"https:\/\/rentacarigoumenitsa.gr\/wp-content\/uploads\/2025\/04\/young-couple-man-and-woman-traveling-together-by-n-2025-03-15-16-02-16-utc-scaled.jpg\" \/>\n\t\t<meta property=\"og:image:secure_url\" content=\"https:\/\/rentacarigoumenitsa.gr\/wp-content\/uploads\/2025\/04\/young-couple-man-and-woman-traveling-together-by-n-2025-03-15-16-02-16-utc-scaled.jpg\" \/>\n\t\t<meta property=\"og:image:width\" content=\"2560\" \/>\n\t\t<meta property=\"og:image:height\" content=\"1703\" \/>\n\t\t<meta property=\"article:published_time\" content=\"2025-04-04T12:20:59+00:00\" \/>\n\t\t<meta property=\"article:modified_time\" content=\"2025-04-04T12:21:02+00:00\" \/>\n\t\t<meta property=\"article:publisher\" content=\"https:\/\/www.facebook.com\/rentacarigoumenitsa\/\" \/>\n\t\t<meta name=\"twitter:card\" content=\"summary_large_image\" \/>\n\t\t<meta name=\"twitter:title\" content=\"\u0397\u03bb\u03b5\u03ba\u03c4\u03c1\u03bf\u03ba\u03af\u03bd\u03b7\u03c3\u03b7 \u03c3\u03c4\u03b7\u03bd \u0395\u03bd\u03bf\u03b9\u03ba\u03af\u03b1\u03c3\u03b7 \u0391\u03c5\u03c4\u03bf\u03ba\u03b9\u03bd\u03ae\u03c4\u03bf\u03c5\" \/>\n\t\t<meta name=\"twitter:description\" content=\"\u0397\u03bb\u03b5\u03ba\u03c4\u03c1\u03bf\u03ba\u03af\u03bd\u03b7\u03c3\u03b7 \u03c3\u03c4\u03b7\u03bd \u0395\u03bd\u03bf\u03b9\u03ba\u03af\u03b1\u03c3\u03b7 \u0391\u03c5\u03c4\u03bf\u03ba\u03b9\u03bd\u03ae\u03c4\u03bf\u03c5 \u03c4\u03bf trend \u03c4\u03b7\u03c2 \u03b5\u03c0\u03bf\u03c7\u03ae\u03c2 \u03cc\u03c3\u03bf\u03bd \u03b1\u03c6\u03bf\u03c1\u03ac \u03c4\u03b7\u03bd \u03b1\u03b3\u03bf\u03c1\u03ac \u03b1\u03c5\u03c4\u03bf\u03ba\u03b9\u03bd\u03ae\u03c4\u03bf\u03c5. \u0391\u03ba\u03bf\u03cd\u03c2 \u03b3\u03b9\u03b1 \u03c4\u03bf \u03c0\u03cc\u03c3\u03bf \u03c3\u03b7\u03bc\u03b1\u03bd\u03c4\u03b9\u03ba\u03ae \u03b5\u03af\u03bd\u03b1\u03b9 \u03b7 \u03bc\u03b5\u03c4\u03ac\u03b2\u03b1\u03c3\u03b7 \u03c3\u03c4\u03b7\u03bd \u03b7\u03bb\u03b5\u03ba\u03c4\u03c1\u03bf\u03ba\u03af\u03bd\u03b7\u03c3\u03b7\" \/>\n\t\t<meta name=\"twitter:image\" content=\"https:\/\/rentacarigoumenitsa.gr\/wp-content\/uploads\/2023\/12\/fb-cover.jpg\" \/>\n\t\t<script type=\"application\/ld+json\" class=\"aioseo-schema\">\n\t\t\t{\"@context\":\"https:\\\/\\\/schema.org\",\"@graph\":[{\"@type\":\"BlogPosting\",\"@id\":\"https:\\\/\\\/rentacarigoumenitsa.gr\\\/it\\\/%ce%b7%ce%bb%ce%b5%ce%ba%cf%84%cf%81%ce%bf%ce%ba%ce%af%ce%bd%ce%b7%cf%83%ce%b7-%cf%83%cf%84%ce%b7%ce%bd-%ce%b5%ce%bd%ce%bf%ce%b9%ce%ba%ce%af%ce%b1%cf%83%ce%b7-%ce%b1%cf%85%cf%84%ce%bf%ce%ba%ce%b9%ce%bd%ce%ae%cf%84%ce%bf%cf%85\\\/#blogposting\",\"name\":\"\\u0397\\u03bb\\u03b5\\u03ba\\u03c4\\u03c1\\u03bf\\u03ba\\u03af\\u03bd\\u03b7\\u03c3\\u03b7 \\u03c3\\u03c4\\u03b7\\u03bd \\u0395\\u03bd\\u03bf\\u03b9\\u03ba\\u03af\\u03b1\\u03c3\\u03b7 \\u0391\\u03c5\\u03c4\\u03bf\\u03ba\\u03b9\\u03bd\\u03ae\\u03c4\\u03bf\\u03c5\",\"headline\":\"\\u0397\\u03bb\\u03b5\\u03ba\\u03c4\\u03c1\\u03bf\\u03ba\\u03af\\u03bd\\u03b7\\u03c3\\u03b7 \\u03c3\\u03c4\\u03b7\\u03bd \\u0395\\u03bd\\u03bf\\u03b9\\u03ba\\u03af\\u03b1\\u03c3\\u03b7 \\u0391\\u03c5\\u03c4\\u03bf\\u03ba\\u03b9\\u03bd\\u03ae\\u03c4\\u03bf\\u03c5\",\"author\":{\"@id\":\"https:\\\/\\\/rentacarigoumenitsa.gr\\\/it\\\/author\\\/r234digou\\\/#author\"},\"publisher\":{\"@id\":\"https:\\\/\\\/rentacarigoumenitsa.gr\\\/it\\\/#organization\"},\"image\":{\"@type\":\"ImageObject\",\"url\":\"https:\\\/\\\/rentacarigoumenitsa.gr\\\/wp-content\\\/uploads\\\/2025\\\/04\\\/young-couple-man-and-woman-traveling-together-by-n-2025-03-15-16-02-16-utc-scaled.jpg\",\"width\":2560,\"height\":1703},\"datePublished\":\"2025-04-04T15:20:59+03:00\",\"dateModified\":\"2025-04-04T15:21:02+03:00\",\"inLanguage\":\"it-IT\",\"mainEntityOfPage\":{\"@id\":\"https:\\\/\\\/rentacarigoumenitsa.gr\\\/it\\\/%ce%b7%ce%bb%ce%b5%ce%ba%cf%84%cf%81%ce%bf%ce%ba%ce%af%ce%bd%ce%b7%cf%83%ce%b7-%cf%83%cf%84%ce%b7%ce%bd-%ce%b5%ce%bd%ce%bf%ce%b9%ce%ba%ce%af%ce%b1%cf%83%ce%b7-%ce%b1%cf%85%cf%84%ce%bf%ce%ba%ce%b9%ce%bd%ce%ae%cf%84%ce%bf%cf%85\\\/#webpage\"},\"isPartOf\":{\"@id\":\"https:\\\/\\\/rentacarigoumenitsa.gr\\\/it\\\/%ce%b7%ce%bb%ce%b5%ce%ba%cf%84%cf%81%ce%bf%ce%ba%ce%af%ce%bd%ce%b7%cf%83%ce%b7-%cf%83%cf%84%ce%b7%ce%bd-%ce%b5%ce%bd%ce%bf%ce%b9%ce%ba%ce%af%ce%b1%cf%83%ce%b7-%ce%b1%cf%85%cf%84%ce%bf%ce%ba%ce%b9%ce%bd%ce%ae%cf%84%ce%bf%cf%85\\\/#webpage\"},\"articleSection\":\"Uncategorized\"},{\"@type\":\"BreadcrumbList\",\"@id\":\"https:\\\/\\\/rentacarigoumenitsa.gr\\\/it\\\/%ce%b7%ce%bb%ce%b5%ce%ba%cf%84%cf%81%ce%bf%ce%ba%ce%af%ce%bd%ce%b7%cf%83%ce%b7-%cf%83%cf%84%ce%b7%ce%bd-%ce%b5%ce%bd%ce%bf%ce%b9%ce%ba%ce%af%ce%b1%cf%83%ce%b7-%ce%b1%cf%85%cf%84%ce%bf%ce%ba%ce%b9%ce%bd%ce%ae%cf%84%ce%bf%cf%85\\\/#breadcrumblist\",\"itemListElement\":[{\"@type\":\"ListItem\",\"@id\":\"https:\\\/\\\/rentacarigoumenitsa.gr\\\/it#listItem\",\"position\":1,\"name\":\"Home\",\"item\":\"https:\\\/\\\/rentacarigoumenitsa.gr\\\/it\",\"nextItem\":{\"@type\":\"ListItem\",\"@id\":\"https:\\\/\\\/rentacarigoumenitsa.gr\\\/it\\\/category\\\/uncategorized\\\/#listItem\",\"name\":\"Uncategorized\"}},{\"@type\":\"ListItem\",\"@id\":\"https:\\\/\\\/rentacarigoumenitsa.gr\\\/it\\\/category\\\/uncategorized\\\/#listItem\",\"position\":2,\"name\":\"Uncategorized\",\"item\":\"https:\\\/\\\/rentacarigoumenitsa.gr\\\/it\\\/category\\\/uncategorized\\\/\",\"nextItem\":{\"@type\":\"ListItem\",\"@id\":\"https:\\\/\\\/rentacarigoumenitsa.gr\\\/it\\\/%ce%b7%ce%bb%ce%b5%ce%ba%cf%84%cf%81%ce%bf%ce%ba%ce%af%ce%bd%ce%b7%cf%83%ce%b7-%cf%83%cf%84%ce%b7%ce%bd-%ce%b5%ce%bd%ce%bf%ce%b9%ce%ba%ce%af%ce%b1%cf%83%ce%b7-%ce%b1%cf%85%cf%84%ce%bf%ce%ba%ce%b9%ce%bd%ce%ae%cf%84%ce%bf%cf%85\\\/#listItem\",\"name\":\"\\u0397\\u03bb\\u03b5\\u03ba\\u03c4\\u03c1\\u03bf\\u03ba\\u03af\\u03bd\\u03b7\\u03c3\\u03b7 \\u03c3\\u03c4\\u03b7\\u03bd \\u0395\\u03bd\\u03bf\\u03b9\\u03ba\\u03af\\u03b1\\u03c3\\u03b7 \\u0391\\u03c5\\u03c4\\u03bf\\u03ba\\u03b9\\u03bd\\u03ae\\u03c4\\u03bf\\u03c5\"},\"previousItem\":{\"@type\":\"ListItem\",\"@id\":\"https:\\\/\\\/rentacarigoumenitsa.gr\\\/it#listItem\",\"name\":\"Home\"}},{\"@type\":\"ListItem\",\"@id\":\"https:\\\/\\\/rentacarigoumenitsa.gr\\\/it\\\/%ce%b7%ce%bb%ce%b5%ce%ba%cf%84%cf%81%ce%bf%ce%ba%ce%af%ce%bd%ce%b7%cf%83%ce%b7-%cf%83%cf%84%ce%b7%ce%bd-%ce%b5%ce%bd%ce%bf%ce%b9%ce%ba%ce%af%ce%b1%cf%83%ce%b7-%ce%b1%cf%85%cf%84%ce%bf%ce%ba%ce%b9%ce%bd%ce%ae%cf%84%ce%bf%cf%85\\\/#listItem\",\"position\":3,\"name\":\"\\u0397\\u03bb\\u03b5\\u03ba\\u03c4\\u03c1\\u03bf\\u03ba\\u03af\\u03bd\\u03b7\\u03c3\\u03b7 \\u03c3\\u03c4\\u03b7\\u03bd \\u0395\\u03bd\\u03bf\\u03b9\\u03ba\\u03af\\u03b1\\u03c3\\u03b7 \\u0391\\u03c5\\u03c4\\u03bf\\u03ba\\u03b9\\u03bd\\u03ae\\u03c4\\u03bf\\u03c5\",\"previousItem\":{\"@type\":\"ListItem\",\"@id\":\"https:\\\/\\\/rentacarigoumenitsa.gr\\\/it\\\/category\\\/uncategorized\\\/#listItem\",\"name\":\"Uncategorized\"}}]},{\"@type\":\"Organization\",\"@id\":\"https:\\\/\\\/rentacarigoumenitsa.gr\\\/it\\\/#organization\",\"name\":\"Rent A Car Igoumenitsa\",\"url\":\"https:\\\/\\\/rentacarigoumenitsa.gr\\\/it\\\/\",\"email\":\"igourent@gmail.com\",\"telephone\":\"+302665027666\",\"logo\":{\"@type\":\"ImageObject\",\"url\":\"https:\\\/\\\/rentacarigoumenitsa.gr\\\/wp-content\\\/uploads\\\/2023\\\/11\\\/logo-mobile.png\",\"@id\":\"https:\\\/\\\/rentacarigoumenitsa.gr\\\/it\\\/%ce%b7%ce%bb%ce%b5%ce%ba%cf%84%cf%81%ce%bf%ce%ba%ce%af%ce%bd%ce%b7%cf%83%ce%b7-%cf%83%cf%84%ce%b7%ce%bd-%ce%b5%ce%bd%ce%bf%ce%b9%ce%ba%ce%af%ce%b1%cf%83%ce%b7-%ce%b1%cf%85%cf%84%ce%bf%ce%ba%ce%b9%ce%bd%ce%ae%cf%84%ce%bf%cf%85\\\/#organizationLogo\",\"width\":250,\"height\":100},\"image\":{\"@id\":\"https:\\\/\\\/rentacarigoumenitsa.gr\\\/it\\\/%ce%b7%ce%bb%ce%b5%ce%ba%cf%84%cf%81%ce%bf%ce%ba%ce%af%ce%bd%ce%b7%cf%83%ce%b7-%cf%83%cf%84%ce%b7%ce%bd-%ce%b5%ce%bd%ce%bf%ce%b9%ce%ba%ce%af%ce%b1%cf%83%ce%b7-%ce%b1%cf%85%cf%84%ce%bf%ce%ba%ce%b9%ce%bd%ce%ae%cf%84%ce%bf%cf%85\\\/#organizationLogo\"},\"sameAs\":[\"https:\\\/\\\/www.facebook.com\\\/rentacarigoumenitsa\\\/\",\"https:\\\/\\\/www.instagram.com\\\/rentcarigoumenitsa\\\/\",\"https:\\\/\\\/www.youtube.com\\\/@rentacarigoumenitsa\"],\"address\":{\"@id\":\"https:\\\/\\\/rentacarigoumenitsa.gr\\\/it\\\/#postaladdress\",\"@type\":\"PostalAddress\",\"streetAddress\":\"Agion Apostolon 39-41,\",\"postalCode\":\"46100\",\"addressLocality\":\"Igoumenitsa\",\"addressRegion\":\"Thesprotia\",\"addressCountry\":\"GR\"},\"vatID\":\"EL121704960\"},{\"@type\":\"Person\",\"@id\":\"https:\\\/\\\/rentacarigoumenitsa.gr\\\/it\\\/author\\\/r234digou\\\/#author\",\"url\":\"https:\\\/\\\/rentacarigoumenitsa.gr\\\/it\\\/author\\\/r234digou\\\/\",\"name\":\"Rent A Car Igoumenitsa\",\"image\":{\"@type\":\"ImageObject\",\"@id\":\"https:\\\/\\\/rentacarigoumenitsa.gr\\\/it\\\/%ce%b7%ce%bb%ce%b5%ce%ba%cf%84%cf%81%ce%bf%ce%ba%ce%af%ce%bd%ce%b7%cf%83%ce%b7-%cf%83%cf%84%ce%b7%ce%bd-%ce%b5%ce%bd%ce%bf%ce%b9%ce%ba%ce%af%ce%b1%cf%83%ce%b7-%ce%b1%cf%85%cf%84%ce%bf%ce%ba%ce%b9%ce%bd%ce%ae%cf%84%ce%bf%cf%85\\\/#authorImage\",\"url\":\"https:\\\/\\\/secure.gravatar.com\\\/avatar\\\/b0b84ab4d14d5f8ae68249bf4101f022df1c7a8f51673576528c824772929605?s=96&d=mm&r=g\",\"width\":96,\"height\":96,\"caption\":\"Rent A Car Igoumenitsa\"}},{\"@type\":\"WebPage\",\"@id\":\"https:\\\/\\\/rentacarigoumenitsa.gr\\\/it\\\/%ce%b7%ce%bb%ce%b5%ce%ba%cf%84%cf%81%ce%bf%ce%ba%ce%af%ce%bd%ce%b7%cf%83%ce%b7-%cf%83%cf%84%ce%b7%ce%bd-%ce%b5%ce%bd%ce%bf%ce%b9%ce%ba%ce%af%ce%b1%cf%83%ce%b7-%ce%b1%cf%85%cf%84%ce%bf%ce%ba%ce%b9%ce%bd%ce%ae%cf%84%ce%bf%cf%85\\\/#webpage\",\"url\":\"https:\\\/\\\/rentacarigoumenitsa.gr\\\/it\\\/%ce%b7%ce%bb%ce%b5%ce%ba%cf%84%cf%81%ce%bf%ce%ba%ce%af%ce%bd%ce%b7%cf%83%ce%b7-%cf%83%cf%84%ce%b7%ce%bd-%ce%b5%ce%bd%ce%bf%ce%b9%ce%ba%ce%af%ce%b1%cf%83%ce%b7-%ce%b1%cf%85%cf%84%ce%bf%ce%ba%ce%b9%ce%bd%ce%ae%cf%84%ce%bf%cf%85\\\/\",\"name\":\"\\u0397\\u03bb\\u03b5\\u03ba\\u03c4\\u03c1\\u03bf\\u03ba\\u03af\\u03bd\\u03b7\\u03c3\\u03b7 \\u03c3\\u03c4\\u03b7\\u03bd \\u0395\\u03bd\\u03bf\\u03b9\\u03ba\\u03af\\u03b1\\u03c3\\u03b7 \\u0391\\u03c5\\u03c4\\u03bf\\u03ba\\u03b9\\u03bd\\u03ae\\u03c4\\u03bf\\u03c5\",\"description\":\"\\u0397\\u03bb\\u03b5\\u03ba\\u03c4\\u03c1\\u03bf\\u03ba\\u03af\\u03bd\\u03b7\\u03c3\\u03b7 \\u03c3\\u03c4\\u03b7\\u03bd \\u0395\\u03bd\\u03bf\\u03b9\\u03ba\\u03af\\u03b1\\u03c3\\u03b7 \\u0391\\u03c5\\u03c4\\u03bf\\u03ba\\u03b9\\u03bd\\u03ae\\u03c4\\u03bf\\u03c5 \\u03c4\\u03bf trend \\u03c4\\u03b7\\u03c2 \\u03b5\\u03c0\\u03bf\\u03c7\\u03ae\\u03c2 \\u03cc\\u03c3\\u03bf\\u03bd \\u03b1\\u03c6\\u03bf\\u03c1\\u03ac \\u03c4\\u03b7\\u03bd \\u03b1\\u03b3\\u03bf\\u03c1\\u03ac \\u03b1\\u03c5\\u03c4\\u03bf\\u03ba\\u03b9\\u03bd\\u03ae\\u03c4\\u03bf\\u03c5. \\u0391\\u03ba\\u03bf\\u03cd\\u03c2 \\u03b3\\u03b9\\u03b1 \\u03c4\\u03bf \\u03c0\\u03cc\\u03c3\\u03bf \\u03c3\\u03b7\\u03bc\\u03b1\\u03bd\\u03c4\\u03b9\\u03ba\\u03ae \\u03b5\\u03af\\u03bd\\u03b1\\u03b9 \\u03b7 \\u03bc\\u03b5\\u03c4\\u03ac\\u03b2\\u03b1\\u03c3\\u03b7 \\u03c3\\u03c4\\u03b7\\u03bd \\u03b7\\u03bb\\u03b5\\u03ba\\u03c4\\u03c1\\u03bf\\u03ba\\u03af\\u03bd\\u03b7\\u03c3\\u03b7\",\"inLanguage\":\"it-IT\",\"isPartOf\":{\"@id\":\"https:\\\/\\\/rentacarigoumenitsa.gr\\\/it\\\/#website\"},\"breadcrumb\":{\"@id\":\"https:\\\/\\\/rentacarigoumenitsa.gr\\\/it\\\/%ce%b7%ce%bb%ce%b5%ce%ba%cf%84%cf%81%ce%bf%ce%ba%ce%af%ce%bd%ce%b7%cf%83%ce%b7-%cf%83%cf%84%ce%b7%ce%bd-%ce%b5%ce%bd%ce%bf%ce%b9%ce%ba%ce%af%ce%b1%cf%83%ce%b7-%ce%b1%cf%85%cf%84%ce%bf%ce%ba%ce%b9%ce%bd%ce%ae%cf%84%ce%bf%cf%85\\\/#breadcrumblist\"},\"author\":{\"@id\":\"https:\\\/\\\/rentacarigoumenitsa.gr\\\/it\\\/author\\\/r234digou\\\/#author\"},\"creator\":{\"@id\":\"https:\\\/\\\/rentacarigoumenitsa.gr\\\/it\\\/author\\\/r234digou\\\/#author\"},\"image\":{\"@type\":\"ImageObject\",\"url\":\"https:\\\/\\\/rentacarigoumenitsa.gr\\\/wp-content\\\/uploads\\\/2025\\\/04\\\/young-couple-man-and-woman-traveling-together-by-n-2025-03-15-16-02-16-utc-scaled.jpg\",\"@id\":\"https:\\\/\\\/rentacarigoumenitsa.gr\\\/it\\\/%ce%b7%ce%bb%ce%b5%ce%ba%cf%84%cf%81%ce%bf%ce%ba%ce%af%ce%bd%ce%b7%cf%83%ce%b7-%cf%83%cf%84%ce%b7%ce%bd-%ce%b5%ce%bd%ce%bf%ce%b9%ce%ba%ce%af%ce%b1%cf%83%ce%b7-%ce%b1%cf%85%cf%84%ce%bf%ce%ba%ce%b9%ce%bd%ce%ae%cf%84%ce%bf%cf%85\\\/#mainImage\",\"width\":2560,\"height\":1703},\"primaryImageOfPage\":{\"@id\":\"https:\\\/\\\/rentacarigoumenitsa.gr\\\/it\\\/%ce%b7%ce%bb%ce%b5%ce%ba%cf%84%cf%81%ce%bf%ce%ba%ce%af%ce%bd%ce%b7%cf%83%ce%b7-%cf%83%cf%84%ce%b7%ce%bd-%ce%b5%ce%bd%ce%bf%ce%b9%ce%ba%ce%af%ce%b1%cf%83%ce%b7-%ce%b1%cf%85%cf%84%ce%bf%ce%ba%ce%b9%ce%bd%ce%ae%cf%84%ce%bf%cf%85\\\/#mainImage\"},\"datePublished\":\"2025-04-04T15:20:59+03:00\",\"dateModified\":\"2025-04-04T15:21:02+03:00\"},{\"@type\":\"WebSite\",\"@id\":\"https:\\\/\\\/rentacarigoumenitsa.gr\\\/it\\\/#website\",\"url\":\"https:\\\/\\\/rentacarigoumenitsa.gr\\\/it\\\/\",\"name\":\"Rent A Car Igoumenitsa\",\"alternateName\":\"\\u0395\\u03bd\\u03bf\\u03b9\\u03ba\\u03af\\u03b1\\u03c3\\u03b7 \\u03b1\\u03c5\\u03c4\\u03bf\\u03ba\\u03b9\\u03bd\\u03ae\\u03c4\\u03bf\\u03c5 \\u0397\\u03b3\\u03bf\\u03c5\\u03bc\\u03b5\\u03bd\\u03af\\u03c4\\u03c3\\u03b1\",\"inLanguage\":\"it-IT\",\"publisher\":{\"@id\":\"https:\\\/\\\/rentacarigoumenitsa.gr\\\/it\\\/#organization\"}}]}\n\t\t<\/script>\n\t\t<!-- All in One SEO Pro -->\r\n\t\t<title>\u0397\u03bb\u03b5\u03ba\u03c4\u03c1\u03bf\u03ba\u03af\u03bd\u03b7\u03c3\u03b7 \u03c3\u03c4\u03b7\u03bd \u0395\u03bd\u03bf\u03b9\u03ba\u03af\u03b1\u03c3\u03b7 \u0391\u03c5\u03c4\u03bf\u03ba\u03b9\u03bd\u03ae\u03c4\u03bf\u03c5<\/title>\n\n","aioseo_head_json":{"title":"L'elettrificazione nel noleggio auto","description":"L'elettrificazione nell'autonoleggio \u00e8 la tendenza del momento in termini di acquisto di auto. Si sente parlare di quanto sia importante la transizione verso l'elettrificazione","canonical_url":"https:\/\/rentacarigoumenitsa.gr\/it\/%ce%b7%ce%bb%ce%b5%ce%ba%cf%84%cf%81%ce%bf%ce%ba%ce%af%ce%bd%ce%b7%cf%83%ce%b7-%cf%83%cf%84%ce%b7%ce%bd-%ce%b5%ce%bd%ce%bf%ce%b9%ce%ba%ce%af%ce%b1%cf%83%ce%b7-%ce%b1%cf%85%cf%84%ce%bf%ce%ba%ce%b9%ce%bd%ce%ae%cf%84%ce%bf%cf%85\/","robots":"max-image-preview:large","keywords":"","webmasterTools":{"google-site-verification":"S6xm9OozgzUNlz1XGUsqKaiQUGsb8eKTPjRIqVmbJRU","miscellaneous":""},"schema":{"@context":"https:\/\/schema.org","@graph":[{"@type":"BlogPosting","@id":"https:\/\/rentacarigoumenitsa.gr\/it\/%ce%b7%ce%bb%ce%b5%ce%ba%cf%84%cf%81%ce%bf%ce%ba%ce%af%ce%bd%ce%b7%cf%83%ce%b7-%cf%83%cf%84%ce%b7%ce%bd-%ce%b5%ce%bd%ce%bf%ce%b9%ce%ba%ce%af%ce%b1%cf%83%ce%b7-%ce%b1%cf%85%cf%84%ce%bf%ce%ba%ce%b9%ce%bd%ce%ae%cf%84%ce%bf%cf%85\/#blogposting","name":"\u0397\u03bb\u03b5\u03ba\u03c4\u03c1\u03bf\u03ba\u03af\u03bd\u03b7\u03c3\u03b7 \u03c3\u03c4\u03b7\u03bd \u0395\u03bd\u03bf\u03b9\u03ba\u03af\u03b1\u03c3\u03b7 \u0391\u03c5\u03c4\u03bf\u03ba\u03b9\u03bd\u03ae\u03c4\u03bf\u03c5","headline":"\u0397\u03bb\u03b5\u03ba\u03c4\u03c1\u03bf\u03ba\u03af\u03bd\u03b7\u03c3\u03b7 \u03c3\u03c4\u03b7\u03bd \u0395\u03bd\u03bf\u03b9\u03ba\u03af\u03b1\u03c3\u03b7 \u0391\u03c5\u03c4\u03bf\u03ba\u03b9\u03bd\u03ae\u03c4\u03bf\u03c5","author":{"@id":"https:\/\/rentacarigoumenitsa.gr\/it\/author\/r234digou\/#author"},"publisher":{"@id":"https:\/\/rentacarigoumenitsa.gr\/it\/#organization"},"image":{"@type":"ImageObject","url":"https:\/\/rentacarigoumenitsa.gr\/wp-content\/uploads\/2025\/04\/young-couple-man-and-woman-traveling-together-by-n-2025-03-15-16-02-16-utc-scaled.jpg","width":2560,"height":1703},"datePublished":"2025-04-04T15:20:59+03:00","dateModified":"2025-04-04T15:21:02+03:00","inLanguage":"it-IT","mainEntityOfPage":{"@id":"https:\/\/rentacarigoumenitsa.gr\/it\/%ce%b7%ce%bb%ce%b5%ce%ba%cf%84%cf%81%ce%bf%ce%ba%ce%af%ce%bd%ce%b7%cf%83%ce%b7-%cf%83%cf%84%ce%b7%ce%bd-%ce%b5%ce%bd%ce%bf%ce%b9%ce%ba%ce%af%ce%b1%cf%83%ce%b7-%ce%b1%cf%85%cf%84%ce%bf%ce%ba%ce%b9%ce%bd%ce%ae%cf%84%ce%bf%cf%85\/#webpage"},"isPartOf":{"@id":"https:\/\/rentacarigoumenitsa.gr\/it\/%ce%b7%ce%bb%ce%b5%ce%ba%cf%84%cf%81%ce%bf%ce%ba%ce%af%ce%bd%ce%b7%cf%83%ce%b7-%cf%83%cf%84%ce%b7%ce%bd-%ce%b5%ce%bd%ce%bf%ce%b9%ce%ba%ce%af%ce%b1%cf%83%ce%b7-%ce%b1%cf%85%cf%84%ce%bf%ce%ba%ce%b9%ce%bd%ce%ae%cf%84%ce%bf%cf%85\/#webpage"},"articleSection":"Uncategorized"},{"@type":"BreadcrumbList","@id":"https:\/\/rentacarigoumenitsa.gr\/it\/%ce%b7%ce%bb%ce%b5%ce%ba%cf%84%cf%81%ce%bf%ce%ba%ce%af%ce%bd%ce%b7%cf%83%ce%b7-%cf%83%cf%84%ce%b7%ce%bd-%ce%b5%ce%bd%ce%bf%ce%b9%ce%ba%ce%af%ce%b1%cf%83%ce%b7-%ce%b1%cf%85%cf%84%ce%bf%ce%ba%ce%b9%ce%bd%ce%ae%cf%84%ce%bf%cf%85\/#breadcrumblist","itemListElement":[{"@type":"ListItem","@id":"https:\/\/rentacarigoumenitsa.gr\/it#listItem","position":1,"name":"Home","item":"https:\/\/rentacarigoumenitsa.gr\/it","nextItem":{"@type":"ListItem","@id":"https:\/\/rentacarigoumenitsa.gr\/it\/category\/uncategorized\/#listItem","name":"Uncategorized"}},{"@type":"ListItem","@id":"https:\/\/rentacarigoumenitsa.gr\/it\/category\/uncategorized\/#listItem","position":2,"name":"Uncategorized","item":"https:\/\/rentacarigoumenitsa.gr\/it\/category\/uncategorized\/","nextItem":{"@type":"ListItem","@id":"https:\/\/rentacarigoumenitsa.gr\/it\/%ce%b7%ce%bb%ce%b5%ce%ba%cf%84%cf%81%ce%bf%ce%ba%ce%af%ce%bd%ce%b7%cf%83%ce%b7-%cf%83%cf%84%ce%b7%ce%bd-%ce%b5%ce%bd%ce%bf%ce%b9%ce%ba%ce%af%ce%b1%cf%83%ce%b7-%ce%b1%cf%85%cf%84%ce%bf%ce%ba%ce%b9%ce%bd%ce%ae%cf%84%ce%bf%cf%85\/#listItem","name":"\u0397\u03bb\u03b5\u03ba\u03c4\u03c1\u03bf\u03ba\u03af\u03bd\u03b7\u03c3\u03b7 \u03c3\u03c4\u03b7\u03bd \u0395\u03bd\u03bf\u03b9\u03ba\u03af\u03b1\u03c3\u03b7 \u0391\u03c5\u03c4\u03bf\u03ba\u03b9\u03bd\u03ae\u03c4\u03bf\u03c5"},"previousItem":{"@type":"ListItem","@id":"https:\/\/rentacarigoumenitsa.gr\/it#listItem","name":"Home"}},{"@type":"ListItem","@id":"https:\/\/rentacarigoumenitsa.gr\/it\/%ce%b7%ce%bb%ce%b5%ce%ba%cf%84%cf%81%ce%bf%ce%ba%ce%af%ce%bd%ce%b7%cf%83%ce%b7-%cf%83%cf%84%ce%b7%ce%bd-%ce%b5%ce%bd%ce%bf%ce%b9%ce%ba%ce%af%ce%b1%cf%83%ce%b7-%ce%b1%cf%85%cf%84%ce%bf%ce%ba%ce%b9%ce%bd%ce%ae%cf%84%ce%bf%cf%85\/#listItem","position":3,"name":"\u0397\u03bb\u03b5\u03ba\u03c4\u03c1\u03bf\u03ba\u03af\u03bd\u03b7\u03c3\u03b7 \u03c3\u03c4\u03b7\u03bd \u0395\u03bd\u03bf\u03b9\u03ba\u03af\u03b1\u03c3\u03b7 \u0391\u03c5\u03c4\u03bf\u03ba\u03b9\u03bd\u03ae\u03c4\u03bf\u03c5","previousItem":{"@type":"ListItem","@id":"https:\/\/rentacarigoumenitsa.gr\/it\/category\/uncategorized\/#listItem","name":"Uncategorized"}}]},{"@type":"Organization","@id":"https:\/\/rentacarigoumenitsa.gr\/it\/#organization","name":"Rent A Car Igoumenitsa","url":"https:\/\/rentacarigoumenitsa.gr\/it\/","email":"igourent@gmail.com","telephone":"+302665027666","logo":{"@type":"ImageObject","url":"https:\/\/rentacarigoumenitsa.gr\/wp-content\/uploads\/2023\/11\/logo-mobile.png","@id":"https:\/\/rentacarigoumenitsa.gr\/it\/%ce%b7%ce%bb%ce%b5%ce%ba%cf%84%cf%81%ce%bf%ce%ba%ce%af%ce%bd%ce%b7%cf%83%ce%b7-%cf%83%cf%84%ce%b7%ce%bd-%ce%b5%ce%bd%ce%bf%ce%b9%ce%ba%ce%af%ce%b1%cf%83%ce%b7-%ce%b1%cf%85%cf%84%ce%bf%ce%ba%ce%b9%ce%bd%ce%ae%cf%84%ce%bf%cf%85\/#organizationLogo","width":250,"height":100},"image":{"@id":"https:\/\/rentacarigoumenitsa.gr\/it\/%ce%b7%ce%bb%ce%b5%ce%ba%cf%84%cf%81%ce%bf%ce%ba%ce%af%ce%bd%ce%b7%cf%83%ce%b7-%cf%83%cf%84%ce%b7%ce%bd-%ce%b5%ce%bd%ce%bf%ce%b9%ce%ba%ce%af%ce%b1%cf%83%ce%b7-%ce%b1%cf%85%cf%84%ce%bf%ce%ba%ce%b9%ce%bd%ce%ae%cf%84%ce%bf%cf%85\/#organizationLogo"},"sameAs":["https:\/\/www.facebook.com\/rentacarigoumenitsa\/","https:\/\/www.instagram.com\/rentcarigoumenitsa\/","https:\/\/www.youtube.com\/@rentacarigoumenitsa"],"address":{"@id":"https:\/\/rentacarigoumenitsa.gr\/it\/#postaladdress","@type":"PostalAddress","streetAddress":"Agion Apostolon 39-41,","postalCode":"46100","addressLocality":"Igoumenitsa","addressRegion":"Thesprotia","addressCountry":"GR"},"vatID":"EL121704960"},{"@type":"Person","@id":"https:\/\/rentacarigoumenitsa.gr\/it\/author\/r234digou\/#author","url":"https:\/\/rentacarigoumenitsa.gr\/it\/author\/r234digou\/","name":"Rent A Car Igoumenitsa","image":{"@type":"ImageObject","@id":"https:\/\/rentacarigoumenitsa.gr\/it\/%ce%b7%ce%bb%ce%b5%ce%ba%cf%84%cf%81%ce%bf%ce%ba%ce%af%ce%bd%ce%b7%cf%83%ce%b7-%cf%83%cf%84%ce%b7%ce%bd-%ce%b5%ce%bd%ce%bf%ce%b9%ce%ba%ce%af%ce%b1%cf%83%ce%b7-%ce%b1%cf%85%cf%84%ce%bf%ce%ba%ce%b9%ce%bd%ce%ae%cf%84%ce%bf%cf%85\/#authorImage","url":"https:\/\/secure.gravatar.com\/avatar\/b0b84ab4d14d5f8ae68249bf4101f022df1c7a8f51673576528c824772929605?s=96&d=mm&r=g","width":96,"height":96,"caption":"Rent A Car Igoumenitsa"}},{"@type":"WebPage","@id":"https:\/\/rentacarigoumenitsa.gr\/it\/%ce%b7%ce%bb%ce%b5%ce%ba%cf%84%cf%81%ce%bf%ce%ba%ce%af%ce%bd%ce%b7%cf%83%ce%b7-%cf%83%cf%84%ce%b7%ce%bd-%ce%b5%ce%bd%ce%bf%ce%b9%ce%ba%ce%af%ce%b1%cf%83%ce%b7-%ce%b1%cf%85%cf%84%ce%bf%ce%ba%ce%b9%ce%bd%ce%ae%cf%84%ce%bf%cf%85\/#webpage","url":"https:\/\/rentacarigoumenitsa.gr\/it\/%ce%b7%ce%bb%ce%b5%ce%ba%cf%84%cf%81%ce%bf%ce%ba%ce%af%ce%bd%ce%b7%cf%83%ce%b7-%cf%83%cf%84%ce%b7%ce%bd-%ce%b5%ce%bd%ce%bf%ce%b9%ce%ba%ce%af%ce%b1%cf%83%ce%b7-%ce%b1%cf%85%cf%84%ce%bf%ce%ba%ce%b9%ce%bd%ce%ae%cf%84%ce%bf%cf%85\/","name":"\u0397\u03bb\u03b5\u03ba\u03c4\u03c1\u03bf\u03ba\u03af\u03bd\u03b7\u03c3\u03b7 \u03c3\u03c4\u03b7\u03bd \u0395\u03bd\u03bf\u03b9\u03ba\u03af\u03b1\u03c3\u03b7 \u0391\u03c5\u03c4\u03bf\u03ba\u03b9\u03bd\u03ae\u03c4\u03bf\u03c5","description":"\u0397\u03bb\u03b5\u03ba\u03c4\u03c1\u03bf\u03ba\u03af\u03bd\u03b7\u03c3\u03b7 \u03c3\u03c4\u03b7\u03bd \u0395\u03bd\u03bf\u03b9\u03ba\u03af\u03b1\u03c3\u03b7 \u0391\u03c5\u03c4\u03bf\u03ba\u03b9\u03bd\u03ae\u03c4\u03bf\u03c5 \u03c4\u03bf trend \u03c4\u03b7\u03c2 \u03b5\u03c0\u03bf\u03c7\u03ae\u03c2 \u03cc\u03c3\u03bf\u03bd \u03b1\u03c6\u03bf\u03c1\u03ac \u03c4\u03b7\u03bd \u03b1\u03b3\u03bf\u03c1\u03ac \u03b1\u03c5\u03c4\u03bf\u03ba\u03b9\u03bd\u03ae\u03c4\u03bf\u03c5. \u0391\u03ba\u03bf\u03cd\u03c2 \u03b3\u03b9\u03b1 \u03c4\u03bf \u03c0\u03cc\u03c3\u03bf \u03c3\u03b7\u03bc\u03b1\u03bd\u03c4\u03b9\u03ba\u03ae \u03b5\u03af\u03bd\u03b1\u03b9 \u03b7 \u03bc\u03b5\u03c4\u03ac\u03b2\u03b1\u03c3\u03b7 \u03c3\u03c4\u03b7\u03bd \u03b7\u03bb\u03b5\u03ba\u03c4\u03c1\u03bf\u03ba\u03af\u03bd\u03b7\u03c3\u03b7","inLanguage":"it-IT","isPartOf":{"@id":"https:\/\/rentacarigoumenitsa.gr\/it\/#website"},"breadcrumb":{"@id":"https:\/\/rentacarigoumenitsa.gr\/it\/%ce%b7%ce%bb%ce%b5%ce%ba%cf%84%cf%81%ce%bf%ce%ba%ce%af%ce%bd%ce%b7%cf%83%ce%b7-%cf%83%cf%84%ce%b7%ce%bd-%ce%b5%ce%bd%ce%bf%ce%b9%ce%ba%ce%af%ce%b1%cf%83%ce%b7-%ce%b1%cf%85%cf%84%ce%bf%ce%ba%ce%b9%ce%bd%ce%ae%cf%84%ce%bf%cf%85\/#breadcrumblist"},"author":{"@id":"https:\/\/rentacarigoumenitsa.gr\/it\/author\/r234digou\/#author"},"creator":{"@id":"https:\/\/rentacarigoumenitsa.gr\/it\/author\/r234digou\/#author"},"image":{"@type":"ImageObject","url":"https:\/\/rentacarigoumenitsa.gr\/wp-content\/uploads\/2025\/04\/young-couple-man-and-woman-traveling-together-by-n-2025-03-15-16-02-16-utc-scaled.jpg","@id":"https:\/\/rentacarigoumenitsa.gr\/it\/%ce%b7%ce%bb%ce%b5%ce%ba%cf%84%cf%81%ce%bf%ce%ba%ce%af%ce%bd%ce%b7%cf%83%ce%b7-%cf%83%cf%84%ce%b7%ce%bd-%ce%b5%ce%bd%ce%bf%ce%b9%ce%ba%ce%af%ce%b1%cf%83%ce%b7-%ce%b1%cf%85%cf%84%ce%bf%ce%ba%ce%b9%ce%bd%ce%ae%cf%84%ce%bf%cf%85\/#mainImage","width":2560,"height":1703},"primaryImageOfPage":{"@id":"https:\/\/rentacarigoumenitsa.gr\/it\/%ce%b7%ce%bb%ce%b5%ce%ba%cf%84%cf%81%ce%bf%ce%ba%ce%af%ce%bd%ce%b7%cf%83%ce%b7-%cf%83%cf%84%ce%b7%ce%bd-%ce%b5%ce%bd%ce%bf%ce%b9%ce%ba%ce%af%ce%b1%cf%83%ce%b7-%ce%b1%cf%85%cf%84%ce%bf%ce%ba%ce%b9%ce%bd%ce%ae%cf%84%ce%bf%cf%85\/#mainImage"},"datePublished":"2025-04-04T15:20:59+03:00","dateModified":"2025-04-04T15:21:02+03:00"},{"@type":"WebSite","@id":"https:\/\/rentacarigoumenitsa.gr\/it\/#website","url":"https:\/\/rentacarigoumenitsa.gr\/it\/","name":"Rent A Car Igoumenitsa","alternateName":"\u0395\u03bd\u03bf\u03b9\u03ba\u03af\u03b1\u03c3\u03b7 \u03b1\u03c5\u03c4\u03bf\u03ba\u03b9\u03bd\u03ae\u03c4\u03bf\u03c5 \u0397\u03b3\u03bf\u03c5\u03bc\u03b5\u03bd\u03af\u03c4\u03c3\u03b1","inLanguage":"it-IT","publisher":{"@id":"https:\/\/rentacarigoumenitsa.gr\/it\/#organization"}}]},"og:locale":"it_IT","og:site_name":"Rent A Car Igoumenitsa -","og:type":"article","og:title":"\u0397\u03bb\u03b5\u03ba\u03c4\u03c1\u03bf\u03ba\u03af\u03bd\u03b7\u03c3\u03b7 \u03c3\u03c4\u03b7\u03bd \u0395\u03bd\u03bf\u03b9\u03ba\u03af\u03b1\u03c3\u03b7 \u0391\u03c5\u03c4\u03bf\u03ba\u03b9\u03bd\u03ae\u03c4\u03bf\u03c5","og:description":"\u0397\u03bb\u03b5\u03ba\u03c4\u03c1\u03bf\u03ba\u03af\u03bd\u03b7\u03c3\u03b7 \u03c3\u03c4\u03b7\u03bd \u0395\u03bd\u03bf\u03b9\u03ba\u03af\u03b1\u03c3\u03b7 \u0391\u03c5\u03c4\u03bf\u03ba\u03b9\u03bd\u03ae\u03c4\u03bf\u03c5 \u03c4\u03bf trend \u03c4\u03b7\u03c2 \u03b5\u03c0\u03bf\u03c7\u03ae\u03c2 \u03cc\u03c3\u03bf\u03bd \u03b1\u03c6\u03bf\u03c1\u03ac \u03c4\u03b7\u03bd \u03b1\u03b3\u03bf\u03c1\u03ac \u03b1\u03c5\u03c4\u03bf\u03ba\u03b9\u03bd\u03ae\u03c4\u03bf\u03c5. \u0391\u03ba\u03bf\u03cd\u03c2 \u03b3\u03b9\u03b1 \u03c4\u03bf \u03c0\u03cc\u03c3\u03bf \u03c3\u03b7\u03bc\u03b1\u03bd\u03c4\u03b9\u03ba\u03ae \u03b5\u03af\u03bd\u03b1\u03b9 \u03b7 \u03bc\u03b5\u03c4\u03ac\u03b2\u03b1\u03c3\u03b7 \u03c3\u03c4\u03b7\u03bd \u03b7\u03bb\u03b5\u03ba\u03c4\u03c1\u03bf\u03ba\u03af\u03bd\u03b7\u03c3\u03b7","og:url":"https:\/\/rentacarigoumenitsa.gr\/it\/%ce%b7%ce%bb%ce%b5%ce%ba%cf%84%cf%81%ce%bf%ce%ba%ce%af%ce%bd%ce%b7%cf%83%ce%b7-%cf%83%cf%84%ce%b7%ce%bd-%ce%b5%ce%bd%ce%bf%ce%b9%ce%ba%ce%af%ce%b1%cf%83%ce%b7-%ce%b1%cf%85%cf%84%ce%bf%ce%ba%ce%b9%ce%bd%ce%ae%cf%84%ce%bf%cf%85\/","og:image":"https:\/\/rentacarigoumenitsa.gr\/wp-content\/uploads\/2025\/04\/young-couple-man-and-woman-traveling-together-by-n-2025-03-15-16-02-16-utc-scaled.jpg","og:image:secure_url":"https:\/\/rentacarigoumenitsa.gr\/wp-content\/uploads\/2025\/04\/young-couple-man-and-woman-traveling-together-by-n-2025-03-15-16-02-16-utc-scaled.jpg","og:image:width":2560,"og:image:height":1703,"article:published_time":"2025-04-04T12:20:59+00:00","article:modified_time":"2025-04-04T12:21:02+00:00","article:publisher":"https:\/\/www.facebook.com\/rentacarigoumenitsa\/","twitter:card":"summary_large_image","twitter:title":"\u0397\u03bb\u03b5\u03ba\u03c4\u03c1\u03bf\u03ba\u03af\u03bd\u03b7\u03c3\u03b7 \u03c3\u03c4\u03b7\u03bd \u0395\u03bd\u03bf\u03b9\u03ba\u03af\u03b1\u03c3\u03b7 \u0391\u03c5\u03c4\u03bf\u03ba\u03b9\u03bd\u03ae\u03c4\u03bf\u03c5","twitter:description":"\u0397\u03bb\u03b5\u03ba\u03c4\u03c1\u03bf\u03ba\u03af\u03bd\u03b7\u03c3\u03b7 \u03c3\u03c4\u03b7\u03bd \u0395\u03bd\u03bf\u03b9\u03ba\u03af\u03b1\u03c3\u03b7 \u0391\u03c5\u03c4\u03bf\u03ba\u03b9\u03bd\u03ae\u03c4\u03bf\u03c5 \u03c4\u03bf trend \u03c4\u03b7\u03c2 \u03b5\u03c0\u03bf\u03c7\u03ae\u03c2 \u03cc\u03c3\u03bf\u03bd \u03b1\u03c6\u03bf\u03c1\u03ac \u03c4\u03b7\u03bd \u03b1\u03b3\u03bf\u03c1\u03ac \u03b1\u03c5\u03c4\u03bf\u03ba\u03b9\u03bd\u03ae\u03c4\u03bf\u03c5. \u0391\u03ba\u03bf\u03cd\u03c2 \u03b3\u03b9\u03b1 \u03c4\u03bf \u03c0\u03cc\u03c3\u03bf \u03c3\u03b7\u03bc\u03b1\u03bd\u03c4\u03b9\u03ba\u03ae \u03b5\u03af\u03bd\u03b1\u03b9 \u03b7 \u03bc\u03b5\u03c4\u03ac\u03b2\u03b1\u03c3\u03b7 \u03c3\u03c4\u03b7\u03bd \u03b7\u03bb\u03b5\u03ba\u03c4\u03c1\u03bf\u03ba\u03af\u03bd\u03b7\u03c3\u03b7","twitter:image":"https:\/\/rentacarigoumenitsa.gr\/wp-content\/uploads\/2023\/12\/fb-cover.jpg"},"aioseo_meta_data":{"post_id":"385","title":"L'elettrificazione nel noleggio auto","description":"L'elettrificazione nell'autonoleggio \u00e8 la tendenza del momento in termini di acquisto di auto. Si sente parlare di quanto sia importante la transizione verso l'elettrificazione","keywords":null,"keyphrases":{"focus":{"keyphrase":"\u0397\u03bb\u03b5\u03ba\u03c4\u03c1\u03bf\u03ba\u03af\u03bd\u03b7\u03c3\u03b7","score":78,"analysis":{"keyphraseInTitle":{"score":9,"maxScore":9,"error":0},"keyphraseInDescription":{"score":9,"maxScore":9,"error":0},"keyphraseLength":{"score":-999,"maxScore":9,"error":1,"length":0},"keyphraseInURL":{"score":5,"maxScore":5,"error":0},"keyphraseInIntroduction":{"score":9,"maxScore":9,"error":0},"keyphraseInSubHeadings":[],"keyphraseInImageAlt":[],"keywordDensity":{"type":"high","score":0,"maxScore":9,"error":1}}},"additional":[]},"primary_term":null,"canonical_url":null,"og_title":null,"og_description":null,"og_object_type":"default","og_image_type":"default","og_image_url":null,"og_image_width":null,"og_image_height":null,"og_image_custom_url":null,"og_image_custom_fields":null,"og_video":"","og_custom_url":null,"og_article_section":null,"og_article_tags":null,"twitter_use_og":false,"twitter_card":"default","twitter_image_type":"default","twitter_image_url":null,"twitter_image_custom_url":null,"twitter_image_custom_fields":null,"twitter_title":null,"twitter_description":null,"schema":{"blockGraphs":[],"customGraphs":[],"default":{"data":{"Article":[],"Course":[],"Dataset":[],"FAQPage":[],"Movie":[],"Person":[],"Product":[],"ProductReview":[],"Car":[],"Recipe":[],"Service":[],"SoftwareApplication":[],"WebPage":[]},"graphName":"BlogPosting","isEnabled":true},"graphs":[]},"schema_type":"default","schema_type_options":null,"pillar_content":false,"robots_default":true,"robots_noindex":false,"robots_noarchive":false,"robots_nosnippet":false,"robots_nofollow":false,"robots_noimageindex":false,"robots_noodp":false,"robots_notranslate":false,"robots_max_snippet":"-1","robots_max_videopreview":"-1","robots_max_imagepreview":"large","priority":null,"frequency":"default","local_seo":null,"seo_analyzer_scan_date":"2025-09-19 10:33:20","breadcrumb_settings":null,"limit_modified_date":false,"open_ai":"{\"title\":{\"suggestions\":[],\"usage\":0},\"description\":{\"suggestions\":[],\"usage\":0}}","ai":null,"created":"2025-04-04 12:21:00","updated":"2025-12-03 13:22:12"},"aioseo_breadcrumb":"<div class=\"aioseo-breadcrumbs\"><span class=\"aioseo-breadcrumb\">\n\t<a href=\"https:\/\/rentacarigoumenitsa.gr\/it\" title=\"Home\">Home<\/a>\n<\/span><span class=\"aioseo-breadcrumb-separator\">&raquo;<\/span><span class=\"aioseo-breadcrumb\">\n\t<a href=\"https:\/\/rentacarigoumenitsa.gr\/it\/category\/uncategorized\/\" title=\"Uncategorized\">Uncategorized<\/a>\n<\/span><span class=\"aioseo-breadcrumb-separator\">&raquo;<\/span><span class=\"aioseo-breadcrumb\">\n\t\u0397\u03bb\u03b5\u03ba\u03c4\u03c1\u03bf\u03ba\u03af\u03bd\u03b7\u03c3\u03b7 \u03c3\u03c4\u03b7\u03bd \u0395\u03bd\u03bf\u03b9\u03ba\u03af\u03b1\u03c3\u03b7 \u0391\u03c5\u03c4\u03bf\u03ba\u03b9\u03bd\u03ae\u03c4\u03bf\u03c5\n<\/span><\/div>","aioseo_breadcrumb_json":[{"label":"Home","link":"https:\/\/rentacarigoumenitsa.gr\/it"},{"label":"Uncategorized","link":"https:\/\/rentacarigoumenitsa.gr\/it\/category\/uncategorized\/"},{"label":"\u0397\u03bb\u03b5\u03ba\u03c4\u03c1\u03bf\u03ba\u03af\u03bd\u03b7\u03c3\u03b7 \u03c3\u03c4\u03b7\u03bd \u0395\u03bd\u03bf\u03b9\u03ba\u03af\u03b1\u03c3\u03b7 \u0391\u03c5\u03c4\u03bf\u03ba\u03b9\u03bd\u03ae\u03c4\u03bf\u03c5","link":"https:\/\/rentacarigoumenitsa.gr\/it\/%ce%b7%ce%bb%ce%b5%ce%ba%cf%84%cf%81%ce%bf%ce%ba%ce%af%ce%bd%ce%b7%cf%83%ce%b7-%cf%83%cf%84%ce%b7%ce%bd-%ce%b5%ce%bd%ce%bf%ce%b9%ce%ba%ce%af%ce%b1%cf%83%ce%b7-%ce%b1%cf%85%cf%84%ce%bf%ce%ba%ce%b9%ce%bd%ce%ae%cf%84%ce%bf%cf%85\/"}],"_links":{"self":[{"href":"https:\/\/rentacarigoumenitsa.gr\/it\/wp-json\/wp\/v2\/posts\/385","targetHints":{"allow":["GET"]}}],"collection":[{"href":"https:\/\/rentacarigoumenitsa.gr\/it\/wp-json\/wp\/v2\/posts"}],"about":[{"href":"https:\/\/rentacarigoumenitsa.gr\/it\/wp-json\/wp\/v2\/types\/post"}],"author":[{"embeddable":true,"href":"https:\/\/rentacarigoumenitsa.gr\/it\/wp-json\/wp\/v2\/users\/1"}],"replies":[{"embeddable":true,"href":"https:\/\/rentacarigoumenitsa.gr\/it\/wp-json\/wp\/v2\/comments?post=385"}],"version-history":[{"count":1,"href":"https:\/\/rentacarigoumenitsa.gr\/it\/wp-json\/wp\/v2\/posts\/385\/revisions"}],"predecessor-version":[{"id":387,"href":"https:\/\/rentacarigoumenitsa.gr\/it\/wp-json\/wp\/v2\/posts\/385\/revisions\/387"}],"wp:featuredmedia":[{"embeddable":true,"href":"https:\/\/rentacarigoumenitsa.gr\/it\/wp-json\/wp\/v2\/media\/386"}],"wp:attachment":[{"href":"https:\/\/rentacarigoumenitsa.gr\/it\/wp-json\/wp\/v2\/media?parent=385"}],"wp:term":[{"taxonomy":"category","embeddable":true,"href":"https:\/\/rentacarigoumenitsa.gr\/it\/wp-json\/wp\/v2\/categories?post=385"},{"taxonomy":"post_tag","embeddable":true,"href":"https:\/\/rentacarigoumenitsa.gr\/it\/wp-json\/wp\/v2\/tags?post=385"}],"curies":[{"name":"wp","href":"https:\/\/api.w.org\/{rel}","templated":true}]}}