{"id":307,"date":"2024-02-29T10:44:45","date_gmt":"2024-02-29T07:44:45","guid":{"rendered":"https:\/\/rentacarigoumenitsa.gr\/?p=307"},"modified":"2024-02-29T14:00:55","modified_gmt":"2024-02-29T11:00:55","slug":"%ce%b5%ce%bd%ce%b1%ce%bb%ce%bb%ce%b1%ce%ba%cf%84%ce%b9%ce%ba%cf%8c%cf%82-%cf%84%ce%bf%cf%85%cf%81%ce%b9%cf%83%ce%bc%cf%8c%cf%82-%cf%83%cf%84%ce%b7%ce%bd-%ce%b8%ce%b5%cf%83%cf%80%cf%81%cf%89%cf%84%ce%af%ce%b1","status":"publish","type":"post","link":"https:\/\/rentacarigoumenitsa.gr\/it\/%ce%b5%ce%bd%ce%b1%ce%bb%ce%bb%ce%b1%ce%ba%cf%84%ce%b9%ce%ba%cf%8c%cf%82-%cf%84%ce%bf%cf%85%cf%81%ce%b9%cf%83%ce%bc%cf%8c%cf%82-%cf%83%cf%84%ce%b7%ce%bd-%ce%b8%ce%b5%cf%83%cf%80%cf%81%cf%89%cf%84%ce%af%ce%b1\/","title":{"rendered":"Turismo alternativo in Tesprozia"},"content":{"rendered":"<p>Negli ultimi anni, in Tesprozia si \u00e8 sviluppato un turismo alternativo in varie forme, come l'enoturismo, il turismo gastronomico, il turismo naturalistico, il turismo religioso e il turismo medico.<\/p>\n\n\n\n<p>Si tratta di forme di turismo che si rivolgono a un pubblico specifico con aspettative ed esigenze simili, tanto simili quanto diverse dalle forme di turismo popolare.<\/p>\n\n\n\n<p>Turismo naturalistico o ecoturismo<\/p>\n\n\n\n<p>\u0397 <a href=\"https:\/\/rentacarigoumenitsa.gr\/it\/il-ribeiro-avvolgente\/\" title=\"La Riviera di Thesprotia\">Thesprotia<\/a>Grazie alla sua particolarit\u00e0 geografica, oltre alle sue impressionanti spiagge, combina montagne, fiumi, gole e molto verde.<\/p>\n\n\n\n<p>Il fiume Acherontas \u00e8 un punto di riferimento, con le omonime sorgenti nel villaggio di Glyki sotto la famosa Souli. Un'area verde di infinita bellezza naturale, con un fiume calmo e cristallino. Il visitatore ha la possibilit\u00e0 di attraversare il fiume a piedi, di vedere il percorso di Caronte dalle porte dell'Ade alla foce dell'Acheronte, di sperimentare e vedere come le acque sgorgano dalle sorgenti. Nella zona sono presenti strutture ricettive, esercizi di ristorazione e attivit\u00e0 come <a href=\"https:\/\/acheron-rafting.gr\" target=\"_blank\" rel=\"noopener\" title=\"rafting\">rafting<\/a>, canoa kayak, equitazione ecc.<\/p>\n\n\n\n<p>Oltre all'Acheronte, ci sono anche il fiume Kalamas e molti percorsi montani nella zona di Filiatos di Thesprotia (Gola di Lagari, Lagavitsa) nella Paramythia montuosa e a Souli (scala di Tzavelaina).<\/p>\n\n\n\n<p>Sebbene i percorsi siano caratterizzati come facili o moderatamente difficili, nella zona sono presenti guide alpine esperte e c'\u00e8 un club alpinistico organizzato (EOSI), dove i visitatori possono ottenere informazioni utili e assistenza preziosa. Inoltre, la Tesprozia \u00e8 un popolo molto ospitale.<\/p>\n\n\n\n<p>Turismo religioso<\/p>\n\n\n\n<p>La Tesprozia, sebbene non sia molto diffusa nel turismo religioso, ha un monastero di bellezza unica, il Santo Monastero della Dormizione della Vergine Maria di Gyromeri.&nbsp;<\/p>\n\n\n\n<p>Un monastero ospitale e ben curato che sovrasta il villaggio di Giromeri Filiata, un punto di riferimento per la zona che attira ogni anno migliaia di pellegrini e turisti.<\/p>\n\n\n\n<p>L'abate Methodios e i monaci sono persone uniche e sempre disponibili.<\/p>\n\n\n\n<p>Anche nel villaggio <a href=\"https:\/\/el.wikipedia.org\/wiki\/\u039a\u03bf\u03ba\u03ba\u03b9\u03bd\u03bf\u03bb\u03b9\u03b8\u03ac\u03c1\u03b9_\u0398\u03b5\u03c3\u03c0\u03c1\u03c9\u03c4\u03af\u03b1\u03c2\" target=\"_blank\" rel=\"noopener\" title=\"Lithari rosso di Filiaton\">Lithari rosso di Filiaton<\/a> si trova il Santo Monastero di Agios Minas, costruito su una roccia come i monasteri di Meteora. Purtroppo il monastero non \u00e8 aperto, ma \u00e8 sempre visitabile. Infatti, ogni anno, in occasione della festa di Agios Minas, si tiene una grande festa nella piazza del villaggio. Inoltre, nella piazza del villaggio \u00e8 aperta tutto l'anno una macelleria tradizionale unica nel suo genere, con carne eccellente.<\/p>\n\n\n\n<p>Purtroppo in Epiro e soprattutto in Tesprozia non ci sono molti monasteri, perch\u00e9 molti di essi sono stati chiusi e abbandonati e questo \u00e8 triste.<\/p>\n\n\n\n<p>Chiese importanti in Tesprozia sono la Chiesa Metropolitana di San Donato a Paramythia, la Chiesa Metropolitana di San Donato a Paramythia, la Chiesa Metropolitana di San Donato a Paramythia. <a href=\"https:\/\/www.facebook.com\/profile.php?id=801009556668484&amp;paipv=0&amp;eav=AfYuebpM9D5zwQXGMpxHDd5injl441ZaaqF4WNeiAcs07tDhkuJyB0nF5xD7uzIA6Eo&amp;_rdr\" target=\"_blank\" rel=\"noopener\" title=\"Chiesa dell&#039;Annunciazione di Igoumenitsa\">Chiesa dell'Annunciazione di Igoumenitsa<\/a>, Agia Kyriakiaki di Gardiki e Panagia Paramithiotissa a Paramythia.<\/p>\n\n\n\n<p>Enoturismo e gastronomia<\/p>\n\n\n\n<p>In Thesprotia ci sono oggi 3 cantine con una tendenza e un'attivit\u00e0 in costante crescita. La qualit\u00e0 e la materia prima locale sono il motivo principale per provarle.<\/p>\n\n\n\n<p>La cantina Markatselis (<a href=\"http:\/\/www.markatseliswinery.gr\">www.markatseliswinery.gr<\/a>) a Finiki Filiates, \u00e8 la pi\u00f9 antica di Tesprozia, da due generazioni, dal signor Spyros Markatselis ad Alexandros Markatselis. Una cantina tradizionale e visitabile di agricoltura biologica. Alexandros, enologo professionista con studi all'estero, vi mostrer\u00e0 la cantina, vi far\u00e0 visitare il posto, vi far\u00e0 assaggiare prodotti locali e vi dar\u00e0 la possibilit\u00e0 di degustare vini unici. \u00c8 anche un eccellente conoscitore della regione ed \u00e8 sempre disposto ad aiutarvi a trovare itinerari di montagna unici nella zona di Filiata.<\/p>\n\n\n\n<p>Nel villaggio di Finiki si trova anche Gastrokafene, un tradizionale caff\u00e8 musicale con rare prelibatezze locali che stupiranno il visitatore.<\/p>\n\n\n\n<p>Sempre a Polydroso si trova l'Omonia Caf\u00e9, un caff\u00e8 di interesse gastronomico unico che vi stupir\u00e0. Carni uniche, funghi locali e rari.<\/p>\n\n\n\n<p>In generale, a Thesprotia troverete molti ristoranti con cibo molto buono e fresco.&nbsp;<\/p>\n\n\n\n<p>La zona \u00e8 famosa per l'ottima qualit\u00e0 della carne di pecora, per i prodotti caseari tradizionali locali e per l'eccellente qualit\u00e0 dei frutti di mare e del pesce.<\/p>\n\n\n\n<p>Turismo medico&nbsp;<\/p>\n\n\n\n<p>La Tesprozia \u00e8 stata recentemente una regione che, direttamente o indirettamente, crea le condizioni per lo sviluppo del turismo medico.<\/p>\n\n\n\n<p>A causa delle carenze del sistema sanitario delle isole di Corf\u00f9 e Paxos, i loro residenti, cos\u00ec come i vicini albanesi, scelgono Igoumenitsa e Filiates per curarsi, poich\u00e9 la zona dispone di un pronto soccorso e di un ospedale.&nbsp;<\/p>\n\n\n\n<p>Il sistema sanitario pubblico e i medici privati sono di livello abbastanza soddisfacente per una citt\u00e0 di provincia. Inoltre, Ioannina, che dista meno di un'ora, ha ospedali e medici di alta qualit\u00e0.&nbsp;<\/p>\n\n\n\n<p>Molti visitatori che hanno bisogno di cure scelgono di noleggiare auto dal porto di Igoumenitsa o anche di soggiornare in hotel e alloggi della zona.<\/p>\n\n\n\n<p>Oltre al turismo tradizionale, la Tesprozia \u00e8 gi\u00e0 sulla buona strada per la crescita del turismo alternativo. &nbsp;<\/p>","protected":false},"excerpt":{"rendered":"<p>\u03a3\u03c4\u03b7 \u0398\u03b5\u03c3\u03c0\u03c1\u03c9\u03c4\u03af\u03b1 \u03c4\u03b1 \u03c4\u03b5\u03bb\u03b5\u03c5\u03c4\u03b1\u03af\u03b1 \u03c7\u03c1\u03cc\u03bd\u03b9\u03b1 \u03b1\u03bd\u03b1\u03c0\u03c4\u03cd\u03c3\u03c3\u03b5\u03c4\u03b1\u03b9 \u03b4\u03b5\u03b9\u03bb\u03ac \u03b4\u03b5\u03b9\u03bb\u03ac \u03bf \u03b5\u03bd\u03b1\u03bb\u03bb\u03b1\u03ba\u03c4\u03b9\u03ba\u03cc\u03c2 \u03c4\u03bf\u03c5\u03c1\u03b9\u03c3\u03bc\u03cc\u03c2 \u03c3\u03b5 \u03b4\u03b9\u03ac\u03c6\u03bf\u03c1\u03b5\u03c2 \u03bc\u03bf\u03c1\u03c6\u03ad\u03c2 \u03c4\u03bf\u03c5, \u03cc\u03c0\u03c9\u03c2 \u03bf \u03bf\u03b9\u03bd\u03bf\u03c4\u03bf\u03c5\u03c1\u03b9\u03c3\u03bc\u03cc\u03c2, \u03bf \u03b3\u03b1\u03c3\u03c4\u03c1\u03bf\u03c4\u03bf\u03c5\u03c1\u03b9\u03c3\u03bc\u03cc\u03c2, \u03bf \u03c6\u03c5\u03c3\u03b9\u03bf\u03bb\u03b1\u03c4\u03c1\u03b9\u03ba\u03cc\u03c2 \u03c4\u03bf\u03c5\u03c1\u03b9\u03c3\u03bc\u03cc\u03c2, \u03bf \u03b8\u03c1\u03b7\u03c3\u03ba\u03b5\u03c5\u03c4\u03b9\u03ba\u03cc\u03c2 \u03c4\u03bf\u03c5\u03c1\u03b9\u03c3\u03bc\u03cc\u03c2<span class=\"excerpt-hellip\"> [\u2026]<\/span><\/p>\n","protected":false},"author":1,"featured_media":308,"comment_status":"open","ping_status":"open","sticky":false,"template":"","format":"standard","meta":{"footnotes":""},"categories":[50],"tags":[],"class_list":["post-307","post","type-post","status-publish","format-standard","has-post-thumbnail","hentry","category--epirus"],"aioseo_notices":[],"aioseo_head":"\n\t\t<!-- All in One SEO Pro 4.9.4.2 - aioseo.com -->\n\t<meta name=\"description\" content=\"\u039f \u03b5\u03bd\u03b1\u03bb\u03bb\u03b1\u03ba\u03c4\u03b9\u03ba\u03cc\u03c2 \u03c4\u03bf\u03c5\u03c1\u03b9\u03c3\u03bc\u03cc\u03c2 \u03c3\u03c4\u03b7\u03bd \u0398\u03b5\u03c3\u03c0\u03c1\u03c9\u03c4\u03af\u03b1 \u03c4\u03b1 \u03c4\u03b5\u03bb\u03b5\u03c5\u03c4\u03b1\u03af\u03b1 \u03c7\u03c1\u03cc\u03bd\u03b9\u03b1 \u03b1\u03bd\u03b1\u03c0\u03c4\u03cd\u03c3\u03c3\u03b5\u03c4\u03b1\u03b9 \u03b4\u03b5\u03b9\u03bb\u03ac \u03b4\u03b5\u03b9\u03bb\u03ac \u03c3\u03b5 \u03b4\u03b9\u03ac\u03c6\u03bf\u03c1\u03b5\u03c2 \u03bc\u03bf\u03c1\u03c6\u03ad\u03c2 \u03c4\u03bf\u03c5, \u03cc\u03c0\u03c9\u03c2 \u03bf \u03bf\u03b9\u03bd\u03bf\u03c4\u03bf\u03c5\u03c1\u03b9\u03c3\u03bc\u03cc\u03c2, \u03bf \u03b3\u03b1\u03c3\u03c4\u03c1\u03bf\u03c4\u03bf\u03c5\u03c1\u03b9\u03c3\u03bc\u03cc\u03c2 \u03ba\u03b1\u03b9 \u03ac\u03bb\u03bb\u03b5\u03c2.\" \/>\n\t<meta name=\"robots\" content=\"max-image-preview:large\" \/>\n\t<meta name=\"author\" content=\"Rent A Car Igoumenitsa\"\/>\n\t<meta name=\"google-site-verification\" content=\"S6xm9OozgzUNlz1XGUsqKaiQUGsb8eKTPjRIqVmbJRU\" \/>\n\t<link rel=\"canonical\" href=\"https:\/\/rentacarigoumenitsa.gr\/it\/%ce%b5%ce%bd%ce%b1%ce%bb%ce%bb%ce%b1%ce%ba%cf%84%ce%b9%ce%ba%cf%8c%cf%82-%cf%84%ce%bf%cf%85%cf%81%ce%b9%cf%83%ce%bc%cf%8c%cf%82-%cf%83%cf%84%ce%b7%ce%bd-%ce%b8%ce%b5%cf%83%cf%80%cf%81%cf%89%cf%84%ce%af%ce%b1\/\" \/>\n\t<meta name=\"generator\" content=\"All in One SEO Pro (AIOSEO) 4.9.4.2\" \/>\n\t\t<meta property=\"og:locale\" content=\"it_IT\" \/>\n\t\t<meta property=\"og:site_name\" content=\"Rent A Car Igoumenitsa -\" \/>\n\t\t<meta property=\"og:type\" content=\"article\" \/>\n\t\t<meta property=\"og:title\" content=\"\u0395\u03bd\u03b1\u03bb\u03bb\u03b1\u03ba\u03c4\u03b9\u03ba\u03cc\u03c2 \u03a4\u03bf\u03c5\u03c1\u03b9\u03c3\u03bc\u03cc\u03c2 \u03c3\u03c4\u03b7\u03bd \u0398\u03b5\u03c3\u03c0\u03c1\u03c9\u03c4\u03af\u03b1 - \u0397 \u03b1\u03bd\u03ac\u03c0\u03c4\u03c5\u03be\u03b7\" \/>\n\t\t<meta property=\"og:description\" content=\"\u039f \u03b5\u03bd\u03b1\u03bb\u03bb\u03b1\u03ba\u03c4\u03b9\u03ba\u03cc\u03c2 \u03c4\u03bf\u03c5\u03c1\u03b9\u03c3\u03bc\u03cc\u03c2 \u03c3\u03c4\u03b7\u03bd \u0398\u03b5\u03c3\u03c0\u03c1\u03c9\u03c4\u03af\u03b1 \u03c4\u03b1 \u03c4\u03b5\u03bb\u03b5\u03c5\u03c4\u03b1\u03af\u03b1 \u03c7\u03c1\u03cc\u03bd\u03b9\u03b1 \u03b1\u03bd\u03b1\u03c0\u03c4\u03cd\u03c3\u03c3\u03b5\u03c4\u03b1\u03b9 \u03b4\u03b5\u03b9\u03bb\u03ac \u03b4\u03b5\u03b9\u03bb\u03ac \u03c3\u03b5 \u03b4\u03b9\u03ac\u03c6\u03bf\u03c1\u03b5\u03c2 \u03bc\u03bf\u03c1\u03c6\u03ad\u03c2 \u03c4\u03bf\u03c5, \u03cc\u03c0\u03c9\u03c2 \u03bf \u03bf\u03b9\u03bd\u03bf\u03c4\u03bf\u03c5\u03c1\u03b9\u03c3\u03bc\u03cc\u03c2, \u03bf \u03b3\u03b1\u03c3\u03c4\u03c1\u03bf\u03c4\u03bf\u03c5\u03c1\u03b9\u03c3\u03bc\u03cc\u03c2 \u03ba\u03b1\u03b9 \u03ac\u03bb\u03bb\u03b5\u03c2.\" \/>\n\t\t<meta property=\"og:url\" content=\"https:\/\/rentacarigoumenitsa.gr\/it\/%ce%b5%ce%bd%ce%b1%ce%bb%ce%bb%ce%b1%ce%ba%cf%84%ce%b9%ce%ba%cf%8c%cf%82-%cf%84%ce%bf%cf%85%cf%81%ce%b9%cf%83%ce%bc%cf%8c%cf%82-%cf%83%cf%84%ce%b7%ce%bd-%ce%b8%ce%b5%cf%83%cf%80%cf%81%cf%89%cf%84%ce%af%ce%b1\/\" \/>\n\t\t<meta property=\"og:image\" content=\"https:\/\/rentacarigoumenitsa.gr\/wp-content\/uploads\/2024\/02\/travel-to-greece-mediterranean-islands-outside-to-2023-11-27-05-14-05-utc-scaled.jpg\" \/>\n\t\t<meta property=\"og:image:secure_url\" content=\"https:\/\/rentacarigoumenitsa.gr\/wp-content\/uploads\/2024\/02\/travel-to-greece-mediterranean-islands-outside-to-2023-11-27-05-14-05-utc-scaled.jpg\" \/>\n\t\t<meta property=\"og:image:width\" content=\"2560\" \/>\n\t\t<meta property=\"og:image:height\" content=\"1659\" \/>\n\t\t<meta property=\"article:published_time\" content=\"2024-02-29T07:44:45+00:00\" \/>\n\t\t<meta property=\"article:modified_time\" content=\"2024-02-29T11:00:55+00:00\" \/>\n\t\t<meta property=\"article:publisher\" content=\"https:\/\/www.facebook.com\/rentacarigoumenitsa\/\" \/>\n\t\t<meta name=\"twitter:card\" content=\"summary_large_image\" \/>\n\t\t<meta name=\"twitter:title\" content=\"\u0395\u03bd\u03b1\u03bb\u03bb\u03b1\u03ba\u03c4\u03b9\u03ba\u03cc\u03c2 \u03a4\u03bf\u03c5\u03c1\u03b9\u03c3\u03bc\u03cc\u03c2 \u03c3\u03c4\u03b7\u03bd \u0398\u03b5\u03c3\u03c0\u03c1\u03c9\u03c4\u03af\u03b1 - \u0397 \u03b1\u03bd\u03ac\u03c0\u03c4\u03c5\u03be\u03b7\" \/>\n\t\t<meta name=\"twitter:description\" content=\"\u039f \u03b5\u03bd\u03b1\u03bb\u03bb\u03b1\u03ba\u03c4\u03b9\u03ba\u03cc\u03c2 \u03c4\u03bf\u03c5\u03c1\u03b9\u03c3\u03bc\u03cc\u03c2 \u03c3\u03c4\u03b7\u03bd \u0398\u03b5\u03c3\u03c0\u03c1\u03c9\u03c4\u03af\u03b1 \u03c4\u03b1 \u03c4\u03b5\u03bb\u03b5\u03c5\u03c4\u03b1\u03af\u03b1 \u03c7\u03c1\u03cc\u03bd\u03b9\u03b1 \u03b1\u03bd\u03b1\u03c0\u03c4\u03cd\u03c3\u03c3\u03b5\u03c4\u03b1\u03b9 \u03b4\u03b5\u03b9\u03bb\u03ac \u03b4\u03b5\u03b9\u03bb\u03ac \u03c3\u03b5 \u03b4\u03b9\u03ac\u03c6\u03bf\u03c1\u03b5\u03c2 \u03bc\u03bf\u03c1\u03c6\u03ad\u03c2 \u03c4\u03bf\u03c5, \u03cc\u03c0\u03c9\u03c2 \u03bf \u03bf\u03b9\u03bd\u03bf\u03c4\u03bf\u03c5\u03c1\u03b9\u03c3\u03bc\u03cc\u03c2, \u03bf \u03b3\u03b1\u03c3\u03c4\u03c1\u03bf\u03c4\u03bf\u03c5\u03c1\u03b9\u03c3\u03bc\u03cc\u03c2 \u03ba\u03b1\u03b9 \u03ac\u03bb\u03bb\u03b5\u03c2.\" \/>\n\t\t<meta name=\"twitter:image\" content=\"https:\/\/rentacarigoumenitsa.gr\/wp-content\/uploads\/2023\/12\/fb-cover.jpg\" \/>\n\t\t<script type=\"application\/ld+json\" class=\"aioseo-schema\">\n\t\t\t{\"@context\":\"https:\\\/\\\/schema.org\",\"@graph\":[{\"@type\":\"BlogPosting\",\"@id\":\"https:\\\/\\\/rentacarigoumenitsa.gr\\\/it\\\/%ce%b5%ce%bd%ce%b1%ce%bb%ce%bb%ce%b1%ce%ba%cf%84%ce%b9%ce%ba%cf%8c%cf%82-%cf%84%ce%bf%cf%85%cf%81%ce%b9%cf%83%ce%bc%cf%8c%cf%82-%cf%83%cf%84%ce%b7%ce%bd-%ce%b8%ce%b5%cf%83%cf%80%cf%81%cf%89%cf%84%ce%af%ce%b1\\\/#blogposting\",\"name\":\"\\u0395\\u03bd\\u03b1\\u03bb\\u03bb\\u03b1\\u03ba\\u03c4\\u03b9\\u03ba\\u03cc\\u03c2 \\u03a4\\u03bf\\u03c5\\u03c1\\u03b9\\u03c3\\u03bc\\u03cc\\u03c2 \\u03c3\\u03c4\\u03b7\\u03bd \\u0398\\u03b5\\u03c3\\u03c0\\u03c1\\u03c9\\u03c4\\u03af\\u03b1 - \\u0397 \\u03b1\\u03bd\\u03ac\\u03c0\\u03c4\\u03c5\\u03be\\u03b7\",\"headline\":\"\\u0395\\u03bd\\u03b1\\u03bb\\u03bb\\u03b1\\u03ba\\u03c4\\u03b9\\u03ba\\u03cc\\u03c2 \\u03a4\\u03bf\\u03c5\\u03c1\\u03b9\\u03c3\\u03bc\\u03cc\\u03c2 \\u03c3\\u03c4\\u03b7\\u03bd \\u0398\\u03b5\\u03c3\\u03c0\\u03c1\\u03c9\\u03c4\\u03af\\u03b1\",\"author\":{\"@id\":\"https:\\\/\\\/rentacarigoumenitsa.gr\\\/it\\\/author\\\/r234digou\\\/#author\"},\"publisher\":{\"@id\":\"https:\\\/\\\/rentacarigoumenitsa.gr\\\/it\\\/#organization\"},\"image\":{\"@type\":\"ImageObject\",\"url\":\"https:\\\/\\\/rentacarigoumenitsa.gr\\\/wp-content\\\/uploads\\\/2024\\\/02\\\/travel-to-greece-mediterranean-islands-outside-to-2023-11-27-05-14-05-utc-scaled.jpg\",\"width\":2560,\"height\":1659},\"datePublished\":\"2024-02-29T10:44:45+03:00\",\"dateModified\":\"2024-02-29T14:00:55+03:00\",\"inLanguage\":\"it-IT\",\"mainEntityOfPage\":{\"@id\":\"https:\\\/\\\/rentacarigoumenitsa.gr\\\/it\\\/%ce%b5%ce%bd%ce%b1%ce%bb%ce%bb%ce%b1%ce%ba%cf%84%ce%b9%ce%ba%cf%8c%cf%82-%cf%84%ce%bf%cf%85%cf%81%ce%b9%cf%83%ce%bc%cf%8c%cf%82-%cf%83%cf%84%ce%b7%ce%bd-%ce%b8%ce%b5%cf%83%cf%80%cf%81%cf%89%cf%84%ce%af%ce%b1\\\/#webpage\"},\"isPartOf\":{\"@id\":\"https:\\\/\\\/rentacarigoumenitsa.gr\\\/it\\\/%ce%b5%ce%bd%ce%b1%ce%bb%ce%bb%ce%b1%ce%ba%cf%84%ce%b9%ce%ba%cf%8c%cf%82-%cf%84%ce%bf%cf%85%cf%81%ce%b9%cf%83%ce%bc%cf%8c%cf%82-%cf%83%cf%84%ce%b7%ce%bd-%ce%b8%ce%b5%cf%83%cf%80%cf%81%cf%89%cf%84%ce%af%ce%b1\\\/#webpage\"},\"articleSection\":\"\\u03a4\\u03bf\\u03c5\\u03c1\\u03b9\\u03c3\\u03bc\\u03cc\\u03c2 - \\u0389\\u03c0\\u03b5\\u03b9\\u03c1\\u03bf\\u03c2\"},{\"@type\":\"BreadcrumbList\",\"@id\":\"https:\\\/\\\/rentacarigoumenitsa.gr\\\/it\\\/%ce%b5%ce%bd%ce%b1%ce%bb%ce%bb%ce%b1%ce%ba%cf%84%ce%b9%ce%ba%cf%8c%cf%82-%cf%84%ce%bf%cf%85%cf%81%ce%b9%cf%83%ce%bc%cf%8c%cf%82-%cf%83%cf%84%ce%b7%ce%bd-%ce%b8%ce%b5%cf%83%cf%80%cf%81%cf%89%cf%84%ce%af%ce%b1\\\/#breadcrumblist\",\"itemListElement\":[{\"@type\":\"ListItem\",\"@id\":\"https:\\\/\\\/rentacarigoumenitsa.gr\\\/it#listItem\",\"position\":1,\"name\":\"Home\",\"item\":\"https:\\\/\\\/rentacarigoumenitsa.gr\\\/it\",\"nextItem\":{\"@type\":\"ListItem\",\"@id\":\"https:\\\/\\\/rentacarigoumenitsa.gr\\\/it\\\/category\\\/%cf%84%ce%bf%cf%85%cf%81%ce%b9%cf%83%ce%bc%cf%8c%cf%82-epirus\\\/#listItem\",\"name\":\"\\u03a4\\u03bf\\u03c5\\u03c1\\u03b9\\u03c3\\u03bc\\u03cc\\u03c2 - \\u0389\\u03c0\\u03b5\\u03b9\\u03c1\\u03bf\\u03c2\"}},{\"@type\":\"ListItem\",\"@id\":\"https:\\\/\\\/rentacarigoumenitsa.gr\\\/it\\\/category\\\/%cf%84%ce%bf%cf%85%cf%81%ce%b9%cf%83%ce%bc%cf%8c%cf%82-epirus\\\/#listItem\",\"position\":2,\"name\":\"\\u03a4\\u03bf\\u03c5\\u03c1\\u03b9\\u03c3\\u03bc\\u03cc\\u03c2 - \\u0389\\u03c0\\u03b5\\u03b9\\u03c1\\u03bf\\u03c2\",\"item\":\"https:\\\/\\\/rentacarigoumenitsa.gr\\\/it\\\/category\\\/%cf%84%ce%bf%cf%85%cf%81%ce%b9%cf%83%ce%bc%cf%8c%cf%82-epirus\\\/\",\"nextItem\":{\"@type\":\"ListItem\",\"@id\":\"https:\\\/\\\/rentacarigoumenitsa.gr\\\/it\\\/%ce%b5%ce%bd%ce%b1%ce%bb%ce%bb%ce%b1%ce%ba%cf%84%ce%b9%ce%ba%cf%8c%cf%82-%cf%84%ce%bf%cf%85%cf%81%ce%b9%cf%83%ce%bc%cf%8c%cf%82-%cf%83%cf%84%ce%b7%ce%bd-%ce%b8%ce%b5%cf%83%cf%80%cf%81%cf%89%cf%84%ce%af%ce%b1\\\/#listItem\",\"name\":\"\\u0395\\u03bd\\u03b1\\u03bb\\u03bb\\u03b1\\u03ba\\u03c4\\u03b9\\u03ba\\u03cc\\u03c2 \\u03a4\\u03bf\\u03c5\\u03c1\\u03b9\\u03c3\\u03bc\\u03cc\\u03c2 \\u03c3\\u03c4\\u03b7\\u03bd \\u0398\\u03b5\\u03c3\\u03c0\\u03c1\\u03c9\\u03c4\\u03af\\u03b1\"},\"previousItem\":{\"@type\":\"ListItem\",\"@id\":\"https:\\\/\\\/rentacarigoumenitsa.gr\\\/it#listItem\",\"name\":\"Home\"}},{\"@type\":\"ListItem\",\"@id\":\"https:\\\/\\\/rentacarigoumenitsa.gr\\\/it\\\/%ce%b5%ce%bd%ce%b1%ce%bb%ce%bb%ce%b1%ce%ba%cf%84%ce%b9%ce%ba%cf%8c%cf%82-%cf%84%ce%bf%cf%85%cf%81%ce%b9%cf%83%ce%bc%cf%8c%cf%82-%cf%83%cf%84%ce%b7%ce%bd-%ce%b8%ce%b5%cf%83%cf%80%cf%81%cf%89%cf%84%ce%af%ce%b1\\\/#listItem\",\"position\":3,\"name\":\"\\u0395\\u03bd\\u03b1\\u03bb\\u03bb\\u03b1\\u03ba\\u03c4\\u03b9\\u03ba\\u03cc\\u03c2 \\u03a4\\u03bf\\u03c5\\u03c1\\u03b9\\u03c3\\u03bc\\u03cc\\u03c2 \\u03c3\\u03c4\\u03b7\\u03bd \\u0398\\u03b5\\u03c3\\u03c0\\u03c1\\u03c9\\u03c4\\u03af\\u03b1\",\"previousItem\":{\"@type\":\"ListItem\",\"@id\":\"https:\\\/\\\/rentacarigoumenitsa.gr\\\/it\\\/category\\\/%cf%84%ce%bf%cf%85%cf%81%ce%b9%cf%83%ce%bc%cf%8c%cf%82-epirus\\\/#listItem\",\"name\":\"\\u03a4\\u03bf\\u03c5\\u03c1\\u03b9\\u03c3\\u03bc\\u03cc\\u03c2 - \\u0389\\u03c0\\u03b5\\u03b9\\u03c1\\u03bf\\u03c2\"}}]},{\"@type\":\"Organization\",\"@id\":\"https:\\\/\\\/rentacarigoumenitsa.gr\\\/it\\\/#organization\",\"name\":\"Rent A Car Igoumenitsa\",\"url\":\"https:\\\/\\\/rentacarigoumenitsa.gr\\\/it\\\/\",\"email\":\"igourent@gmail.com\",\"telephone\":\"+302665027666\",\"logo\":{\"@type\":\"ImageObject\",\"url\":\"https:\\\/\\\/rentacarigoumenitsa.gr\\\/wp-content\\\/uploads\\\/2023\\\/11\\\/logo-mobile.png\",\"@id\":\"https:\\\/\\\/rentacarigoumenitsa.gr\\\/it\\\/%ce%b5%ce%bd%ce%b1%ce%bb%ce%bb%ce%b1%ce%ba%cf%84%ce%b9%ce%ba%cf%8c%cf%82-%cf%84%ce%bf%cf%85%cf%81%ce%b9%cf%83%ce%bc%cf%8c%cf%82-%cf%83%cf%84%ce%b7%ce%bd-%ce%b8%ce%b5%cf%83%cf%80%cf%81%cf%89%cf%84%ce%af%ce%b1\\\/#organizationLogo\",\"width\":250,\"height\":100},\"image\":{\"@id\":\"https:\\\/\\\/rentacarigoumenitsa.gr\\\/it\\\/%ce%b5%ce%bd%ce%b1%ce%bb%ce%bb%ce%b1%ce%ba%cf%84%ce%b9%ce%ba%cf%8c%cf%82-%cf%84%ce%bf%cf%85%cf%81%ce%b9%cf%83%ce%bc%cf%8c%cf%82-%cf%83%cf%84%ce%b7%ce%bd-%ce%b8%ce%b5%cf%83%cf%80%cf%81%cf%89%cf%84%ce%af%ce%b1\\\/#organizationLogo\"},\"sameAs\":[\"https:\\\/\\\/www.facebook.com\\\/rentacarigoumenitsa\\\/\",\"https:\\\/\\\/www.instagram.com\\\/rentcarigoumenitsa\\\/\",\"https:\\\/\\\/www.youtube.com\\\/@rentacarigoumenitsa\"],\"address\":{\"@id\":\"https:\\\/\\\/rentacarigoumenitsa.gr\\\/it\\\/#postaladdress\",\"@type\":\"PostalAddress\",\"streetAddress\":\"Agion Apostolon 39-41,\",\"postalCode\":\"46100\",\"addressLocality\":\"Igoumenitsa\",\"addressRegion\":\"Thesprotia\",\"addressCountry\":\"GR\"},\"vatID\":\"EL121704960\"},{\"@type\":\"Person\",\"@id\":\"https:\\\/\\\/rentacarigoumenitsa.gr\\\/it\\\/author\\\/r234digou\\\/#author\",\"url\":\"https:\\\/\\\/rentacarigoumenitsa.gr\\\/it\\\/author\\\/r234digou\\\/\",\"name\":\"Rent A Car Igoumenitsa\",\"image\":{\"@type\":\"ImageObject\",\"@id\":\"https:\\\/\\\/rentacarigoumenitsa.gr\\\/it\\\/%ce%b5%ce%bd%ce%b1%ce%bb%ce%bb%ce%b1%ce%ba%cf%84%ce%b9%ce%ba%cf%8c%cf%82-%cf%84%ce%bf%cf%85%cf%81%ce%b9%cf%83%ce%bc%cf%8c%cf%82-%cf%83%cf%84%ce%b7%ce%bd-%ce%b8%ce%b5%cf%83%cf%80%cf%81%cf%89%cf%84%ce%af%ce%b1\\\/#authorImage\",\"url\":\"https:\\\/\\\/secure.gravatar.com\\\/avatar\\\/b0b84ab4d14d5f8ae68249bf4101f022df1c7a8f51673576528c824772929605?s=96&d=mm&r=g\",\"width\":96,\"height\":96,\"caption\":\"Rent A Car Igoumenitsa\"}},{\"@type\":\"WebPage\",\"@id\":\"https:\\\/\\\/rentacarigoumenitsa.gr\\\/it\\\/%ce%b5%ce%bd%ce%b1%ce%bb%ce%bb%ce%b1%ce%ba%cf%84%ce%b9%ce%ba%cf%8c%cf%82-%cf%84%ce%bf%cf%85%cf%81%ce%b9%cf%83%ce%bc%cf%8c%cf%82-%cf%83%cf%84%ce%b7%ce%bd-%ce%b8%ce%b5%cf%83%cf%80%cf%81%cf%89%cf%84%ce%af%ce%b1\\\/#webpage\",\"url\":\"https:\\\/\\\/rentacarigoumenitsa.gr\\\/it\\\/%ce%b5%ce%bd%ce%b1%ce%bb%ce%bb%ce%b1%ce%ba%cf%84%ce%b9%ce%ba%cf%8c%cf%82-%cf%84%ce%bf%cf%85%cf%81%ce%b9%cf%83%ce%bc%cf%8c%cf%82-%cf%83%cf%84%ce%b7%ce%bd-%ce%b8%ce%b5%cf%83%cf%80%cf%81%cf%89%cf%84%ce%af%ce%b1\\\/\",\"name\":\"\\u0395\\u03bd\\u03b1\\u03bb\\u03bb\\u03b1\\u03ba\\u03c4\\u03b9\\u03ba\\u03cc\\u03c2 \\u03a4\\u03bf\\u03c5\\u03c1\\u03b9\\u03c3\\u03bc\\u03cc\\u03c2 \\u03c3\\u03c4\\u03b7\\u03bd \\u0398\\u03b5\\u03c3\\u03c0\\u03c1\\u03c9\\u03c4\\u03af\\u03b1 - \\u0397 \\u03b1\\u03bd\\u03ac\\u03c0\\u03c4\\u03c5\\u03be\\u03b7\",\"description\":\"\\u039f \\u03b5\\u03bd\\u03b1\\u03bb\\u03bb\\u03b1\\u03ba\\u03c4\\u03b9\\u03ba\\u03cc\\u03c2 \\u03c4\\u03bf\\u03c5\\u03c1\\u03b9\\u03c3\\u03bc\\u03cc\\u03c2 \\u03c3\\u03c4\\u03b7\\u03bd \\u0398\\u03b5\\u03c3\\u03c0\\u03c1\\u03c9\\u03c4\\u03af\\u03b1 \\u03c4\\u03b1 \\u03c4\\u03b5\\u03bb\\u03b5\\u03c5\\u03c4\\u03b1\\u03af\\u03b1 \\u03c7\\u03c1\\u03cc\\u03bd\\u03b9\\u03b1 \\u03b1\\u03bd\\u03b1\\u03c0\\u03c4\\u03cd\\u03c3\\u03c3\\u03b5\\u03c4\\u03b1\\u03b9 \\u03b4\\u03b5\\u03b9\\u03bb\\u03ac \\u03b4\\u03b5\\u03b9\\u03bb\\u03ac \\u03c3\\u03b5 \\u03b4\\u03b9\\u03ac\\u03c6\\u03bf\\u03c1\\u03b5\\u03c2 \\u03bc\\u03bf\\u03c1\\u03c6\\u03ad\\u03c2 \\u03c4\\u03bf\\u03c5, \\u03cc\\u03c0\\u03c9\\u03c2 \\u03bf \\u03bf\\u03b9\\u03bd\\u03bf\\u03c4\\u03bf\\u03c5\\u03c1\\u03b9\\u03c3\\u03bc\\u03cc\\u03c2, \\u03bf \\u03b3\\u03b1\\u03c3\\u03c4\\u03c1\\u03bf\\u03c4\\u03bf\\u03c5\\u03c1\\u03b9\\u03c3\\u03bc\\u03cc\\u03c2 \\u03ba\\u03b1\\u03b9 \\u03ac\\u03bb\\u03bb\\u03b5\\u03c2.\",\"inLanguage\":\"it-IT\",\"isPartOf\":{\"@id\":\"https:\\\/\\\/rentacarigoumenitsa.gr\\\/it\\\/#website\"},\"breadcrumb\":{\"@id\":\"https:\\\/\\\/rentacarigoumenitsa.gr\\\/it\\\/%ce%b5%ce%bd%ce%b1%ce%bb%ce%bb%ce%b1%ce%ba%cf%84%ce%b9%ce%ba%cf%8c%cf%82-%cf%84%ce%bf%cf%85%cf%81%ce%b9%cf%83%ce%bc%cf%8c%cf%82-%cf%83%cf%84%ce%b7%ce%bd-%ce%b8%ce%b5%cf%83%cf%80%cf%81%cf%89%cf%84%ce%af%ce%b1\\\/#breadcrumblist\"},\"author\":{\"@id\":\"https:\\\/\\\/rentacarigoumenitsa.gr\\\/it\\\/author\\\/r234digou\\\/#author\"},\"creator\":{\"@id\":\"https:\\\/\\\/rentacarigoumenitsa.gr\\\/it\\\/author\\\/r234digou\\\/#author\"},\"image\":{\"@type\":\"ImageObject\",\"url\":\"https:\\\/\\\/rentacarigoumenitsa.gr\\\/wp-content\\\/uploads\\\/2024\\\/02\\\/travel-to-greece-mediterranean-islands-outside-to-2023-11-27-05-14-05-utc-scaled.jpg\",\"@id\":\"https:\\\/\\\/rentacarigoumenitsa.gr\\\/it\\\/%ce%b5%ce%bd%ce%b1%ce%bb%ce%bb%ce%b1%ce%ba%cf%84%ce%b9%ce%ba%cf%8c%cf%82-%cf%84%ce%bf%cf%85%cf%81%ce%b9%cf%83%ce%bc%cf%8c%cf%82-%cf%83%cf%84%ce%b7%ce%bd-%ce%b8%ce%b5%cf%83%cf%80%cf%81%cf%89%cf%84%ce%af%ce%b1\\\/#mainImage\",\"width\":2560,\"height\":1659},\"primaryImageOfPage\":{\"@id\":\"https:\\\/\\\/rentacarigoumenitsa.gr\\\/it\\\/%ce%b5%ce%bd%ce%b1%ce%bb%ce%bb%ce%b1%ce%ba%cf%84%ce%b9%ce%ba%cf%8c%cf%82-%cf%84%ce%bf%cf%85%cf%81%ce%b9%cf%83%ce%bc%cf%8c%cf%82-%cf%83%cf%84%ce%b7%ce%bd-%ce%b8%ce%b5%cf%83%cf%80%cf%81%cf%89%cf%84%ce%af%ce%b1\\\/#mainImage\"},\"datePublished\":\"2024-02-29T10:44:45+03:00\",\"dateModified\":\"2024-02-29T14:00:55+03:00\"},{\"@type\":\"WebSite\",\"@id\":\"https:\\\/\\\/rentacarigoumenitsa.gr\\\/it\\\/#website\",\"url\":\"https:\\\/\\\/rentacarigoumenitsa.gr\\\/it\\\/\",\"name\":\"Rent A Car Igoumenitsa\",\"alternateName\":\"\\u0395\\u03bd\\u03bf\\u03b9\\u03ba\\u03af\\u03b1\\u03c3\\u03b7 \\u03b1\\u03c5\\u03c4\\u03bf\\u03ba\\u03b9\\u03bd\\u03ae\\u03c4\\u03bf\\u03c5 \\u0397\\u03b3\\u03bf\\u03c5\\u03bc\\u03b5\\u03bd\\u03af\\u03c4\\u03c3\\u03b1\",\"inLanguage\":\"it-IT\",\"publisher\":{\"@id\":\"https:\\\/\\\/rentacarigoumenitsa.gr\\\/it\\\/#organization\"}}]}\n\t\t<\/script>\n\t\t<!-- All in One SEO Pro -->\r\n\t\t<title>\u0395\u03bd\u03b1\u03bb\u03bb\u03b1\u03ba\u03c4\u03b9\u03ba\u03cc\u03c2 \u03a4\u03bf\u03c5\u03c1\u03b9\u03c3\u03bc\u03cc\u03c2 \u03c3\u03c4\u03b7\u03bd \u0398\u03b5\u03c3\u03c0\u03c1\u03c9\u03c4\u03af\u03b1 - \u0397 \u03b1\u03bd\u03ac\u03c0\u03c4\u03c5\u03be\u03b7<\/title>\n\n","aioseo_head_json":{"title":"Il turismo alternativo in Tesprozia - Lo sviluppo","description":"Negli ultimi anni il turismo alternativo in Tesprozia si sta sviluppando in varie forme, come il turismo del vino, il turismo gastronomico e altri.","canonical_url":"https:\/\/rentacarigoumenitsa.gr\/it\/%ce%b5%ce%bd%ce%b1%ce%bb%ce%bb%ce%b1%ce%ba%cf%84%ce%b9%ce%ba%cf%8c%cf%82-%cf%84%ce%bf%cf%85%cf%81%ce%b9%cf%83%ce%bc%cf%8c%cf%82-%cf%83%cf%84%ce%b7%ce%bd-%ce%b8%ce%b5%cf%83%cf%80%cf%81%cf%89%cf%84%ce%af%ce%b1\/","robots":"max-image-preview:large","keywords":"","webmasterTools":{"google-site-verification":"S6xm9OozgzUNlz1XGUsqKaiQUGsb8eKTPjRIqVmbJRU","miscellaneous":""},"schema":{"@context":"https:\/\/schema.org","@graph":[{"@type":"BlogPosting","@id":"https:\/\/rentacarigoumenitsa.gr\/it\/%ce%b5%ce%bd%ce%b1%ce%bb%ce%bb%ce%b1%ce%ba%cf%84%ce%b9%ce%ba%cf%8c%cf%82-%cf%84%ce%bf%cf%85%cf%81%ce%b9%cf%83%ce%bc%cf%8c%cf%82-%cf%83%cf%84%ce%b7%ce%bd-%ce%b8%ce%b5%cf%83%cf%80%cf%81%cf%89%cf%84%ce%af%ce%b1\/#blogposting","name":"\u0395\u03bd\u03b1\u03bb\u03bb\u03b1\u03ba\u03c4\u03b9\u03ba\u03cc\u03c2 \u03a4\u03bf\u03c5\u03c1\u03b9\u03c3\u03bc\u03cc\u03c2 \u03c3\u03c4\u03b7\u03bd \u0398\u03b5\u03c3\u03c0\u03c1\u03c9\u03c4\u03af\u03b1 - \u0397 \u03b1\u03bd\u03ac\u03c0\u03c4\u03c5\u03be\u03b7","headline":"\u0395\u03bd\u03b1\u03bb\u03bb\u03b1\u03ba\u03c4\u03b9\u03ba\u03cc\u03c2 \u03a4\u03bf\u03c5\u03c1\u03b9\u03c3\u03bc\u03cc\u03c2 \u03c3\u03c4\u03b7\u03bd \u0398\u03b5\u03c3\u03c0\u03c1\u03c9\u03c4\u03af\u03b1","author":{"@id":"https:\/\/rentacarigoumenitsa.gr\/it\/author\/r234digou\/#author"},"publisher":{"@id":"https:\/\/rentacarigoumenitsa.gr\/it\/#organization"},"image":{"@type":"ImageObject","url":"https:\/\/rentacarigoumenitsa.gr\/wp-content\/uploads\/2024\/02\/travel-to-greece-mediterranean-islands-outside-to-2023-11-27-05-14-05-utc-scaled.jpg","width":2560,"height":1659},"datePublished":"2024-02-29T10:44:45+03:00","dateModified":"2024-02-29T14:00:55+03:00","inLanguage":"it-IT","mainEntityOfPage":{"@id":"https:\/\/rentacarigoumenitsa.gr\/it\/%ce%b5%ce%bd%ce%b1%ce%bb%ce%bb%ce%b1%ce%ba%cf%84%ce%b9%ce%ba%cf%8c%cf%82-%cf%84%ce%bf%cf%85%cf%81%ce%b9%cf%83%ce%bc%cf%8c%cf%82-%cf%83%cf%84%ce%b7%ce%bd-%ce%b8%ce%b5%cf%83%cf%80%cf%81%cf%89%cf%84%ce%af%ce%b1\/#webpage"},"isPartOf":{"@id":"https:\/\/rentacarigoumenitsa.gr\/it\/%ce%b5%ce%bd%ce%b1%ce%bb%ce%bb%ce%b1%ce%ba%cf%84%ce%b9%ce%ba%cf%8c%cf%82-%cf%84%ce%bf%cf%85%cf%81%ce%b9%cf%83%ce%bc%cf%8c%cf%82-%cf%83%cf%84%ce%b7%ce%bd-%ce%b8%ce%b5%cf%83%cf%80%cf%81%cf%89%cf%84%ce%af%ce%b1\/#webpage"},"articleSection":"\u03a4\u03bf\u03c5\u03c1\u03b9\u03c3\u03bc\u03cc\u03c2 - \u0389\u03c0\u03b5\u03b9\u03c1\u03bf\u03c2"},{"@type":"BreadcrumbList","@id":"https:\/\/rentacarigoumenitsa.gr\/it\/%ce%b5%ce%bd%ce%b1%ce%bb%ce%bb%ce%b1%ce%ba%cf%84%ce%b9%ce%ba%cf%8c%cf%82-%cf%84%ce%bf%cf%85%cf%81%ce%b9%cf%83%ce%bc%cf%8c%cf%82-%cf%83%cf%84%ce%b7%ce%bd-%ce%b8%ce%b5%cf%83%cf%80%cf%81%cf%89%cf%84%ce%af%ce%b1\/#breadcrumblist","itemListElement":[{"@type":"ListItem","@id":"https:\/\/rentacarigoumenitsa.gr\/it#listItem","position":1,"name":"Home","item":"https:\/\/rentacarigoumenitsa.gr\/it","nextItem":{"@type":"ListItem","@id":"https:\/\/rentacarigoumenitsa.gr\/it\/category\/%cf%84%ce%bf%cf%85%cf%81%ce%b9%cf%83%ce%bc%cf%8c%cf%82-epirus\/#listItem","name":"\u03a4\u03bf\u03c5\u03c1\u03b9\u03c3\u03bc\u03cc\u03c2 - \u0389\u03c0\u03b5\u03b9\u03c1\u03bf\u03c2"}},{"@type":"ListItem","@id":"https:\/\/rentacarigoumenitsa.gr\/it\/category\/%cf%84%ce%bf%cf%85%cf%81%ce%b9%cf%83%ce%bc%cf%8c%cf%82-epirus\/#listItem","position":2,"name":"\u03a4\u03bf\u03c5\u03c1\u03b9\u03c3\u03bc\u03cc\u03c2 - \u0389\u03c0\u03b5\u03b9\u03c1\u03bf\u03c2","item":"https:\/\/rentacarigoumenitsa.gr\/it\/category\/%cf%84%ce%bf%cf%85%cf%81%ce%b9%cf%83%ce%bc%cf%8c%cf%82-epirus\/","nextItem":{"@type":"ListItem","@id":"https:\/\/rentacarigoumenitsa.gr\/it\/%ce%b5%ce%bd%ce%b1%ce%bb%ce%bb%ce%b1%ce%ba%cf%84%ce%b9%ce%ba%cf%8c%cf%82-%cf%84%ce%bf%cf%85%cf%81%ce%b9%cf%83%ce%bc%cf%8c%cf%82-%cf%83%cf%84%ce%b7%ce%bd-%ce%b8%ce%b5%cf%83%cf%80%cf%81%cf%89%cf%84%ce%af%ce%b1\/#listItem","name":"\u0395\u03bd\u03b1\u03bb\u03bb\u03b1\u03ba\u03c4\u03b9\u03ba\u03cc\u03c2 \u03a4\u03bf\u03c5\u03c1\u03b9\u03c3\u03bc\u03cc\u03c2 \u03c3\u03c4\u03b7\u03bd \u0398\u03b5\u03c3\u03c0\u03c1\u03c9\u03c4\u03af\u03b1"},"previousItem":{"@type":"ListItem","@id":"https:\/\/rentacarigoumenitsa.gr\/it#listItem","name":"Home"}},{"@type":"ListItem","@id":"https:\/\/rentacarigoumenitsa.gr\/it\/%ce%b5%ce%bd%ce%b1%ce%bb%ce%bb%ce%b1%ce%ba%cf%84%ce%b9%ce%ba%cf%8c%cf%82-%cf%84%ce%bf%cf%85%cf%81%ce%b9%cf%83%ce%bc%cf%8c%cf%82-%cf%83%cf%84%ce%b7%ce%bd-%ce%b8%ce%b5%cf%83%cf%80%cf%81%cf%89%cf%84%ce%af%ce%b1\/#listItem","position":3,"name":"\u0395\u03bd\u03b1\u03bb\u03bb\u03b1\u03ba\u03c4\u03b9\u03ba\u03cc\u03c2 \u03a4\u03bf\u03c5\u03c1\u03b9\u03c3\u03bc\u03cc\u03c2 \u03c3\u03c4\u03b7\u03bd \u0398\u03b5\u03c3\u03c0\u03c1\u03c9\u03c4\u03af\u03b1","previousItem":{"@type":"ListItem","@id":"https:\/\/rentacarigoumenitsa.gr\/it\/category\/%cf%84%ce%bf%cf%85%cf%81%ce%b9%cf%83%ce%bc%cf%8c%cf%82-epirus\/#listItem","name":"\u03a4\u03bf\u03c5\u03c1\u03b9\u03c3\u03bc\u03cc\u03c2 - \u0389\u03c0\u03b5\u03b9\u03c1\u03bf\u03c2"}}]},{"@type":"Organization","@id":"https:\/\/rentacarigoumenitsa.gr\/it\/#organization","name":"Rent A Car Igoumenitsa","url":"https:\/\/rentacarigoumenitsa.gr\/it\/","email":"igourent@gmail.com","telephone":"+302665027666","logo":{"@type":"ImageObject","url":"https:\/\/rentacarigoumenitsa.gr\/wp-content\/uploads\/2023\/11\/logo-mobile.png","@id":"https:\/\/rentacarigoumenitsa.gr\/it\/%ce%b5%ce%bd%ce%b1%ce%bb%ce%bb%ce%b1%ce%ba%cf%84%ce%b9%ce%ba%cf%8c%cf%82-%cf%84%ce%bf%cf%85%cf%81%ce%b9%cf%83%ce%bc%cf%8c%cf%82-%cf%83%cf%84%ce%b7%ce%bd-%ce%b8%ce%b5%cf%83%cf%80%cf%81%cf%89%cf%84%ce%af%ce%b1\/#organizationLogo","width":250,"height":100},"image":{"@id":"https:\/\/rentacarigoumenitsa.gr\/it\/%ce%b5%ce%bd%ce%b1%ce%bb%ce%bb%ce%b1%ce%ba%cf%84%ce%b9%ce%ba%cf%8c%cf%82-%cf%84%ce%bf%cf%85%cf%81%ce%b9%cf%83%ce%bc%cf%8c%cf%82-%cf%83%cf%84%ce%b7%ce%bd-%ce%b8%ce%b5%cf%83%cf%80%cf%81%cf%89%cf%84%ce%af%ce%b1\/#organizationLogo"},"sameAs":["https:\/\/www.facebook.com\/rentacarigoumenitsa\/","https:\/\/www.instagram.com\/rentcarigoumenitsa\/","https:\/\/www.youtube.com\/@rentacarigoumenitsa"],"address":{"@id":"https:\/\/rentacarigoumenitsa.gr\/it\/#postaladdress","@type":"PostalAddress","streetAddress":"Agion Apostolon 39-41,","postalCode":"46100","addressLocality":"Igoumenitsa","addressRegion":"Thesprotia","addressCountry":"GR"},"vatID":"EL121704960"},{"@type":"Person","@id":"https:\/\/rentacarigoumenitsa.gr\/it\/author\/r234digou\/#author","url":"https:\/\/rentacarigoumenitsa.gr\/it\/author\/r234digou\/","name":"Rent A Car Igoumenitsa","image":{"@type":"ImageObject","@id":"https:\/\/rentacarigoumenitsa.gr\/it\/%ce%b5%ce%bd%ce%b1%ce%bb%ce%bb%ce%b1%ce%ba%cf%84%ce%b9%ce%ba%cf%8c%cf%82-%cf%84%ce%bf%cf%85%cf%81%ce%b9%cf%83%ce%bc%cf%8c%cf%82-%cf%83%cf%84%ce%b7%ce%bd-%ce%b8%ce%b5%cf%83%cf%80%cf%81%cf%89%cf%84%ce%af%ce%b1\/#authorImage","url":"https:\/\/secure.gravatar.com\/avatar\/b0b84ab4d14d5f8ae68249bf4101f022df1c7a8f51673576528c824772929605?s=96&d=mm&r=g","width":96,"height":96,"caption":"Rent A Car Igoumenitsa"}},{"@type":"WebPage","@id":"https:\/\/rentacarigoumenitsa.gr\/it\/%ce%b5%ce%bd%ce%b1%ce%bb%ce%bb%ce%b1%ce%ba%cf%84%ce%b9%ce%ba%cf%8c%cf%82-%cf%84%ce%bf%cf%85%cf%81%ce%b9%cf%83%ce%bc%cf%8c%cf%82-%cf%83%cf%84%ce%b7%ce%bd-%ce%b8%ce%b5%cf%83%cf%80%cf%81%cf%89%cf%84%ce%af%ce%b1\/#webpage","url":"https:\/\/rentacarigoumenitsa.gr\/it\/%ce%b5%ce%bd%ce%b1%ce%bb%ce%bb%ce%b1%ce%ba%cf%84%ce%b9%ce%ba%cf%8c%cf%82-%cf%84%ce%bf%cf%85%cf%81%ce%b9%cf%83%ce%bc%cf%8c%cf%82-%cf%83%cf%84%ce%b7%ce%bd-%ce%b8%ce%b5%cf%83%cf%80%cf%81%cf%89%cf%84%ce%af%ce%b1\/","name":"\u0395\u03bd\u03b1\u03bb\u03bb\u03b1\u03ba\u03c4\u03b9\u03ba\u03cc\u03c2 \u03a4\u03bf\u03c5\u03c1\u03b9\u03c3\u03bc\u03cc\u03c2 \u03c3\u03c4\u03b7\u03bd \u0398\u03b5\u03c3\u03c0\u03c1\u03c9\u03c4\u03af\u03b1 - \u0397 \u03b1\u03bd\u03ac\u03c0\u03c4\u03c5\u03be\u03b7","description":"\u039f \u03b5\u03bd\u03b1\u03bb\u03bb\u03b1\u03ba\u03c4\u03b9\u03ba\u03cc\u03c2 \u03c4\u03bf\u03c5\u03c1\u03b9\u03c3\u03bc\u03cc\u03c2 \u03c3\u03c4\u03b7\u03bd \u0398\u03b5\u03c3\u03c0\u03c1\u03c9\u03c4\u03af\u03b1 \u03c4\u03b1 \u03c4\u03b5\u03bb\u03b5\u03c5\u03c4\u03b1\u03af\u03b1 \u03c7\u03c1\u03cc\u03bd\u03b9\u03b1 \u03b1\u03bd\u03b1\u03c0\u03c4\u03cd\u03c3\u03c3\u03b5\u03c4\u03b1\u03b9 \u03b4\u03b5\u03b9\u03bb\u03ac \u03b4\u03b5\u03b9\u03bb\u03ac \u03c3\u03b5 \u03b4\u03b9\u03ac\u03c6\u03bf\u03c1\u03b5\u03c2 \u03bc\u03bf\u03c1\u03c6\u03ad\u03c2 \u03c4\u03bf\u03c5, \u03cc\u03c0\u03c9\u03c2 \u03bf \u03bf\u03b9\u03bd\u03bf\u03c4\u03bf\u03c5\u03c1\u03b9\u03c3\u03bc\u03cc\u03c2, \u03bf \u03b3\u03b1\u03c3\u03c4\u03c1\u03bf\u03c4\u03bf\u03c5\u03c1\u03b9\u03c3\u03bc\u03cc\u03c2 \u03ba\u03b1\u03b9 \u03ac\u03bb\u03bb\u03b5\u03c2.","inLanguage":"it-IT","isPartOf":{"@id":"https:\/\/rentacarigoumenitsa.gr\/it\/#website"},"breadcrumb":{"@id":"https:\/\/rentacarigoumenitsa.gr\/it\/%ce%b5%ce%bd%ce%b1%ce%bb%ce%bb%ce%b1%ce%ba%cf%84%ce%b9%ce%ba%cf%8c%cf%82-%cf%84%ce%bf%cf%85%cf%81%ce%b9%cf%83%ce%bc%cf%8c%cf%82-%cf%83%cf%84%ce%b7%ce%bd-%ce%b8%ce%b5%cf%83%cf%80%cf%81%cf%89%cf%84%ce%af%ce%b1\/#breadcrumblist"},"author":{"@id":"https:\/\/rentacarigoumenitsa.gr\/it\/author\/r234digou\/#author"},"creator":{"@id":"https:\/\/rentacarigoumenitsa.gr\/it\/author\/r234digou\/#author"},"image":{"@type":"ImageObject","url":"https:\/\/rentacarigoumenitsa.gr\/wp-content\/uploads\/2024\/02\/travel-to-greece-mediterranean-islands-outside-to-2023-11-27-05-14-05-utc-scaled.jpg","@id":"https:\/\/rentacarigoumenitsa.gr\/it\/%ce%b5%ce%bd%ce%b1%ce%bb%ce%bb%ce%b1%ce%ba%cf%84%ce%b9%ce%ba%cf%8c%cf%82-%cf%84%ce%bf%cf%85%cf%81%ce%b9%cf%83%ce%bc%cf%8c%cf%82-%cf%83%cf%84%ce%b7%ce%bd-%ce%b8%ce%b5%cf%83%cf%80%cf%81%cf%89%cf%84%ce%af%ce%b1\/#mainImage","width":2560,"height":1659},"primaryImageOfPage":{"@id":"https:\/\/rentacarigoumenitsa.gr\/it\/%ce%b5%ce%bd%ce%b1%ce%bb%ce%bb%ce%b1%ce%ba%cf%84%ce%b9%ce%ba%cf%8c%cf%82-%cf%84%ce%bf%cf%85%cf%81%ce%b9%cf%83%ce%bc%cf%8c%cf%82-%cf%83%cf%84%ce%b7%ce%bd-%ce%b8%ce%b5%cf%83%cf%80%cf%81%cf%89%cf%84%ce%af%ce%b1\/#mainImage"},"datePublished":"2024-02-29T10:44:45+03:00","dateModified":"2024-02-29T14:00:55+03:00"},{"@type":"WebSite","@id":"https:\/\/rentacarigoumenitsa.gr\/it\/#website","url":"https:\/\/rentacarigoumenitsa.gr\/it\/","name":"Rent A Car Igoumenitsa","alternateName":"\u0395\u03bd\u03bf\u03b9\u03ba\u03af\u03b1\u03c3\u03b7 \u03b1\u03c5\u03c4\u03bf\u03ba\u03b9\u03bd\u03ae\u03c4\u03bf\u03c5 \u0397\u03b3\u03bf\u03c5\u03bc\u03b5\u03bd\u03af\u03c4\u03c3\u03b1","inLanguage":"it-IT","publisher":{"@id":"https:\/\/rentacarigoumenitsa.gr\/it\/#organization"}}]},"og:locale":"it_IT","og:site_name":"Rent A Car Igoumenitsa -","og:type":"article","og:title":"\u0395\u03bd\u03b1\u03bb\u03bb\u03b1\u03ba\u03c4\u03b9\u03ba\u03cc\u03c2 \u03a4\u03bf\u03c5\u03c1\u03b9\u03c3\u03bc\u03cc\u03c2 \u03c3\u03c4\u03b7\u03bd \u0398\u03b5\u03c3\u03c0\u03c1\u03c9\u03c4\u03af\u03b1 - \u0397 \u03b1\u03bd\u03ac\u03c0\u03c4\u03c5\u03be\u03b7","og:description":"\u039f \u03b5\u03bd\u03b1\u03bb\u03bb\u03b1\u03ba\u03c4\u03b9\u03ba\u03cc\u03c2 \u03c4\u03bf\u03c5\u03c1\u03b9\u03c3\u03bc\u03cc\u03c2 \u03c3\u03c4\u03b7\u03bd \u0398\u03b5\u03c3\u03c0\u03c1\u03c9\u03c4\u03af\u03b1 \u03c4\u03b1 \u03c4\u03b5\u03bb\u03b5\u03c5\u03c4\u03b1\u03af\u03b1 \u03c7\u03c1\u03cc\u03bd\u03b9\u03b1 \u03b1\u03bd\u03b1\u03c0\u03c4\u03cd\u03c3\u03c3\u03b5\u03c4\u03b1\u03b9 \u03b4\u03b5\u03b9\u03bb\u03ac \u03b4\u03b5\u03b9\u03bb\u03ac \u03c3\u03b5 \u03b4\u03b9\u03ac\u03c6\u03bf\u03c1\u03b5\u03c2 \u03bc\u03bf\u03c1\u03c6\u03ad\u03c2 \u03c4\u03bf\u03c5, \u03cc\u03c0\u03c9\u03c2 \u03bf \u03bf\u03b9\u03bd\u03bf\u03c4\u03bf\u03c5\u03c1\u03b9\u03c3\u03bc\u03cc\u03c2, \u03bf \u03b3\u03b1\u03c3\u03c4\u03c1\u03bf\u03c4\u03bf\u03c5\u03c1\u03b9\u03c3\u03bc\u03cc\u03c2 \u03ba\u03b1\u03b9 \u03ac\u03bb\u03bb\u03b5\u03c2.","og:url":"https:\/\/rentacarigoumenitsa.gr\/it\/%ce%b5%ce%bd%ce%b1%ce%bb%ce%bb%ce%b1%ce%ba%cf%84%ce%b9%ce%ba%cf%8c%cf%82-%cf%84%ce%bf%cf%85%cf%81%ce%b9%cf%83%ce%bc%cf%8c%cf%82-%cf%83%cf%84%ce%b7%ce%bd-%ce%b8%ce%b5%cf%83%cf%80%cf%81%cf%89%cf%84%ce%af%ce%b1\/","og:image":"https:\/\/rentacarigoumenitsa.gr\/wp-content\/uploads\/2024\/02\/travel-to-greece-mediterranean-islands-outside-to-2023-11-27-05-14-05-utc-scaled.jpg","og:image:secure_url":"https:\/\/rentacarigoumenitsa.gr\/wp-content\/uploads\/2024\/02\/travel-to-greece-mediterranean-islands-outside-to-2023-11-27-05-14-05-utc-scaled.jpg","og:image:width":2560,"og:image:height":1659,"article:published_time":"2024-02-29T07:44:45+00:00","article:modified_time":"2024-02-29T11:00:55+00:00","article:publisher":"https:\/\/www.facebook.com\/rentacarigoumenitsa\/","twitter:card":"summary_large_image","twitter:title":"\u0395\u03bd\u03b1\u03bb\u03bb\u03b1\u03ba\u03c4\u03b9\u03ba\u03cc\u03c2 \u03a4\u03bf\u03c5\u03c1\u03b9\u03c3\u03bc\u03cc\u03c2 \u03c3\u03c4\u03b7\u03bd \u0398\u03b5\u03c3\u03c0\u03c1\u03c9\u03c4\u03af\u03b1 - \u0397 \u03b1\u03bd\u03ac\u03c0\u03c4\u03c5\u03be\u03b7","twitter:description":"\u039f \u03b5\u03bd\u03b1\u03bb\u03bb\u03b1\u03ba\u03c4\u03b9\u03ba\u03cc\u03c2 \u03c4\u03bf\u03c5\u03c1\u03b9\u03c3\u03bc\u03cc\u03c2 \u03c3\u03c4\u03b7\u03bd \u0398\u03b5\u03c3\u03c0\u03c1\u03c9\u03c4\u03af\u03b1 \u03c4\u03b1 \u03c4\u03b5\u03bb\u03b5\u03c5\u03c4\u03b1\u03af\u03b1 \u03c7\u03c1\u03cc\u03bd\u03b9\u03b1 \u03b1\u03bd\u03b1\u03c0\u03c4\u03cd\u03c3\u03c3\u03b5\u03c4\u03b1\u03b9 \u03b4\u03b5\u03b9\u03bb\u03ac \u03b4\u03b5\u03b9\u03bb\u03ac \u03c3\u03b5 \u03b4\u03b9\u03ac\u03c6\u03bf\u03c1\u03b5\u03c2 \u03bc\u03bf\u03c1\u03c6\u03ad\u03c2 \u03c4\u03bf\u03c5, \u03cc\u03c0\u03c9\u03c2 \u03bf \u03bf\u03b9\u03bd\u03bf\u03c4\u03bf\u03c5\u03c1\u03b9\u03c3\u03bc\u03cc\u03c2, \u03bf \u03b3\u03b1\u03c3\u03c4\u03c1\u03bf\u03c4\u03bf\u03c5\u03c1\u03b9\u03c3\u03bc\u03cc\u03c2 \u03ba\u03b1\u03b9 \u03ac\u03bb\u03bb\u03b5\u03c2.","twitter:image":"https:\/\/rentacarigoumenitsa.gr\/wp-content\/uploads\/2023\/12\/fb-cover.jpg"},"aioseo_meta_data":{"post_id":"307","title":"#post_title #separator_sa \u0397 \u03b1\u03bd\u03ac\u03c0\u03c4\u03c5\u03be\u03b7","description":"Negli ultimi anni il turismo alternativo in Tesprozia si sta sviluppando in varie forme, come il turismo del vino, il turismo gastronomico e altri.","keywords":[],"keyphrases":{"focus":{"keyphrase":"\u03c4\u03bf\u03c5\u03c1\u03b9\u03c3\u03bc\u03cc\u03c2 \u03b8\u03b5\u03c3\u03c0\u03c1\u03c9\u03c4\u03af\u03b1","score":34,"analysis":{"keyphraseInTitle":{"score":3,"maxScore":9,"error":1},"keyphraseInDescription":{"score":3,"maxScore":9,"error":1},"keyphraseLength":{"score":-999,"maxScore":9,"error":1,"length":0},"keyphraseInURL":{"score":5,"maxScore":5,"error":0},"keyphraseInIntroduction":{"score":3,"maxScore":9,"error":1},"keyphraseInSubHeadings":[],"keyphraseInImageAlt":[],"keywordDensity":{"score":0,"type":"low","maxScore":9,"error":1}}},"additional":[]},"primary_term":null,"canonical_url":null,"og_title":null,"og_description":null,"og_object_type":"default","og_image_type":"default","og_image_url":null,"og_image_width":null,"og_image_height":null,"og_image_custom_url":null,"og_image_custom_fields":null,"og_video":"","og_custom_url":null,"og_article_section":null,"og_article_tags":[],"twitter_use_og":false,"twitter_card":"default","twitter_image_type":"default","twitter_image_url":null,"twitter_image_custom_url":null,"twitter_image_custom_fields":null,"twitter_title":null,"twitter_description":null,"schema":{"blockGraphs":[],"customGraphs":[],"default":{"data":{"Article":[],"Course":[],"Dataset":[],"FAQPage":[],"Movie":[],"Person":[],"Product":[],"ProductReview":[],"Car":[],"Recipe":[],"Service":[],"SoftwareApplication":[],"WebPage":[]},"graphName":"BlogPosting","isEnabled":true},"graphs":[]},"schema_type":"default","schema_type_options":null,"pillar_content":false,"robots_default":true,"robots_noindex":false,"robots_noarchive":false,"robots_nosnippet":false,"robots_nofollow":false,"robots_noimageindex":false,"robots_noodp":false,"robots_notranslate":false,"robots_max_snippet":"-1","robots_max_videopreview":"-1","robots_max_imagepreview":"large","priority":null,"frequency":"default","local_seo":null,"seo_analyzer_scan_date":"2025-09-19 10:27:00","breadcrumb_settings":null,"limit_modified_date":false,"open_ai":"{\"title\":{\"suggestions\":[],\"usage\":0},\"description\":{\"suggestions\":[],\"usage\":0}}","ai":null,"created":"2024-02-29 07:44:46","updated":"2025-12-03 13:22:12"},"aioseo_breadcrumb":"<div class=\"aioseo-breadcrumbs\"><span class=\"aioseo-breadcrumb\">\n\t<a href=\"https:\/\/rentacarigoumenitsa.gr\/it\" title=\"Home\">Home<\/a>\n<\/span><span class=\"aioseo-breadcrumb-separator\">&raquo;<\/span><span class=\"aioseo-breadcrumb\">\n\t<a href=\"https:\/\/rentacarigoumenitsa.gr\/it\/category\/%cf%84%ce%bf%cf%85%cf%81%ce%b9%cf%83%ce%bc%cf%8c%cf%82-epirus\/\" title=\"\u03a4\u03bf\u03c5\u03c1\u03b9\u03c3\u03bc\u03cc\u03c2 - \u0389\u03c0\u03b5\u03b9\u03c1\u03bf\u03c2\">\u03a4\u03bf\u03c5\u03c1\u03b9\u03c3\u03bc\u03cc\u03c2 - \u0389\u03c0\u03b5\u03b9\u03c1\u03bf\u03c2<\/a>\n<\/span><span class=\"aioseo-breadcrumb-separator\">&raquo;<\/span><span class=\"aioseo-breadcrumb\">\n\t\u0395\u03bd\u03b1\u03bb\u03bb\u03b1\u03ba\u03c4\u03b9\u03ba\u03cc\u03c2 \u03a4\u03bf\u03c5\u03c1\u03b9\u03c3\u03bc\u03cc\u03c2 \u03c3\u03c4\u03b7\u03bd \u0398\u03b5\u03c3\u03c0\u03c1\u03c9\u03c4\u03af\u03b1\n<\/span><\/div>","aioseo_breadcrumb_json":[{"label":"Home","link":"https:\/\/rentacarigoumenitsa.gr\/it"},{"label":"\u03a4\u03bf\u03c5\u03c1\u03b9\u03c3\u03bc\u03cc\u03c2 - \u0389\u03c0\u03b5\u03b9\u03c1\u03bf\u03c2","link":"https:\/\/rentacarigoumenitsa.gr\/it\/category\/%cf%84%ce%bf%cf%85%cf%81%ce%b9%cf%83%ce%bc%cf%8c%cf%82-epirus\/"},{"label":"\u0395\u03bd\u03b1\u03bb\u03bb\u03b1\u03ba\u03c4\u03b9\u03ba\u03cc\u03c2 \u03a4\u03bf\u03c5\u03c1\u03b9\u03c3\u03bc\u03cc\u03c2 \u03c3\u03c4\u03b7\u03bd \u0398\u03b5\u03c3\u03c0\u03c1\u03c9\u03c4\u03af\u03b1","link":"https:\/\/rentacarigoumenitsa.gr\/it\/%ce%b5%ce%bd%ce%b1%ce%bb%ce%bb%ce%b1%ce%ba%cf%84%ce%b9%ce%ba%cf%8c%cf%82-%cf%84%ce%bf%cf%85%cf%81%ce%b9%cf%83%ce%bc%cf%8c%cf%82-%cf%83%cf%84%ce%b7%ce%bd-%ce%b8%ce%b5%cf%83%cf%80%cf%81%cf%89%cf%84%ce%af%ce%b1\/"}],"_links":{"self":[{"href":"https:\/\/rentacarigoumenitsa.gr\/it\/wp-json\/wp\/v2\/posts\/307","targetHints":{"allow":["GET"]}}],"collection":[{"href":"https:\/\/rentacarigoumenitsa.gr\/it\/wp-json\/wp\/v2\/posts"}],"about":[{"href":"https:\/\/rentacarigoumenitsa.gr\/it\/wp-json\/wp\/v2\/types\/post"}],"author":[{"embeddable":true,"href":"https:\/\/rentacarigoumenitsa.gr\/it\/wp-json\/wp\/v2\/users\/1"}],"replies":[{"embeddable":true,"href":"https:\/\/rentacarigoumenitsa.gr\/it\/wp-json\/wp\/v2\/comments?post=307"}],"version-history":[{"count":2,"href":"https:\/\/rentacarigoumenitsa.gr\/it\/wp-json\/wp\/v2\/posts\/307\/revisions"}],"predecessor-version":[{"id":310,"href":"https:\/\/rentacarigoumenitsa.gr\/it\/wp-json\/wp\/v2\/posts\/307\/revisions\/310"}],"wp:featuredmedia":[{"embeddable":true,"href":"https:\/\/rentacarigoumenitsa.gr\/it\/wp-json\/wp\/v2\/media\/308"}],"wp:attachment":[{"href":"https:\/\/rentacarigoumenitsa.gr\/it\/wp-json\/wp\/v2\/media?parent=307"}],"wp:term":[{"taxonomy":"category","embeddable":true,"href":"https:\/\/rentacarigoumenitsa.gr\/it\/wp-json\/wp\/v2\/categories?post=307"},{"taxonomy":"post_tag","embeddable":true,"href":"https:\/\/rentacarigoumenitsa.gr\/it\/wp-json\/wp\/v2\/tags?post=307"}],"curies":[{"name":"wp","href":"https:\/\/api.w.org\/{rel}","templated":true}]}}