{"id":254,"date":"2023-12-06T12:20:22","date_gmt":"2023-12-06T09:20:22","guid":{"rendered":"https:\/\/rentacarigoumenitsa.gr\/?p=254"},"modified":"2023-12-06T12:30:55","modified_gmt":"2023-12-06T09:30:55","slug":"il-ribeiro-avvolgente","status":"publish","type":"post","link":"https:\/\/rentacarigoumenitsa.gr\/it\/%ce%b7-%ce%b8%ce%b5%cf%83%cf%80%cf%81%cf%89%cf%84%ce%b9%ce%ba%ce%ae-%cf%81%ce%b9%ce%b2%ce%b9%ce%ad%cf%81%ce%b1\/","title":{"rendered":"La Riviera di Thesprotia"},"content":{"rendered":"<p>Sulla costa nord-occidentale della Grecia, accanto alla vicina Albania, si trova il fronte costiero della Tesprozia, la Riviera di Tesprozia. Una regione e una prefettura bagnata dal Mar Ionio e nella cui zona costiera si incontrano spiagge davvero uniche.<\/p>\n\n\n\n<p><strong>Igoumenitsa<\/strong><\/p>\n\n\n\n<p>\u0397 <a href=\"https:\/\/el.wikipedia.org\/wiki\/\u0397\u03b3\u03bf\u03c5\u03bc\u03b5\u03bd\u03af\u03c4\u03c3\u03b1\" target=\"_blank\" rel=\"noopener\" title=\"Igoumenitsa\">Igoumenitsa<\/a> \u00e8 il capoluogo della contea. \u00c8 una moderna citt\u00e0 di mare con un'intensa attivit\u00e0 culturale, nota per il suo porto internazionale chiamato \"Porta d'Europa\". \u00c8 anche l'unico porto che consente l'accesso stradale a Corf\u00f9 e Paxos attraverso il traghetto. Igoumenitsa, essendo il punto di partenza della strada Egnatia, ha un accesso stradale molto facile e offre al visitatore l'opportunit\u00e0 di soggiornare sulla costa di Drepano\/Makrigiali, un'area di bellezza naturale unica, con 5 km di spiaggia sabbiosa vicino alla laguna, con campeggi organizzati, bar e ristoranti. <a href=\"https:\/\/rentacarigoumenitsa.gr\/it\/la-gastronomia-del-continente\/\" target=\"_blank\" rel=\"noopener\" title=\"Ristoranti\">ristoranti,<\/a> adatto alle vacanze in famiglia.<\/p>\n\n\n\n<p><strong>Plataria<\/strong><\/p>\n\n\n\n<p>Plataria \u00e8 un singolare villaggio di pescatori a 10 minuti da Igoumenitsa e vicino a Sivota. Negli ultimi anni si \u00e8 sviluppata un'intensa attivit\u00e0 turistica con lo sviluppo di unit\u00e0 turistiche e infrastrutture di ristorazione. Nel villaggio balneare si trovano meravigliose taverne di pesce a prezzi molto buoni. <a href=\"https:\/\/www.visit-thesprotia.gr\/item\/\u03c0\u03bb\u03b1\u03c4\u03b1\u03c1\u03b9\u03ac-\u03b8\u03b5\u03c3\u03c0\u03c1\u03c9\u03c4\u03af\u03b1\u03c2\/\" target=\"_blank\" rel=\"noopener\" title=\"Plataria\">Plataria<\/a> sono anche le spiagge di Kokkinos Vrachos, Elia, Gata e Nautilus, dove si organizzano campeggi.<\/p>\n\n\n\n<p><strong>Sivota<\/strong><\/p>\n\n\n\n<p>Il <a href=\"https:\/\/www.travel.gr\/experiences\/oi-empeiries-poy-axizei-na-zisete-sta-a\/\" target=\"_blank\" rel=\"noopener\" title=\"Sivota\">Sivota<\/a> Mourtos \u00e8 un piccolo gruppo di tre isole, Mavro Oros, Mourtemeno e Agios Nikolaos. \u00c8 la pi\u00f9 importante attrazione turistica della Tesprozia. L'area di Mourtos \u00e8 famosa per le sue splendide spiagge con acque cristalline verde-azzurro e per le sue bellezze naturali. A Sivota ci sono moderne unit\u00e0 abitative. Si va dalle economiche pensioni tradizionali agli hotel e alle ville di lusso. Nel porto di Sivota ci sono esercizi di ristorazione con un eccellente livello di servizio per il vostro aperitivo o il vostro drink. Da Sivota \u00e8 possibile <a href=\"https:\/\/sivotaboatrent.gr\" target=\"_blank\" rel=\"noopener\" title=\"noleggiare la barca\">noleggiare la barca<\/a> Sivota \u00e8 famosa per le spiagge uniche di Bella Vraka e Pisina. Altre spiagge della zona sono Megali e Mikri Ammos, Zavia e French Molos.<\/p>\n\n\n\n<p><strong>Pernice<\/strong><\/p>\n\n\n\n<p>Guidando per 25 minuti sulla rete nazionale da Igoumenitsa a Parga, incontriamo l'insediamento anfiteatrale di <a href=\"https:\/\/perdika.info\" target=\"_blank\" rel=\"noopener\" title=\"Pernice\">Pernice<\/a>. Un bellissimo villaggio con una vita vivace e un'ottima gastronomia. Potrete camminare fino alla pittoresca piazza del villaggio e guardare il magico tramonto dal balcone del Mar Ionio. A Perdika si trovano alberghi di alta qualit\u00e0 e unit\u00e0 di ospitalit\u00e0 tradizionali. Perdika comprende anche le spiagge di Karavostasi, Arillas e Agia Paraskevi.&nbsp;<\/p>\n\n\n\n<p><strong>Sorgenti di Acheronte<\/strong><\/p>\n\n\n\n<p>Vivete la leggenda dell'Acheronte. Da questo fiume, Caronte trasportava le anime dei morti nell'Ade per finire nella Necromanzia, dove attraverso una serie di prove i vivi potevano comunicare con i loro parenti defunti.Questa \u00e8 un'area di bellezza naturale unica, nel villaggio di Glyki in Tesprozia e a 30 minuti d'auto dalla citt\u00e0 di San Paolo. <a href=\"https:\/\/el.wikipedia.org\/wiki\/\u0397\u03b3\u03bf\u03c5\u03bc\u03b5\u03bd\u03af\u03c4\u03c3\u03b1\" target=\"_blank\" rel=\"noopener\" title=\"Igoumenitsa\">Igoumenitsa<\/a>La storica Souli dista circa 40 minuti da Glyki e vale la pena di visitare i pozzi, Kougi o i mulini di Souli. Nella zona ci sono ristoranti e attivit\u00e0 come il rafting, l'equitazione, ecc. Negli ultimi anni ci sono anche unit\u00e0 ricettive che operano nella zona e si stanno sviluppando nell'area. <a href=\"https:\/\/rentacarigoumenitsa.gr\/it\/turismo-nel-continente-e-listituzione-del\/\" target=\"_blank\" rel=\"noopener\" title=\"turismo alternativo\">turismo alternativo<\/a>.<\/p>","protected":false},"excerpt":{"rendered":"<p>\u03a3\u03c4\u03b7 \u0392\u03bf\u03c1\u03b5\u03b9\u03bf\u03b4\u03c5\u03c4\u03b9\u03ba\u03ae \u03b1\u03ba\u03c4\u03ae \u03c4\u03b7\u03c2 \u0395\u03bb\u03bb\u03ac\u03b4\u03b1\u03c2, \u03b4\u03af\u03c0\u03bb\u03b1 \u03c3\u03c4\u03b7 \u03b3\u03b5\u03b9\u03c4\u03bf\u03bd\u03b9\u03ba\u03ae \u0391\u03bb\u03b2\u03b1\u03bd\u03af\u03b1, \u03b2\u03c1\u03af\u03c3\u03ba\u03b5\u03c4\u03b1\u03b9 \u03c4\u03bf \u03c0\u03b1\u03c1\u03b1\u03bb\u03b9\u03b1\u03ba\u03cc \u03bc\u03ad\u03c4\u03c9\u03c0\u03bf \u03c4\u03b7\u03c2 \u0398\u03b5\u03c3\u03c0\u03c1\u03c9\u03c4\u03af\u03b1\u03c2, \u03b7 \u0398\u03b5\u03c3\u03c0\u03c1\u03c9\u03c4\u03b9\u03ba\u03ae \u03a1\u03b9\u03b2\u03b9\u03ad\u03c1\u03b1. \u039c\u03b9\u03b1 \u03c0\u03b5\u03c1\u03b9\u03bf\u03c7\u03ae \u03ba\u03b1\u03b9 \u03ad\u03bd\u03b1\u03c2 \u03bd\u03bf\u03bc\u03cc\u03c2 \u03c0\u03bf\u03c5 \u03b2\u03c1\u03ad\u03c7\u03b5\u03c4\u03b1\u03b9 \u03b1\u03c0\u03cc<span class=\"excerpt-hellip\"> [\u2026]<\/span><\/p>\n","protected":false},"author":1,"featured_media":255,"comment_status":"open","ping_status":"open","sticky":false,"template":"","format":"standard","meta":{"footnotes":""},"categories":[50],"tags":[],"class_list":["post-254","post","type-post","status-publish","format-standard","has-post-thumbnail","hentry","category--epirus"],"aioseo_notices":[],"aioseo_head":"\n\t\t<!-- All in One SEO Pro 4.9.4.2 - aioseo.com -->\n\t<meta name=\"description\" content=\"\u039c\u03b9\u03b1 \u03c0\u03b5\u03c1\u03b9\u03bf\u03c7\u03ae \u03ba\u03b1\u03b9 \u03ad\u03bd\u03b1\u03c2 \u03bd\u03bf\u03bc\u03cc\u03c2 \u03c0\u03bf\u03c5 \u03b2\u03c1\u03ad\u03c7\u03b5\u03c4\u03b1\u03b9 \u03b1\u03c0\u03cc \u03c4\u03bf \u0399\u03cc\u03bd\u03b9\u03bf \u03a0\u03ad\u03bb\u03b1\u03b3\u03bf\u03c2 \u03ba\u03b1\u03b9 \u03c3\u03c4\u03b7\u03bd \u03c0\u03b1\u03c1\u03ac\u03ba\u03c4\u03b9\u03b1 \u03b6\u03ce\u03bd\u03b7 \u03b8\u03b1 \u03c3\u03c5\u03bd\u03b1\u03bd\u03c4\u03ae\u03c3\u03b5\u03b9\u03c2 \u03c0\u03c1\u03b1\u03b3\u03bc\u03b1\u03c4\u03b9\u03ba\u03ac \u03bc\u03bf\u03bd\u03b1\u03b4\u03b9\u03ba\u03ad\u03c2 \u03c0\u03b1\u03c1\u03b1\u03bb\u03af\u03b5\u03c2.\" \/>\n\t<meta name=\"robots\" content=\"max-image-preview:large\" \/>\n\t<meta name=\"author\" content=\"Rent A Car Igoumenitsa\"\/>\n\t<meta name=\"google-site-verification\" content=\"S6xm9OozgzUNlz1XGUsqKaiQUGsb8eKTPjRIqVmbJRU\" \/>\n\t<link rel=\"canonical\" href=\"https:\/\/rentacarigoumenitsa.gr\/it\/%ce%b7-%ce%b8%ce%b5%cf%83%cf%80%cf%81%cf%89%cf%84%ce%b9%ce%ba%ce%ae-%cf%81%ce%b9%ce%b2%ce%b9%ce%ad%cf%81%ce%b1\/\" \/>\n\t<meta name=\"generator\" content=\"All in One SEO Pro (AIOSEO) 4.9.4.2\" \/>\n\t\t<meta property=\"og:locale\" content=\"it_IT\" \/>\n\t\t<meta property=\"og:site_name\" content=\"Rent A Car Igoumenitsa -\" \/>\n\t\t<meta property=\"og:type\" content=\"article\" \/>\n\t\t<meta property=\"og:title\" content=\"\u0397 \u0398\u03b5\u03c3\u03c0\u03c1\u03c9\u03c4\u03b9\u03ba\u03ae \u03a1\u03b9\u03b2\u03b9\u03ad\u03c1\u03b1 - \u0397\u03b3\u03bf\u03c5\u03bc\u03b5\u03bd\u03af\u03c4\u03c3\u03b1, \u03a3\u03cd\u03b2\u03bf\u03c4\u03b1, \u03a0\u03bb\u03b1\u03c4\u03b1\u03c1\u03b9\u03ac, \u0393\u03bb\u03c5\u03ba\u03ae\" \/>\n\t\t<meta property=\"og:description\" content=\"\u039c\u03b9\u03b1 \u03c0\u03b5\u03c1\u03b9\u03bf\u03c7\u03ae \u03ba\u03b1\u03b9 \u03ad\u03bd\u03b1\u03c2 \u03bd\u03bf\u03bc\u03cc\u03c2 \u03c0\u03bf\u03c5 \u03b2\u03c1\u03ad\u03c7\u03b5\u03c4\u03b1\u03b9 \u03b1\u03c0\u03cc \u03c4\u03bf \u0399\u03cc\u03bd\u03b9\u03bf \u03a0\u03ad\u03bb\u03b1\u03b3\u03bf\u03c2 \u03ba\u03b1\u03b9 \u03c3\u03c4\u03b7\u03bd \u03c0\u03b1\u03c1\u03ac\u03ba\u03c4\u03b9\u03b1 \u03b6\u03ce\u03bd\u03b7 \u03b8\u03b1 \u03c3\u03c5\u03bd\u03b1\u03bd\u03c4\u03ae\u03c3\u03b5\u03b9\u03c2 \u03c0\u03c1\u03b1\u03b3\u03bc\u03b1\u03c4\u03b9\u03ba\u03ac \u03bc\u03bf\u03bd\u03b1\u03b4\u03b9\u03ba\u03ad\u03c2 \u03c0\u03b1\u03c1\u03b1\u03bb\u03af\u03b5\u03c2.\" \/>\n\t\t<meta property=\"og:url\" content=\"https:\/\/rentacarigoumenitsa.gr\/it\/%ce%b7-%ce%b8%ce%b5%cf%83%cf%80%cf%81%cf%89%cf%84%ce%b9%ce%ba%ce%ae-%cf%81%ce%b9%ce%b2%ce%b9%ce%ad%cf%81%ce%b1\/\" \/>\n\t\t<meta property=\"og:image\" content=\"https:\/\/rentacarigoumenitsa.gr\/wp-content\/uploads\/2023\/12\/thesprotia.jpg\" \/>\n\t\t<meta property=\"og:image:secure_url\" content=\"https:\/\/rentacarigoumenitsa.gr\/wp-content\/uploads\/2023\/12\/thesprotia.jpg\" \/>\n\t\t<meta property=\"og:image:width\" content=\"2560\" \/>\n\t\t<meta property=\"og:image:height\" content=\"1706\" \/>\n\t\t<meta property=\"article:published_time\" content=\"2023-12-06T09:20:22+00:00\" \/>\n\t\t<meta property=\"article:modified_time\" content=\"2023-12-06T09:30:55+00:00\" \/>\n\t\t<meta property=\"article:publisher\" content=\"https:\/\/www.facebook.com\/rentacarigoumenitsa\/\" \/>\n\t\t<meta name=\"twitter:card\" content=\"summary_large_image\" \/>\n\t\t<meta name=\"twitter:title\" content=\"\u0397 \u0398\u03b5\u03c3\u03c0\u03c1\u03c9\u03c4\u03b9\u03ba\u03ae \u03a1\u03b9\u03b2\u03b9\u03ad\u03c1\u03b1 - \u0397\u03b3\u03bf\u03c5\u03bc\u03b5\u03bd\u03af\u03c4\u03c3\u03b1, \u03a3\u03cd\u03b2\u03bf\u03c4\u03b1, \u03a0\u03bb\u03b1\u03c4\u03b1\u03c1\u03b9\u03ac, \u0393\u03bb\u03c5\u03ba\u03ae\" \/>\n\t\t<meta name=\"twitter:description\" content=\"\u039c\u03b9\u03b1 \u03c0\u03b5\u03c1\u03b9\u03bf\u03c7\u03ae \u03ba\u03b1\u03b9 \u03ad\u03bd\u03b1\u03c2 \u03bd\u03bf\u03bc\u03cc\u03c2 \u03c0\u03bf\u03c5 \u03b2\u03c1\u03ad\u03c7\u03b5\u03c4\u03b1\u03b9 \u03b1\u03c0\u03cc \u03c4\u03bf \u0399\u03cc\u03bd\u03b9\u03bf \u03a0\u03ad\u03bb\u03b1\u03b3\u03bf\u03c2 \u03ba\u03b1\u03b9 \u03c3\u03c4\u03b7\u03bd \u03c0\u03b1\u03c1\u03ac\u03ba\u03c4\u03b9\u03b1 \u03b6\u03ce\u03bd\u03b7 \u03b8\u03b1 \u03c3\u03c5\u03bd\u03b1\u03bd\u03c4\u03ae\u03c3\u03b5\u03b9\u03c2 \u03c0\u03c1\u03b1\u03b3\u03bc\u03b1\u03c4\u03b9\u03ba\u03ac \u03bc\u03bf\u03bd\u03b1\u03b4\u03b9\u03ba\u03ad\u03c2 \u03c0\u03b1\u03c1\u03b1\u03bb\u03af\u03b5\u03c2.\" \/>\n\t\t<meta name=\"twitter:image\" content=\"https:\/\/rentacarigoumenitsa.gr\/wp-content\/uploads\/2023\/12\/fb-cover.jpg\" \/>\n\t\t<script type=\"application\/ld+json\" class=\"aioseo-schema\">\n\t\t\t{\"@context\":\"https:\\\/\\\/schema.org\",\"@graph\":[{\"@type\":\"BlogPosting\",\"@id\":\"https:\\\/\\\/rentacarigoumenitsa.gr\\\/it\\\/%ce%b7-%ce%b8%ce%b5%cf%83%cf%80%cf%81%cf%89%cf%84%ce%b9%ce%ba%ce%ae-%cf%81%ce%b9%ce%b2%ce%b9%ce%ad%cf%81%ce%b1\\\/#blogposting\",\"name\":\"\\u0397 \\u0398\\u03b5\\u03c3\\u03c0\\u03c1\\u03c9\\u03c4\\u03b9\\u03ba\\u03ae \\u03a1\\u03b9\\u03b2\\u03b9\\u03ad\\u03c1\\u03b1 - \\u0397\\u03b3\\u03bf\\u03c5\\u03bc\\u03b5\\u03bd\\u03af\\u03c4\\u03c3\\u03b1, \\u03a3\\u03cd\\u03b2\\u03bf\\u03c4\\u03b1, \\u03a0\\u03bb\\u03b1\\u03c4\\u03b1\\u03c1\\u03b9\\u03ac, \\u0393\\u03bb\\u03c5\\u03ba\\u03ae\",\"headline\":\"\\u0397 \\u0398\\u03b5\\u03c3\\u03c0\\u03c1\\u03c9\\u03c4\\u03b9\\u03ba\\u03ae \\u03a1\\u03b9\\u03b2\\u03b9\\u03ad\\u03c1\\u03b1\",\"author\":{\"@id\":\"https:\\\/\\\/rentacarigoumenitsa.gr\\\/it\\\/author\\\/r234digou\\\/#author\"},\"publisher\":{\"@id\":\"https:\\\/\\\/rentacarigoumenitsa.gr\\\/it\\\/#organization\"},\"image\":{\"@type\":\"ImageObject\",\"url\":\"https:\\\/\\\/rentacarigoumenitsa.gr\\\/wp-content\\\/uploads\\\/2023\\\/12\\\/thesprotia.jpg\",\"width\":2560,\"height\":1706},\"datePublished\":\"2023-12-06T12:20:22+03:00\",\"dateModified\":\"2023-12-06T12:30:55+03:00\",\"inLanguage\":\"it-IT\",\"mainEntityOfPage\":{\"@id\":\"https:\\\/\\\/rentacarigoumenitsa.gr\\\/it\\\/%ce%b7-%ce%b8%ce%b5%cf%83%cf%80%cf%81%cf%89%cf%84%ce%b9%ce%ba%ce%ae-%cf%81%ce%b9%ce%b2%ce%b9%ce%ad%cf%81%ce%b1\\\/#webpage\"},\"isPartOf\":{\"@id\":\"https:\\\/\\\/rentacarigoumenitsa.gr\\\/it\\\/%ce%b7-%ce%b8%ce%b5%cf%83%cf%80%cf%81%cf%89%cf%84%ce%b9%ce%ba%ce%ae-%cf%81%ce%b9%ce%b2%ce%b9%ce%ad%cf%81%ce%b1\\\/#webpage\"},\"articleSection\":\"\\u03a4\\u03bf\\u03c5\\u03c1\\u03b9\\u03c3\\u03bc\\u03cc\\u03c2 - \\u0389\\u03c0\\u03b5\\u03b9\\u03c1\\u03bf\\u03c2\"},{\"@type\":\"BreadcrumbList\",\"@id\":\"https:\\\/\\\/rentacarigoumenitsa.gr\\\/it\\\/%ce%b7-%ce%b8%ce%b5%cf%83%cf%80%cf%81%cf%89%cf%84%ce%b9%ce%ba%ce%ae-%cf%81%ce%b9%ce%b2%ce%b9%ce%ad%cf%81%ce%b1\\\/#breadcrumblist\",\"itemListElement\":[{\"@type\":\"ListItem\",\"@id\":\"https:\\\/\\\/rentacarigoumenitsa.gr\\\/it#listItem\",\"position\":1,\"name\":\"Home\",\"item\":\"https:\\\/\\\/rentacarigoumenitsa.gr\\\/it\",\"nextItem\":{\"@type\":\"ListItem\",\"@id\":\"https:\\\/\\\/rentacarigoumenitsa.gr\\\/it\\\/category\\\/%cf%84%ce%bf%cf%85%cf%81%ce%b9%cf%83%ce%bc%cf%8c%cf%82-epirus\\\/#listItem\",\"name\":\"\\u03a4\\u03bf\\u03c5\\u03c1\\u03b9\\u03c3\\u03bc\\u03cc\\u03c2 - \\u0389\\u03c0\\u03b5\\u03b9\\u03c1\\u03bf\\u03c2\"}},{\"@type\":\"ListItem\",\"@id\":\"https:\\\/\\\/rentacarigoumenitsa.gr\\\/it\\\/category\\\/%cf%84%ce%bf%cf%85%cf%81%ce%b9%cf%83%ce%bc%cf%8c%cf%82-epirus\\\/#listItem\",\"position\":2,\"name\":\"\\u03a4\\u03bf\\u03c5\\u03c1\\u03b9\\u03c3\\u03bc\\u03cc\\u03c2 - \\u0389\\u03c0\\u03b5\\u03b9\\u03c1\\u03bf\\u03c2\",\"item\":\"https:\\\/\\\/rentacarigoumenitsa.gr\\\/it\\\/category\\\/%cf%84%ce%bf%cf%85%cf%81%ce%b9%cf%83%ce%bc%cf%8c%cf%82-epirus\\\/\",\"nextItem\":{\"@type\":\"ListItem\",\"@id\":\"https:\\\/\\\/rentacarigoumenitsa.gr\\\/it\\\/%ce%b7-%ce%b8%ce%b5%cf%83%cf%80%cf%81%cf%89%cf%84%ce%b9%ce%ba%ce%ae-%cf%81%ce%b9%ce%b2%ce%b9%ce%ad%cf%81%ce%b1\\\/#listItem\",\"name\":\"\\u0397 \\u0398\\u03b5\\u03c3\\u03c0\\u03c1\\u03c9\\u03c4\\u03b9\\u03ba\\u03ae \\u03a1\\u03b9\\u03b2\\u03b9\\u03ad\\u03c1\\u03b1\"},\"previousItem\":{\"@type\":\"ListItem\",\"@id\":\"https:\\\/\\\/rentacarigoumenitsa.gr\\\/it#listItem\",\"name\":\"Home\"}},{\"@type\":\"ListItem\",\"@id\":\"https:\\\/\\\/rentacarigoumenitsa.gr\\\/it\\\/%ce%b7-%ce%b8%ce%b5%cf%83%cf%80%cf%81%cf%89%cf%84%ce%b9%ce%ba%ce%ae-%cf%81%ce%b9%ce%b2%ce%b9%ce%ad%cf%81%ce%b1\\\/#listItem\",\"position\":3,\"name\":\"\\u0397 \\u0398\\u03b5\\u03c3\\u03c0\\u03c1\\u03c9\\u03c4\\u03b9\\u03ba\\u03ae \\u03a1\\u03b9\\u03b2\\u03b9\\u03ad\\u03c1\\u03b1\",\"previousItem\":{\"@type\":\"ListItem\",\"@id\":\"https:\\\/\\\/rentacarigoumenitsa.gr\\\/it\\\/category\\\/%cf%84%ce%bf%cf%85%cf%81%ce%b9%cf%83%ce%bc%cf%8c%cf%82-epirus\\\/#listItem\",\"name\":\"\\u03a4\\u03bf\\u03c5\\u03c1\\u03b9\\u03c3\\u03bc\\u03cc\\u03c2 - \\u0389\\u03c0\\u03b5\\u03b9\\u03c1\\u03bf\\u03c2\"}}]},{\"@type\":\"Organization\",\"@id\":\"https:\\\/\\\/rentacarigoumenitsa.gr\\\/it\\\/#organization\",\"name\":\"Rent A Car Igoumenitsa\",\"url\":\"https:\\\/\\\/rentacarigoumenitsa.gr\\\/it\\\/\",\"email\":\"igourent@gmail.com\",\"telephone\":\"+302665027666\",\"logo\":{\"@type\":\"ImageObject\",\"url\":\"https:\\\/\\\/rentacarigoumenitsa.gr\\\/wp-content\\\/uploads\\\/2023\\\/11\\\/logo-mobile.png\",\"@id\":\"https:\\\/\\\/rentacarigoumenitsa.gr\\\/it\\\/%ce%b7-%ce%b8%ce%b5%cf%83%cf%80%cf%81%cf%89%cf%84%ce%b9%ce%ba%ce%ae-%cf%81%ce%b9%ce%b2%ce%b9%ce%ad%cf%81%ce%b1\\\/#organizationLogo\",\"width\":250,\"height\":100},\"image\":{\"@id\":\"https:\\\/\\\/rentacarigoumenitsa.gr\\\/it\\\/%ce%b7-%ce%b8%ce%b5%cf%83%cf%80%cf%81%cf%89%cf%84%ce%b9%ce%ba%ce%ae-%cf%81%ce%b9%ce%b2%ce%b9%ce%ad%cf%81%ce%b1\\\/#organizationLogo\"},\"sameAs\":[\"https:\\\/\\\/www.facebook.com\\\/rentacarigoumenitsa\\\/\",\"https:\\\/\\\/www.instagram.com\\\/rentcarigoumenitsa\\\/\",\"https:\\\/\\\/www.youtube.com\\\/@rentacarigoumenitsa\"],\"address\":{\"@id\":\"https:\\\/\\\/rentacarigoumenitsa.gr\\\/it\\\/#postaladdress\",\"@type\":\"PostalAddress\",\"streetAddress\":\"Agion Apostolon 39-41,\",\"postalCode\":\"46100\",\"addressLocality\":\"Igoumenitsa\",\"addressRegion\":\"Thesprotia\",\"addressCountry\":\"GR\"},\"vatID\":\"EL121704960\"},{\"@type\":\"Person\",\"@id\":\"https:\\\/\\\/rentacarigoumenitsa.gr\\\/it\\\/author\\\/r234digou\\\/#author\",\"url\":\"https:\\\/\\\/rentacarigoumenitsa.gr\\\/it\\\/author\\\/r234digou\\\/\",\"name\":\"Rent A Car Igoumenitsa\",\"image\":{\"@type\":\"ImageObject\",\"@id\":\"https:\\\/\\\/rentacarigoumenitsa.gr\\\/it\\\/%ce%b7-%ce%b8%ce%b5%cf%83%cf%80%cf%81%cf%89%cf%84%ce%b9%ce%ba%ce%ae-%cf%81%ce%b9%ce%b2%ce%b9%ce%ad%cf%81%ce%b1\\\/#authorImage\",\"url\":\"https:\\\/\\\/secure.gravatar.com\\\/avatar\\\/b0b84ab4d14d5f8ae68249bf4101f022df1c7a8f51673576528c824772929605?s=96&d=mm&r=g\",\"width\":96,\"height\":96,\"caption\":\"Rent A Car Igoumenitsa\"}},{\"@type\":\"WebPage\",\"@id\":\"https:\\\/\\\/rentacarigoumenitsa.gr\\\/it\\\/%ce%b7-%ce%b8%ce%b5%cf%83%cf%80%cf%81%cf%89%cf%84%ce%b9%ce%ba%ce%ae-%cf%81%ce%b9%ce%b2%ce%b9%ce%ad%cf%81%ce%b1\\\/#webpage\",\"url\":\"https:\\\/\\\/rentacarigoumenitsa.gr\\\/it\\\/%ce%b7-%ce%b8%ce%b5%cf%83%cf%80%cf%81%cf%89%cf%84%ce%b9%ce%ba%ce%ae-%cf%81%ce%b9%ce%b2%ce%b9%ce%ad%cf%81%ce%b1\\\/\",\"name\":\"\\u0397 \\u0398\\u03b5\\u03c3\\u03c0\\u03c1\\u03c9\\u03c4\\u03b9\\u03ba\\u03ae \\u03a1\\u03b9\\u03b2\\u03b9\\u03ad\\u03c1\\u03b1 - \\u0397\\u03b3\\u03bf\\u03c5\\u03bc\\u03b5\\u03bd\\u03af\\u03c4\\u03c3\\u03b1, \\u03a3\\u03cd\\u03b2\\u03bf\\u03c4\\u03b1, \\u03a0\\u03bb\\u03b1\\u03c4\\u03b1\\u03c1\\u03b9\\u03ac, \\u0393\\u03bb\\u03c5\\u03ba\\u03ae\",\"description\":\"\\u039c\\u03b9\\u03b1 \\u03c0\\u03b5\\u03c1\\u03b9\\u03bf\\u03c7\\u03ae \\u03ba\\u03b1\\u03b9 \\u03ad\\u03bd\\u03b1\\u03c2 \\u03bd\\u03bf\\u03bc\\u03cc\\u03c2 \\u03c0\\u03bf\\u03c5 \\u03b2\\u03c1\\u03ad\\u03c7\\u03b5\\u03c4\\u03b1\\u03b9 \\u03b1\\u03c0\\u03cc \\u03c4\\u03bf \\u0399\\u03cc\\u03bd\\u03b9\\u03bf \\u03a0\\u03ad\\u03bb\\u03b1\\u03b3\\u03bf\\u03c2 \\u03ba\\u03b1\\u03b9 \\u03c3\\u03c4\\u03b7\\u03bd \\u03c0\\u03b1\\u03c1\\u03ac\\u03ba\\u03c4\\u03b9\\u03b1 \\u03b6\\u03ce\\u03bd\\u03b7 \\u03b8\\u03b1 \\u03c3\\u03c5\\u03bd\\u03b1\\u03bd\\u03c4\\u03ae\\u03c3\\u03b5\\u03b9\\u03c2 \\u03c0\\u03c1\\u03b1\\u03b3\\u03bc\\u03b1\\u03c4\\u03b9\\u03ba\\u03ac \\u03bc\\u03bf\\u03bd\\u03b1\\u03b4\\u03b9\\u03ba\\u03ad\\u03c2 \\u03c0\\u03b1\\u03c1\\u03b1\\u03bb\\u03af\\u03b5\\u03c2.\",\"inLanguage\":\"it-IT\",\"isPartOf\":{\"@id\":\"https:\\\/\\\/rentacarigoumenitsa.gr\\\/it\\\/#website\"},\"breadcrumb\":{\"@id\":\"https:\\\/\\\/rentacarigoumenitsa.gr\\\/it\\\/%ce%b7-%ce%b8%ce%b5%cf%83%cf%80%cf%81%cf%89%cf%84%ce%b9%ce%ba%ce%ae-%cf%81%ce%b9%ce%b2%ce%b9%ce%ad%cf%81%ce%b1\\\/#breadcrumblist\"},\"author\":{\"@id\":\"https:\\\/\\\/rentacarigoumenitsa.gr\\\/it\\\/author\\\/r234digou\\\/#author\"},\"creator\":{\"@id\":\"https:\\\/\\\/rentacarigoumenitsa.gr\\\/it\\\/author\\\/r234digou\\\/#author\"},\"image\":{\"@type\":\"ImageObject\",\"url\":\"https:\\\/\\\/rentacarigoumenitsa.gr\\\/wp-content\\\/uploads\\\/2023\\\/12\\\/thesprotia.jpg\",\"@id\":\"https:\\\/\\\/rentacarigoumenitsa.gr\\\/it\\\/%ce%b7-%ce%b8%ce%b5%cf%83%cf%80%cf%81%cf%89%cf%84%ce%b9%ce%ba%ce%ae-%cf%81%ce%b9%ce%b2%ce%b9%ce%ad%cf%81%ce%b1\\\/#mainImage\",\"width\":2560,\"height\":1706},\"primaryImageOfPage\":{\"@id\":\"https:\\\/\\\/rentacarigoumenitsa.gr\\\/it\\\/%ce%b7-%ce%b8%ce%b5%cf%83%cf%80%cf%81%cf%89%cf%84%ce%b9%ce%ba%ce%ae-%cf%81%ce%b9%ce%b2%ce%b9%ce%ad%cf%81%ce%b1\\\/#mainImage\"},\"datePublished\":\"2023-12-06T12:20:22+03:00\",\"dateModified\":\"2023-12-06T12:30:55+03:00\"},{\"@type\":\"WebSite\",\"@id\":\"https:\\\/\\\/rentacarigoumenitsa.gr\\\/it\\\/#website\",\"url\":\"https:\\\/\\\/rentacarigoumenitsa.gr\\\/it\\\/\",\"name\":\"Rent A Car Igoumenitsa\",\"alternateName\":\"\\u0395\\u03bd\\u03bf\\u03b9\\u03ba\\u03af\\u03b1\\u03c3\\u03b7 \\u03b1\\u03c5\\u03c4\\u03bf\\u03ba\\u03b9\\u03bd\\u03ae\\u03c4\\u03bf\\u03c5 \\u0397\\u03b3\\u03bf\\u03c5\\u03bc\\u03b5\\u03bd\\u03af\\u03c4\\u03c3\\u03b1\",\"inLanguage\":\"it-IT\",\"publisher\":{\"@id\":\"https:\\\/\\\/rentacarigoumenitsa.gr\\\/it\\\/#organization\"}}]}\n\t\t<\/script>\n\t\t<!-- All in One SEO Pro -->\r\n\t\t<title>\u0397 \u0398\u03b5\u03c3\u03c0\u03c1\u03c9\u03c4\u03b9\u03ba\u03ae \u03a1\u03b9\u03b2\u03b9\u03ad\u03c1\u03b1 - \u0397\u03b3\u03bf\u03c5\u03bc\u03b5\u03bd\u03af\u03c4\u03c3\u03b1, \u03a3\u03cd\u03b2\u03bf\u03c4\u03b1, \u03a0\u03bb\u03b1\u03c4\u03b1\u03c1\u03b9\u03ac, \u0393\u03bb\u03c5\u03ba\u03ae<\/title>\n\n","aioseo_head_json":{"title":"Riviera di Thesprotia - Igoumenitsa, Sivota, Plataria, Glyki","description":"Una regione e una prefettura bagnata dal Mar Ionio e nella cui zona costiera si trovano spiagge davvero uniche.","canonical_url":"https:\/\/rentacarigoumenitsa.gr\/it\/%ce%b7-%ce%b8%ce%b5%cf%83%cf%80%cf%81%cf%89%cf%84%ce%b9%ce%ba%ce%ae-%cf%81%ce%b9%ce%b2%ce%b9%ce%ad%cf%81%ce%b1\/","robots":"max-image-preview:large","keywords":"","webmasterTools":{"google-site-verification":"S6xm9OozgzUNlz1XGUsqKaiQUGsb8eKTPjRIqVmbJRU","miscellaneous":""},"schema":{"@context":"https:\/\/schema.org","@graph":[{"@type":"BlogPosting","@id":"https:\/\/rentacarigoumenitsa.gr\/it\/%ce%b7-%ce%b8%ce%b5%cf%83%cf%80%cf%81%cf%89%cf%84%ce%b9%ce%ba%ce%ae-%cf%81%ce%b9%ce%b2%ce%b9%ce%ad%cf%81%ce%b1\/#blogposting","name":"\u0397 \u0398\u03b5\u03c3\u03c0\u03c1\u03c9\u03c4\u03b9\u03ba\u03ae \u03a1\u03b9\u03b2\u03b9\u03ad\u03c1\u03b1 - \u0397\u03b3\u03bf\u03c5\u03bc\u03b5\u03bd\u03af\u03c4\u03c3\u03b1, \u03a3\u03cd\u03b2\u03bf\u03c4\u03b1, \u03a0\u03bb\u03b1\u03c4\u03b1\u03c1\u03b9\u03ac, \u0393\u03bb\u03c5\u03ba\u03ae","headline":"\u0397 \u0398\u03b5\u03c3\u03c0\u03c1\u03c9\u03c4\u03b9\u03ba\u03ae \u03a1\u03b9\u03b2\u03b9\u03ad\u03c1\u03b1","author":{"@id":"https:\/\/rentacarigoumenitsa.gr\/it\/author\/r234digou\/#author"},"publisher":{"@id":"https:\/\/rentacarigoumenitsa.gr\/it\/#organization"},"image":{"@type":"ImageObject","url":"https:\/\/rentacarigoumenitsa.gr\/wp-content\/uploads\/2023\/12\/thesprotia.jpg","width":2560,"height":1706},"datePublished":"2023-12-06T12:20:22+03:00","dateModified":"2023-12-06T12:30:55+03:00","inLanguage":"it-IT","mainEntityOfPage":{"@id":"https:\/\/rentacarigoumenitsa.gr\/it\/%ce%b7-%ce%b8%ce%b5%cf%83%cf%80%cf%81%cf%89%cf%84%ce%b9%ce%ba%ce%ae-%cf%81%ce%b9%ce%b2%ce%b9%ce%ad%cf%81%ce%b1\/#webpage"},"isPartOf":{"@id":"https:\/\/rentacarigoumenitsa.gr\/it\/%ce%b7-%ce%b8%ce%b5%cf%83%cf%80%cf%81%cf%89%cf%84%ce%b9%ce%ba%ce%ae-%cf%81%ce%b9%ce%b2%ce%b9%ce%ad%cf%81%ce%b1\/#webpage"},"articleSection":"\u03a4\u03bf\u03c5\u03c1\u03b9\u03c3\u03bc\u03cc\u03c2 - \u0389\u03c0\u03b5\u03b9\u03c1\u03bf\u03c2"},{"@type":"BreadcrumbList","@id":"https:\/\/rentacarigoumenitsa.gr\/it\/%ce%b7-%ce%b8%ce%b5%cf%83%cf%80%cf%81%cf%89%cf%84%ce%b9%ce%ba%ce%ae-%cf%81%ce%b9%ce%b2%ce%b9%ce%ad%cf%81%ce%b1\/#breadcrumblist","itemListElement":[{"@type":"ListItem","@id":"https:\/\/rentacarigoumenitsa.gr\/it#listItem","position":1,"name":"Home","item":"https:\/\/rentacarigoumenitsa.gr\/it","nextItem":{"@type":"ListItem","@id":"https:\/\/rentacarigoumenitsa.gr\/it\/category\/%cf%84%ce%bf%cf%85%cf%81%ce%b9%cf%83%ce%bc%cf%8c%cf%82-epirus\/#listItem","name":"\u03a4\u03bf\u03c5\u03c1\u03b9\u03c3\u03bc\u03cc\u03c2 - \u0389\u03c0\u03b5\u03b9\u03c1\u03bf\u03c2"}},{"@type":"ListItem","@id":"https:\/\/rentacarigoumenitsa.gr\/it\/category\/%cf%84%ce%bf%cf%85%cf%81%ce%b9%cf%83%ce%bc%cf%8c%cf%82-epirus\/#listItem","position":2,"name":"\u03a4\u03bf\u03c5\u03c1\u03b9\u03c3\u03bc\u03cc\u03c2 - \u0389\u03c0\u03b5\u03b9\u03c1\u03bf\u03c2","item":"https:\/\/rentacarigoumenitsa.gr\/it\/category\/%cf%84%ce%bf%cf%85%cf%81%ce%b9%cf%83%ce%bc%cf%8c%cf%82-epirus\/","nextItem":{"@type":"ListItem","@id":"https:\/\/rentacarigoumenitsa.gr\/it\/%ce%b7-%ce%b8%ce%b5%cf%83%cf%80%cf%81%cf%89%cf%84%ce%b9%ce%ba%ce%ae-%cf%81%ce%b9%ce%b2%ce%b9%ce%ad%cf%81%ce%b1\/#listItem","name":"\u0397 \u0398\u03b5\u03c3\u03c0\u03c1\u03c9\u03c4\u03b9\u03ba\u03ae \u03a1\u03b9\u03b2\u03b9\u03ad\u03c1\u03b1"},"previousItem":{"@type":"ListItem","@id":"https:\/\/rentacarigoumenitsa.gr\/it#listItem","name":"Home"}},{"@type":"ListItem","@id":"https:\/\/rentacarigoumenitsa.gr\/it\/%ce%b7-%ce%b8%ce%b5%cf%83%cf%80%cf%81%cf%89%cf%84%ce%b9%ce%ba%ce%ae-%cf%81%ce%b9%ce%b2%ce%b9%ce%ad%cf%81%ce%b1\/#listItem","position":3,"name":"\u0397 \u0398\u03b5\u03c3\u03c0\u03c1\u03c9\u03c4\u03b9\u03ba\u03ae \u03a1\u03b9\u03b2\u03b9\u03ad\u03c1\u03b1","previousItem":{"@type":"ListItem","@id":"https:\/\/rentacarigoumenitsa.gr\/it\/category\/%cf%84%ce%bf%cf%85%cf%81%ce%b9%cf%83%ce%bc%cf%8c%cf%82-epirus\/#listItem","name":"\u03a4\u03bf\u03c5\u03c1\u03b9\u03c3\u03bc\u03cc\u03c2 - \u0389\u03c0\u03b5\u03b9\u03c1\u03bf\u03c2"}}]},{"@type":"Organization","@id":"https:\/\/rentacarigoumenitsa.gr\/it\/#organization","name":"Rent A Car Igoumenitsa","url":"https:\/\/rentacarigoumenitsa.gr\/it\/","email":"igourent@gmail.com","telephone":"+302665027666","logo":{"@type":"ImageObject","url":"https:\/\/rentacarigoumenitsa.gr\/wp-content\/uploads\/2023\/11\/logo-mobile.png","@id":"https:\/\/rentacarigoumenitsa.gr\/it\/%ce%b7-%ce%b8%ce%b5%cf%83%cf%80%cf%81%cf%89%cf%84%ce%b9%ce%ba%ce%ae-%cf%81%ce%b9%ce%b2%ce%b9%ce%ad%cf%81%ce%b1\/#organizationLogo","width":250,"height":100},"image":{"@id":"https:\/\/rentacarigoumenitsa.gr\/it\/%ce%b7-%ce%b8%ce%b5%cf%83%cf%80%cf%81%cf%89%cf%84%ce%b9%ce%ba%ce%ae-%cf%81%ce%b9%ce%b2%ce%b9%ce%ad%cf%81%ce%b1\/#organizationLogo"},"sameAs":["https:\/\/www.facebook.com\/rentacarigoumenitsa\/","https:\/\/www.instagram.com\/rentcarigoumenitsa\/","https:\/\/www.youtube.com\/@rentacarigoumenitsa"],"address":{"@id":"https:\/\/rentacarigoumenitsa.gr\/it\/#postaladdress","@type":"PostalAddress","streetAddress":"Agion Apostolon 39-41,","postalCode":"46100","addressLocality":"Igoumenitsa","addressRegion":"Thesprotia","addressCountry":"GR"},"vatID":"EL121704960"},{"@type":"Person","@id":"https:\/\/rentacarigoumenitsa.gr\/it\/author\/r234digou\/#author","url":"https:\/\/rentacarigoumenitsa.gr\/it\/author\/r234digou\/","name":"Rent A Car Igoumenitsa","image":{"@type":"ImageObject","@id":"https:\/\/rentacarigoumenitsa.gr\/it\/%ce%b7-%ce%b8%ce%b5%cf%83%cf%80%cf%81%cf%89%cf%84%ce%b9%ce%ba%ce%ae-%cf%81%ce%b9%ce%b2%ce%b9%ce%ad%cf%81%ce%b1\/#authorImage","url":"https:\/\/secure.gravatar.com\/avatar\/b0b84ab4d14d5f8ae68249bf4101f022df1c7a8f51673576528c824772929605?s=96&d=mm&r=g","width":96,"height":96,"caption":"Rent A Car Igoumenitsa"}},{"@type":"WebPage","@id":"https:\/\/rentacarigoumenitsa.gr\/it\/%ce%b7-%ce%b8%ce%b5%cf%83%cf%80%cf%81%cf%89%cf%84%ce%b9%ce%ba%ce%ae-%cf%81%ce%b9%ce%b2%ce%b9%ce%ad%cf%81%ce%b1\/#webpage","url":"https:\/\/rentacarigoumenitsa.gr\/it\/%ce%b7-%ce%b8%ce%b5%cf%83%cf%80%cf%81%cf%89%cf%84%ce%b9%ce%ba%ce%ae-%cf%81%ce%b9%ce%b2%ce%b9%ce%ad%cf%81%ce%b1\/","name":"\u0397 \u0398\u03b5\u03c3\u03c0\u03c1\u03c9\u03c4\u03b9\u03ba\u03ae \u03a1\u03b9\u03b2\u03b9\u03ad\u03c1\u03b1 - \u0397\u03b3\u03bf\u03c5\u03bc\u03b5\u03bd\u03af\u03c4\u03c3\u03b1, \u03a3\u03cd\u03b2\u03bf\u03c4\u03b1, \u03a0\u03bb\u03b1\u03c4\u03b1\u03c1\u03b9\u03ac, \u0393\u03bb\u03c5\u03ba\u03ae","description":"\u039c\u03b9\u03b1 \u03c0\u03b5\u03c1\u03b9\u03bf\u03c7\u03ae \u03ba\u03b1\u03b9 \u03ad\u03bd\u03b1\u03c2 \u03bd\u03bf\u03bc\u03cc\u03c2 \u03c0\u03bf\u03c5 \u03b2\u03c1\u03ad\u03c7\u03b5\u03c4\u03b1\u03b9 \u03b1\u03c0\u03cc \u03c4\u03bf \u0399\u03cc\u03bd\u03b9\u03bf \u03a0\u03ad\u03bb\u03b1\u03b3\u03bf\u03c2 \u03ba\u03b1\u03b9 \u03c3\u03c4\u03b7\u03bd \u03c0\u03b1\u03c1\u03ac\u03ba\u03c4\u03b9\u03b1 \u03b6\u03ce\u03bd\u03b7 \u03b8\u03b1 \u03c3\u03c5\u03bd\u03b1\u03bd\u03c4\u03ae\u03c3\u03b5\u03b9\u03c2 \u03c0\u03c1\u03b1\u03b3\u03bc\u03b1\u03c4\u03b9\u03ba\u03ac \u03bc\u03bf\u03bd\u03b1\u03b4\u03b9\u03ba\u03ad\u03c2 \u03c0\u03b1\u03c1\u03b1\u03bb\u03af\u03b5\u03c2.","inLanguage":"it-IT","isPartOf":{"@id":"https:\/\/rentacarigoumenitsa.gr\/it\/#website"},"breadcrumb":{"@id":"https:\/\/rentacarigoumenitsa.gr\/it\/%ce%b7-%ce%b8%ce%b5%cf%83%cf%80%cf%81%cf%89%cf%84%ce%b9%ce%ba%ce%ae-%cf%81%ce%b9%ce%b2%ce%b9%ce%ad%cf%81%ce%b1\/#breadcrumblist"},"author":{"@id":"https:\/\/rentacarigoumenitsa.gr\/it\/author\/r234digou\/#author"},"creator":{"@id":"https:\/\/rentacarigoumenitsa.gr\/it\/author\/r234digou\/#author"},"image":{"@type":"ImageObject","url":"https:\/\/rentacarigoumenitsa.gr\/wp-content\/uploads\/2023\/12\/thesprotia.jpg","@id":"https:\/\/rentacarigoumenitsa.gr\/it\/%ce%b7-%ce%b8%ce%b5%cf%83%cf%80%cf%81%cf%89%cf%84%ce%b9%ce%ba%ce%ae-%cf%81%ce%b9%ce%b2%ce%b9%ce%ad%cf%81%ce%b1\/#mainImage","width":2560,"height":1706},"primaryImageOfPage":{"@id":"https:\/\/rentacarigoumenitsa.gr\/it\/%ce%b7-%ce%b8%ce%b5%cf%83%cf%80%cf%81%cf%89%cf%84%ce%b9%ce%ba%ce%ae-%cf%81%ce%b9%ce%b2%ce%b9%ce%ad%cf%81%ce%b1\/#mainImage"},"datePublished":"2023-12-06T12:20:22+03:00","dateModified":"2023-12-06T12:30:55+03:00"},{"@type":"WebSite","@id":"https:\/\/rentacarigoumenitsa.gr\/it\/#website","url":"https:\/\/rentacarigoumenitsa.gr\/it\/","name":"Rent A Car Igoumenitsa","alternateName":"\u0395\u03bd\u03bf\u03b9\u03ba\u03af\u03b1\u03c3\u03b7 \u03b1\u03c5\u03c4\u03bf\u03ba\u03b9\u03bd\u03ae\u03c4\u03bf\u03c5 \u0397\u03b3\u03bf\u03c5\u03bc\u03b5\u03bd\u03af\u03c4\u03c3\u03b1","inLanguage":"it-IT","publisher":{"@id":"https:\/\/rentacarigoumenitsa.gr\/it\/#organization"}}]},"og:locale":"it_IT","og:site_name":"Rent A Car Igoumenitsa -","og:type":"article","og:title":"\u0397 \u0398\u03b5\u03c3\u03c0\u03c1\u03c9\u03c4\u03b9\u03ba\u03ae \u03a1\u03b9\u03b2\u03b9\u03ad\u03c1\u03b1 - \u0397\u03b3\u03bf\u03c5\u03bc\u03b5\u03bd\u03af\u03c4\u03c3\u03b1, \u03a3\u03cd\u03b2\u03bf\u03c4\u03b1, \u03a0\u03bb\u03b1\u03c4\u03b1\u03c1\u03b9\u03ac, \u0393\u03bb\u03c5\u03ba\u03ae","og:description":"\u039c\u03b9\u03b1 \u03c0\u03b5\u03c1\u03b9\u03bf\u03c7\u03ae \u03ba\u03b1\u03b9 \u03ad\u03bd\u03b1\u03c2 \u03bd\u03bf\u03bc\u03cc\u03c2 \u03c0\u03bf\u03c5 \u03b2\u03c1\u03ad\u03c7\u03b5\u03c4\u03b1\u03b9 \u03b1\u03c0\u03cc \u03c4\u03bf \u0399\u03cc\u03bd\u03b9\u03bf \u03a0\u03ad\u03bb\u03b1\u03b3\u03bf\u03c2 \u03ba\u03b1\u03b9 \u03c3\u03c4\u03b7\u03bd \u03c0\u03b1\u03c1\u03ac\u03ba\u03c4\u03b9\u03b1 \u03b6\u03ce\u03bd\u03b7 \u03b8\u03b1 \u03c3\u03c5\u03bd\u03b1\u03bd\u03c4\u03ae\u03c3\u03b5\u03b9\u03c2 \u03c0\u03c1\u03b1\u03b3\u03bc\u03b1\u03c4\u03b9\u03ba\u03ac \u03bc\u03bf\u03bd\u03b1\u03b4\u03b9\u03ba\u03ad\u03c2 \u03c0\u03b1\u03c1\u03b1\u03bb\u03af\u03b5\u03c2.","og:url":"https:\/\/rentacarigoumenitsa.gr\/it\/%ce%b7-%ce%b8%ce%b5%cf%83%cf%80%cf%81%cf%89%cf%84%ce%b9%ce%ba%ce%ae-%cf%81%ce%b9%ce%b2%ce%b9%ce%ad%cf%81%ce%b1\/","og:image":"https:\/\/rentacarigoumenitsa.gr\/wp-content\/uploads\/2023\/12\/thesprotia.jpg","og:image:secure_url":"https:\/\/rentacarigoumenitsa.gr\/wp-content\/uploads\/2023\/12\/thesprotia.jpg","og:image:width":2560,"og:image:height":1706,"article:published_time":"2023-12-06T09:20:22+00:00","article:modified_time":"2023-12-06T09:30:55+00:00","article:publisher":"https:\/\/www.facebook.com\/rentacarigoumenitsa\/","twitter:card":"summary_large_image","twitter:title":"\u0397 \u0398\u03b5\u03c3\u03c0\u03c1\u03c9\u03c4\u03b9\u03ba\u03ae \u03a1\u03b9\u03b2\u03b9\u03ad\u03c1\u03b1 - \u0397\u03b3\u03bf\u03c5\u03bc\u03b5\u03bd\u03af\u03c4\u03c3\u03b1, \u03a3\u03cd\u03b2\u03bf\u03c4\u03b1, \u03a0\u03bb\u03b1\u03c4\u03b1\u03c1\u03b9\u03ac, \u0393\u03bb\u03c5\u03ba\u03ae","twitter:description":"\u039c\u03b9\u03b1 \u03c0\u03b5\u03c1\u03b9\u03bf\u03c7\u03ae \u03ba\u03b1\u03b9 \u03ad\u03bd\u03b1\u03c2 \u03bd\u03bf\u03bc\u03cc\u03c2 \u03c0\u03bf\u03c5 \u03b2\u03c1\u03ad\u03c7\u03b5\u03c4\u03b1\u03b9 \u03b1\u03c0\u03cc \u03c4\u03bf \u0399\u03cc\u03bd\u03b9\u03bf \u03a0\u03ad\u03bb\u03b1\u03b3\u03bf\u03c2 \u03ba\u03b1\u03b9 \u03c3\u03c4\u03b7\u03bd \u03c0\u03b1\u03c1\u03ac\u03ba\u03c4\u03b9\u03b1 \u03b6\u03ce\u03bd\u03b7 \u03b8\u03b1 \u03c3\u03c5\u03bd\u03b1\u03bd\u03c4\u03ae\u03c3\u03b5\u03b9\u03c2 \u03c0\u03c1\u03b1\u03b3\u03bc\u03b1\u03c4\u03b9\u03ba\u03ac \u03bc\u03bf\u03bd\u03b1\u03b4\u03b9\u03ba\u03ad\u03c2 \u03c0\u03b1\u03c1\u03b1\u03bb\u03af\u03b5\u03c2.","twitter:image":"https:\/\/rentacarigoumenitsa.gr\/wp-content\/uploads\/2023\/12\/fb-cover.jpg"},"aioseo_meta_data":{"post_id":"254","title":"Riviera di Thesprotia - Igoumenitsa, Sivota, Plataria, Glyki","description":"Una regione e una prefettura bagnata dal Mar Ionio e nella cui zona costiera si trovano spiagge davvero uniche.","keywords":[],"keyphrases":{"focus":{"keyphrase":"","score":0,"analysis":{"keyphraseInTitle":{"score":0,"maxScore":9,"error":1}}},"additional":[]},"primary_term":null,"canonical_url":null,"og_title":null,"og_description":null,"og_object_type":"default","og_image_type":"default","og_image_url":null,"og_image_width":null,"og_image_height":null,"og_image_custom_url":null,"og_image_custom_fields":null,"og_video":"","og_custom_url":null,"og_article_section":null,"og_article_tags":[],"twitter_use_og":false,"twitter_card":"default","twitter_image_type":"default","twitter_image_url":null,"twitter_image_custom_url":null,"twitter_image_custom_fields":null,"twitter_title":null,"twitter_description":null,"schema":{"blockGraphs":[],"customGraphs":[],"default":{"data":{"Article":[],"Course":[],"Dataset":[],"FAQPage":[],"Movie":[],"Person":[],"Product":[],"ProductReview":[],"Car":[],"Recipe":[],"Service":[],"SoftwareApplication":[],"WebPage":[]},"graphName":"BlogPosting","isEnabled":true},"graphs":[]},"schema_type":"default","schema_type_options":null,"pillar_content":false,"robots_default":true,"robots_noindex":false,"robots_noarchive":false,"robots_nosnippet":false,"robots_nofollow":false,"robots_noimageindex":false,"robots_noodp":false,"robots_notranslate":false,"robots_max_snippet":"-1","robots_max_videopreview":"-1","robots_max_imagepreview":"large","priority":null,"frequency":"default","local_seo":null,"seo_analyzer_scan_date":"2025-09-19 10:30:23","breadcrumb_settings":null,"limit_modified_date":false,"open_ai":"{\"title\":{\"suggestions\":[],\"usage\":0},\"description\":{\"suggestions\":[],\"usage\":0}}","ai":null,"created":"2023-12-06 09:20:23","updated":"2025-12-03 13:22:12"},"aioseo_breadcrumb":"<div class=\"aioseo-breadcrumbs\"><span class=\"aioseo-breadcrumb\">\n\t<a href=\"https:\/\/rentacarigoumenitsa.gr\/it\" title=\"Home\">Home<\/a>\n<\/span><span class=\"aioseo-breadcrumb-separator\">&raquo;<\/span><span class=\"aioseo-breadcrumb\">\n\t<a href=\"https:\/\/rentacarigoumenitsa.gr\/it\/category\/%cf%84%ce%bf%cf%85%cf%81%ce%b9%cf%83%ce%bc%cf%8c%cf%82-epirus\/\" title=\"\u03a4\u03bf\u03c5\u03c1\u03b9\u03c3\u03bc\u03cc\u03c2 - \u0389\u03c0\u03b5\u03b9\u03c1\u03bf\u03c2\">\u03a4\u03bf\u03c5\u03c1\u03b9\u03c3\u03bc\u03cc\u03c2 - \u0389\u03c0\u03b5\u03b9\u03c1\u03bf\u03c2<\/a>\n<\/span><span class=\"aioseo-breadcrumb-separator\">&raquo;<\/span><span class=\"aioseo-breadcrumb\">\n\t\u0397 \u0398\u03b5\u03c3\u03c0\u03c1\u03c9\u03c4\u03b9\u03ba\u03ae \u03a1\u03b9\u03b2\u03b9\u03ad\u03c1\u03b1\n<\/span><\/div>","aioseo_breadcrumb_json":[{"label":"Home","link":"https:\/\/rentacarigoumenitsa.gr\/it"},{"label":"\u03a4\u03bf\u03c5\u03c1\u03b9\u03c3\u03bc\u03cc\u03c2 - \u0389\u03c0\u03b5\u03b9\u03c1\u03bf\u03c2","link":"https:\/\/rentacarigoumenitsa.gr\/it\/category\/%cf%84%ce%bf%cf%85%cf%81%ce%b9%cf%83%ce%bc%cf%8c%cf%82-epirus\/"},{"label":"\u0397 \u0398\u03b5\u03c3\u03c0\u03c1\u03c9\u03c4\u03b9\u03ba\u03ae \u03a1\u03b9\u03b2\u03b9\u03ad\u03c1\u03b1","link":"https:\/\/rentacarigoumenitsa.gr\/it\/%ce%b7-%ce%b8%ce%b5%cf%83%cf%80%cf%81%cf%89%cf%84%ce%b9%ce%ba%ce%ae-%cf%81%ce%b9%ce%b2%ce%b9%ce%ad%cf%81%ce%b1\/"}],"_links":{"self":[{"href":"https:\/\/rentacarigoumenitsa.gr\/it\/wp-json\/wp\/v2\/posts\/254","targetHints":{"allow":["GET"]}}],"collection":[{"href":"https:\/\/rentacarigoumenitsa.gr\/it\/wp-json\/wp\/v2\/posts"}],"about":[{"href":"https:\/\/rentacarigoumenitsa.gr\/it\/wp-json\/wp\/v2\/types\/post"}],"author":[{"embeddable":true,"href":"https:\/\/rentacarigoumenitsa.gr\/it\/wp-json\/wp\/v2\/users\/1"}],"replies":[{"embeddable":true,"href":"https:\/\/rentacarigoumenitsa.gr\/it\/wp-json\/wp\/v2\/comments?post=254"}],"version-history":[{"count":4,"href":"https:\/\/rentacarigoumenitsa.gr\/it\/wp-json\/wp\/v2\/posts\/254\/revisions"}],"predecessor-version":[{"id":261,"href":"https:\/\/rentacarigoumenitsa.gr\/it\/wp-json\/wp\/v2\/posts\/254\/revisions\/261"}],"wp:featuredmedia":[{"embeddable":true,"href":"https:\/\/rentacarigoumenitsa.gr\/it\/wp-json\/wp\/v2\/media\/255"}],"wp:attachment":[{"href":"https:\/\/rentacarigoumenitsa.gr\/it\/wp-json\/wp\/v2\/media?parent=254"}],"wp:term":[{"taxonomy":"category","embeddable":true,"href":"https:\/\/rentacarigoumenitsa.gr\/it\/wp-json\/wp\/v2\/categories?post=254"},{"taxonomy":"post_tag","embeddable":true,"href":"https:\/\/rentacarigoumenitsa.gr\/it\/wp-json\/wp\/v2\/tags?post=254"}],"curies":[{"name":"wp","href":"https:\/\/api.w.org\/{rel}","templated":true}]}}