{"id":411,"date":"2025-07-19T18:56:50","date_gmt":"2025-07-19T15:56:50","guid":{"rendered":"https:\/\/rentacarigoumenitsa.gr\/?p=411"},"modified":"2025-07-19T18:56:57","modified_gmt":"2025-07-19T15:56:57","slug":"aftokinito-i-michani-ti-symferei-perissotero-stis-diakopes","status":"publish","type":"post","link":"https:\/\/rentacarigoumenitsa.gr\/de\/aftokinito-i-michani-ti-symferei-perissotero-stis-diakopes\/","title":{"rendered":"Auto oder Motorrad? Was ist im Urlaub vorteilhafter"},"content":{"rendered":"<p>Wenn es an der Zeit ist, Ihren Urlaub in Griechenland oder im Ausland zu organisieren, ist eine der wichtigsten Entscheidungen, wie Sie sich fortbewegen. Entscheiden Sie sich f\u00fcr den Komfort und die Sicherheit eines Autos oder bevorzugen Sie die Freiheit und Luft eines Motorrads? Die Entscheidung zwischen einem Auto und einem Motorrad f\u00fcr den Urlaub ist nicht immer einfach und h\u00e4ngt von vielen Faktoren ab: dem Reiseziel, der Art der Reise, dem Budget und Ihrem Lebensstil. Schauen wir uns die Vor- und Nachteile der beiden Optionen genauer an, damit Sie entscheiden k\u00f6nnen, welches Verkehrsmittel f\u00fcr Sie in diesem Sommer am besten geeignet ist.<\/p>\n\n\n\n<h3 class=\"wp-block-heading\"><strong>Freiheit oder Komfort? Der erste gro\u00dfe Unterschied<\/strong><\/h3>\n\n\n\n<p>Der erste und grundlegendste Unterschied ist die <strong>Art der Erfahrung<\/strong>. Die Maschine bietet das ultimative Gef\u00fchl von Freiheit. Man ist der Landschaft n\u00e4her, sp\u00fcrt die Luft, das Licht, die Ger\u00fcche, und jede Fahrt wird zu einem Erlebnis. Auf der anderen Seite bietet das Auto <strong>Komfort, Sicherheit und Stabilit\u00e4t<\/strong>. Er ist ideal, wenn Sie mit der Familie oder Freunden reisen oder viel Gep\u00e4ck haben.<\/p>\n\n\n\n<p>Wenn Sie also einen Roadtrip zu Inseln oder in bergige Gegenden planen und Ihnen die Sonne oder ein Helm nichts ausmachen, ist das Fahrrad perfekt. Aber wenn Sie Komfort, eine Klimaanlage und Platz brauchen, ist das Auto Ihr Verb\u00fcndeter.<\/p>\n\n\n\n<h3 class=\"wp-block-heading\"><strong>Die wirtschaftliche Frage: Was ist billiger?<\/strong><\/h3>\n\n\n\n<p>Allgemeines, <strong>eine Maschine zu mieten ist wirtschaftlicher<\/strong> von der <a href=\"https:\/\/rentacarigoumenitsa.gr\/de\/shop\/\">Autovermietung<\/a>sowohl im Tageswert als auch im Kraftstoffverbrauch. Au\u00dferdem zahlen die Maschinen (in einigen F\u00e4llen) keine Mautgeb\u00fchren, sind billiger im Unterhalt und g\u00fcnstiger zu versichern.<\/p>\n\n\n\n<p>Sie sollten jedoch auch Folgendes ber\u00fccksichtigen <strong>die zus\u00e4tzlichen Kosten<\/strong>. Zum Beispiel kann ein Helm, ein zweiter Helm oder eine wasserdichte Ausr\u00fcstung extra berechnet werden. Auf der anderen Seite verbrauchen Autos mehr, bieten aber vollen Wetterschutz und ben\u00f6tigen oft kein zus\u00e4tzliches Zubeh\u00f6r.<\/p>\n\n\n\n<h3 class=\"wp-block-heading\"><strong>Auf welche Weise werden Sie die Fahrt am besten genie\u00dfen?<\/strong><\/h3>\n\n\n\n<p>Die Erfahrung der Reise h\u00e4ngt von Ihrer Pers\u00f6nlichkeit ab. Wenn Sie <strong><a href=\"https:\/\/www.travel.gr\/experiences\/5-yperoches-ekdromes-stin-ellada-me-ayto\/\" target=\"_blank\" rel=\"noopener\" title=\"\">Abenteuerlustiger<\/a><\/strong>Wenn Sie keine Angst vor Hitze oder Regen haben und jeden Kilometer sp\u00fcren wollen, dann wird das Fahrrad Ihnen ein unvergessliches Erlebnis bieten. Es ist das Fahrzeug, das Sie der Natur, den Stra\u00dfen und den Menschen n\u00e4her bringt.<\/p>\n\n\n\n<p>Aber wenn Sie es vorziehen <strong>bequem reisen, ohne sich zu exponieren<\/strong>Das Auto ist die beste Wahl, wenn man Musik h\u00f6ren und Gesellschaft auf dem R\u00fccksitz oder Platz f\u00fcr Snacks und Gep\u00e4ck haben m\u00f6chte.<\/p>\n\n\n\n<h3 class=\"wp-block-heading\"><strong>Das Wetter und die Bedingungen am Zielort<\/strong><\/h3>\n\n\n\n<p>Ein weiteres Kriterium ist die <strong>Wetterbedingungen<\/strong> und die Topographie des Zielortes. Auf Inseln oder im Flachland ist die Maschine ideal. Sie k\u00f6nnen leicht parken, sich schnell bewegen und die K\u00fcstenroute genie\u00dfen.<\/p>\n\n\n\n<p>Aber wenn Sie zu <strong>Berggebiete<\/strong>In Regionen mit vielen Kurven oder unvorhersehbarem Wetter (z. B. Nordgriechenland oder Mitteleuropa) bietet das Auto Sicherheit und Stabilit\u00e4t, insbesondere wenn Sie Ausr\u00fcstung mitf\u00fchren oder mit Kindern reisen.<\/p>\n\n\n\n<h3 class=\"wp-block-heading\"><strong>Wie wichtig ist das Parken?<\/strong><\/h3>\n\n\n\n<p>Seien wir realistisch: in beliebten Touristenzielen wie Santorin, Parga oder dem Zentrum von Athen, <strong>Parken kann ein Alptraum sein<\/strong>. Der Motor hat hier einen gro\u00dfen Vorteil. Sie k\u00f6nnen problemlos parken, auch in engen Stra\u00dfen oder in Strandn\u00e4he.<\/p>\n\n\n\n<p>Das Auto braucht mehr Platz und oft auch bezahlte Parkpl\u00e4tze. Wenn Sie also planen, sich in Gebieten mit begrenztem Platz zu bewegen, denken Sie praktisch.<\/p>\n\n\n\n<p><strong>Wie \"geladen\" werden Sie sein?<\/strong><\/p>\n\n\n\n<p>Ein weiteres entscheidendes Element ist die <strong>Gep\u00e4ck<\/strong>. Wenn Sie vorhaben, viel Gep\u00e4ck, Eink\u00e4ufe oder Ausr\u00fcstung (z. B. Kindersitze, Tauch- oder Campingausr\u00fcstung) zu transportieren, bietet Ihnen das Auto <strong>vielf\u00e4ltige M\u00f6glichkeiten<\/strong>.<\/p>\n\n\n\n<p>Das Fahrrad hat bestimmte Grenzen, obwohl man mit einem Topcase und S\u00e4tteln das N\u00f6tigste mitnehmen kann. Aber wenn Sie zwei Personen sind, ist der Platz deutlich begrenzt.<\/p>\n\n\n\n<h3 class=\"wp-block-heading\"><strong>Gesellschaft oder einsame Reise?<\/strong><\/h3>\n\n\n\n<p>\u0397 <strong>Art der Reise<\/strong> die auch f\u00fcr Sie wichtig sind. Wenn Sie allein oder mit einem Freund\/Partner unterwegs sind und Motorrad-Erlebnisse lieben, dann ist das kein Problem. Wenn Sie jedoch mehr als eine Person oder eine Familie sind, ist das Auto eine Einbahnstra\u00dfe.<\/p>\n\n\n\n<p>Au\u00dferdem kann man sich im Auto unterhalten, Musik h\u00f6ren oder ein Kind bequem auf dem R\u00fccksitz schlafen lassen. Das Motorrad bietet diese Annehmlichkeiten nicht, obwohl es seinen ganz eigenen Charme hat.<\/p>\n\n\n\n<h3 class=\"wp-block-heading\"><strong>Sicherheit: Motorrad oder Auto?<\/strong><\/h3>\n\n\n\n<p>Zu diesem Thema <strong>Schutz<\/strong>ist das Auto \u00fcberlegen. Es hat Sicherheitsgurte, Airbags, Stabilit\u00e4t und ist vor Wetter- und Stra\u00dfenunbilden gesch\u00fctzt. Wenn Sie wenig Erfahrung mit dem Fahren eines Motorrads haben, ist es ratsam, vorsichtig zu sein, besonders in unbekannten Gebieten oder bei Regen.<\/p>\n\n\n\n<p>Die Maschine ben\u00f6tigt <strong>Erfahrung, Helm, Schutzausr\u00fcstung und Konzentration<\/strong>. Es ist sicher, wenn es richtig gefahren wird, aber die Expositionsrate ist h\u00f6her.<\/p>\n\n\n\n<h3 class=\"wp-block-heading\"><strong>Erfahrung in den Bereichen Fotografie, soziale Medien und visuelles Vergn\u00fcgen<\/strong><\/h3>\n\n\n\n<p>In einer Zeit, in der das Bild eine wichtige Rolle dabei spielt, wie wir unseren Urlaub erleben - und teilen -, beeinflusst auch das Transportmittel das Erlebnis visuell. Die Kamera erm\u00f6glicht den direkten Kontakt mit der Landschaft. Der Fahrer sieht, f\u00fchlt und fotografiert ohne Filter. Der Sonnenuntergang auf der Strecke, der Weg durch die Olivenhaine oder die Passage am Meer werden zu Erlebnissen, die sich leicht in einer Geschichte oder einer Filmrolle wiedergeben lassen.<\/p>\n\n\n\n<p>Wenn Sie ein Liebhaber von Fotografie und Reiseinhalten sind, bietet Ihnen die Kamera mehr Flexibilit\u00e4t, um anzuhalten, wo immer Sie wollen, Landschaften einzufangen oder unterwegs zu fotografieren. Auf der anderen Seite bietet das Auto zwar Komfort, schr\u00e4nkt aber die Unmittelbarkeit mit der Au\u00dfenwelt ein. Wenn Sie eher zum \"Sehen\" als zum \"F\u00fchlen\" unterwegs sind, dann ist das Auto vielleicht genau das Richtige f\u00fcr Sie. Wenn es Ihnen aber um die Interaktion mit der Natur und das authentische Festhalten von Momenten geht, dann ist die Kamera eindeutig die \"fotogenere\" Wahl.<\/p>\n\n\n\n<h3 class=\"wp-block-heading\"><strong>Wie weit wollen Sie fahren? M\u00f6glichkeit von Mehrtagesausfl\u00fcgen<\/strong><\/h3>\n\n\n\n<p>Die Urlaubsplanung ist oft mit langen Fahrten verbunden, mit dem Wechsel von einer Region zur anderen oder sogar mit einem Inselwechsel. Das Auto bietet <strong>gr\u00f6\u00dfere Autonomie<\/strong> und die M\u00f6glichkeit, Dinge f\u00fcr mehrt\u00e4gige Reisen zu transportieren. Wenn Sie vorhaben, alle paar Tage die Unterkunft zu wechseln, weit entfernte Orte zu besuchen oder alternative Routen zu w\u00e4hlen, ist die Praktikabilit\u00e4t eines Autos von unsch\u00e4tzbarem Wert.<\/p>\n\n\n\n<p>Stattdessen ist die Maschine vielseitiger f\u00fcr kurze Fahrten, vor allem im Nahbereich. Der t\u00e4gliche Weg vom Hotel zum Strand oder zu Sehensw\u00fcrdigkeiten wird mit dem Motorrad angenehmer. Bei Dauerfahrten mit Gep\u00e4ck und Passagieren ist das Auto jedoch in Sachen Komfort und Zweckm\u00e4\u00dfigkeit klar im Vorteil. Die Frage ist hier: \"Wollen Sie st\u00e4ndig reisen oder kurze Ausfl\u00fcge in die Umgebung Ihres Standorts unternehmen?\"<\/p>\n\n\n\n<h3 class=\"wp-block-heading\"><strong>&nbsp;Ideale Mittel je nach Insel oder Reiseziel<\/strong><\/h3>\n\n\n\n<p>Jedes Reiseziel hat seine eigenen Merkmale. Kreta, Rhodos oder Lesbos haben gro\u00dfe Entfernungen, H\u00fcgel und eine Vielfalt an Landschaften - da ist das Auto fast unverzichtbar. Kleinere Inseln wie Ios, Skopelos oder Koufonisia hingegen haben schmale Stra\u00dfen, wenig Verkehr und einen geringen Transportbedarf - hier ist das Motorrad K\u00f6nig.<\/p>\n\n\n\n<p>Ihre Wahl muss an die Bed\u00fcrfnisse der Kunden angepasst sein. <strong>Topographie des Reiseziels<\/strong>. Auf Inseln mit starkem Touristenverkehr und Parkplatzproblemen ist das Motorrad ein Segen. Im Hinterland des Peloponnes oder in Bergd\u00f6rfern hingegen machen die Sicherheit und Stabilit\u00e4t eines Autos den Unterschied. Hier gibt es kein \"richtig\" oder \"falsch\" - man muss sich nur an die Karte anpassen.<\/p>\n\n\n\n<h3 class=\"wp-block-heading\"><strong>&nbsp;Nachfrage, Verf\u00fcgbarkeit und Saisonabh\u00e4ngigkeit - Wann sollte geschlossen werden?<\/strong><\/h3>\n\n\n\n<p>Die von Ihnen gew\u00e4hlte Reisezeit hat gro\u00dfen Einfluss auf die von Ihnen gew\u00e4hlte Reisezeit. <strong>Verf\u00fcgbarkeit von Fahrzeugen<\/strong>. In den Spitzenmonaten (Juli, August) sind bei vielen Vermietern die Modelle ausverkauft - vor allem die preiswerten Kategorien. Auf den Inseln sind Motorr\u00e4der wegen der einfachen Fortbewegung sehr gefragt, w\u00e4hrend in den Reisezielen Economy- oder SUV-Autos der Renner sind.<\/p>\n\n\n\n<p>Es ist wichtig, fr\u00fchzeitig zu buchen und die Mietbedingungen sorgf\u00e4ltig zu lesen. Einige Unternehmen bieten g\u00fcnstigere Tarife f\u00fcr l\u00e4ngere Mietzeiten oder bei Vorauszahlung. Wenn Sie au\u00dferhalb der Hauptverkehrszeiten (Mai-Juni oder September) reisen, k\u00f6nnen Sie au\u00dferdem g\u00fcnstige Angebote f\u00fcr Autos und Motorr\u00e4der finden.<\/p>\n\n\n\n<p>Die Nachfrage bestimmt die Preise und die Verf\u00fcgbarkeit. \u00dcberlassen Sie die Buchung nicht der letzten Minute - ob es sich um ein Auto oder ein Motorrad handelt, fr\u00fchzeitige Organisation bedeutet <strong>bester Preis und beste Wahl<\/strong>.<\/p>\n\n\n\n<h3 class=\"wp-block-heading\"><strong>Die Entscheidung liegt bei Ihnen<\/strong><\/h3>\n\n\n\n<p>Wie Sie sehen k\u00f6nnen, gibt es keine <strong>eine richtige Antwort<\/strong>. Die Wahl zwischen Auto und Motor h\u00e4ngt davon ab:<\/p>\n\n\n\n<ul class=\"wp-block-list\">\n<li>Ihr Reiseziel<br><\/li>\n\n\n\n<li>Ihre Bed\u00fcrfnisse<br><\/li>\n\n\n\n<li>die Anzahl der Personen<br><\/li>\n\n\n\n<li>Ihr Budget<br><\/li>\n\n\n\n<li>und nat\u00fcrlich Ihr pers\u00f6nlicher Stil<br><\/li>\n<\/ul>\n\n\n\n<p>Wenn Sie Komfort, Sicherheit und die M\u00f6glichkeit, viele Dinge zu transportieren, w\u00fcnschen, w\u00e4hlen Sie ein Auto. Wenn Sie Abenteuer, Freiheit und ein intensiveres Reiseerlebnis suchen, dann ist ein Motorrad das Richtige f\u00fcr Sie.<\/p>\n\n\n\n<h3 class=\"wp-block-heading\"><strong>Schlussfolgerung: Treffen Sie die Wahl, die zu Ihrer Reise passt<\/strong><\/h3>\n\n\n\n<p>Urlaub ist eine einzigartige Gelegenheit, sich zu entspannen, neue Orte zu sehen und Erinnerungen zu sammeln. Die gew\u00e4hlte Fortbewegungsart kann einen gro\u00dfen Unterschied zu Ihren Erfahrungen machen. Ob mit dem Motorrad oder dem Auto, <strong>es ist wichtig, sich sicher, wohl und frei zu f\u00fchlen<\/strong> Beurteilen Sie die Art der Reise, die Sie unternehmen m\u00f6chten, die Bedingungen am Zielort und Ihre pers\u00f6nlichen Vorlieben. Und vergessen Sie nicht: Welches Fahrzeug Sie auch immer besteigen wollen, <strong>die wahre Reise beginnt immer in dir selbst<\/strong>..<\/p>","protected":false},"excerpt":{"rendered":"<p>\u038c\u03c4\u03b1\u03bd \u03ad\u03c1\u03c7\u03b5\u03c4\u03b1\u03b9 \u03b7 \u03ce\u03c1\u03b1 \u03bd\u03b1 \u03bf\u03c1\u03b3\u03b1\u03bd\u03ce\u03c3\u03b5\u03b9\u03c2 \u03c4\u03b9\u03c2 \u03b4\u03b9\u03b1\u03ba\u03bf\u03c0\u03ad\u03c2 \u03c3\u03bf\u03c5 \u03c3\u03c4\u03b7\u03bd \u0395\u03bb\u03bb\u03ac\u03b4\u03b1 \u03ae \u03c3\u03c4\u03bf \u03b5\u03be\u03c9\u03c4\u03b5\u03c1\u03b9\u03ba\u03cc, \u03bc\u03af\u03b1 \u03b1\u03c0\u03cc \u03c4\u03b9\u03c2 \u03c0\u03b9\u03bf \u03b2\u03b1\u03c3\u03b9\u03ba\u03ad\u03c2 \u03b1\u03c0\u03bf\u03c6\u03ac\u03c3\u03b5\u03b9\u03c2 \u03b5\u03af\u03bd\u03b1\u03b9 \u03c4\u03bf \u03c0\u03ce\u03c2 \u03b8\u03b1 \u03ba\u03b9\u03bd\u03b7\u03b8\u03b5\u03af\u03c2. \u0398\u03b1<span class=\"excerpt-hellip\"> [\u2026]<\/span><\/p>\n","protected":false},"author":1,"featured_media":412,"comment_status":"open","ping_status":"open","sticky":false,"template":"","format":"standard","meta":{"footnotes":""},"categories":[52],"tags":[53,66,89,54,56,88],"class_list":["post-411","post","type-post","status-publish","format-standard","has-post-thumbnail","hentry","category-52","tag-rent-a-car-igoumenitsa","tag-66","tag---2","tag-54","tag-56","tag-88"],"aioseo_notices":[],"aioseo_head":"\n\t\t<!-- All in One SEO Pro 4.9.4.2 - aioseo.com -->\n\t<meta name=\"description\" content=\"\u0398\u03b1 \u03b5\u03c0\u03b9\u03bb\u03ad\u03be\u03b5\u03b9\u03c2 \u03c4\u03b7\u03bd \u03ac\u03bd\u03b5\u03c3\u03b7 \u03ba\u03b1\u03b9 \u03c4\u03b7\u03bd \u03b1\u03c3\u03c6\u03ac\u03bb\u03b5\u03b9\u03b1 \u03b5\u03bd\u03cc\u03c2 \u03b1\u03c5\u03c4\u03bf\u03ba\u03b9\u03bd\u03ae\u03c4\u03bf\u03c5 \u03ae \u03b8\u03b1 \u03c0\u03c1\u03bf\u03c4\u03b9\u03bc\u03ae\u03c3\u03b5\u03b9\u03c2 \u03c4\u03b7\u03bd \u03b5\u03bb\u03b5\u03c5\u03b8\u03b5\u03c1\u03af\u03b1 \u03ba\u03b1\u03b9 \u03c4\u03bf\u03bd \u03b1\u03ad\u03c1\u03b1 \u03c4\u03b7\u03c2 \u03bc\u03b7\u03c7\u03b1\u03bd\u03ae\u03c2; \u0397 \u03b5\u03c0\u03b9\u03bb\u03bf\u03b3\u03ae \u03b3\u03b9\u03b1 \u03c4\u03b9\u03c2 \u03b4\u03b9\u03b1\u03ba\u03bf\u03c0\u03ad\u03c2 \u03b4\u03b5\u03bd \u03b5\u03af\u03bd\u03b1\u03b9 \u03b5\u03cd\u03ba\u03bf\u03bb\u03b7.\" \/>\n\t<meta name=\"robots\" content=\"max-image-preview:large\" \/>\n\t<meta name=\"author\" content=\"Rent A Car Igoumenitsa\"\/>\n\t<meta name=\"google-site-verification\" content=\"S6xm9OozgzUNlz1XGUsqKaiQUGsb8eKTPjRIqVmbJRU\" \/>\n\t<link rel=\"canonical\" href=\"https:\/\/rentacarigoumenitsa.gr\/de\/aftokinito-i-michani-ti-symferei-perissotero-stis-diakopes\/\" \/>\n\t<meta name=\"generator\" content=\"All in One SEO Pro (AIOSEO) 4.9.4.2\" \/>\n\t\t<meta property=\"og:locale\" content=\"de_DE\" \/>\n\t\t<meta property=\"og:site_name\" content=\"Rent A Car Igoumenitsa -\" \/>\n\t\t<meta property=\"og:type\" content=\"article\" \/>\n\t\t<meta property=\"og:title\" content=\"\u0391\u03c5\u03c4\u03bf\u03ba\u03af\u03bd\u03b7\u03c4\u03bf \u03ae \u03bc\u03b7\u03c7\u03b1\u03bd\u03ae; \u03a4\u03b9 \u03c3\u03c5\u03bc\u03c6\u03ad\u03c1\u03b5\u03b9 \u03c0\u03b5\u03c1\u03b9\u03c3\u03c3\u03cc\u03c4\u03b5\u03c1\u03bf \u03c3\u03c4\u03b9\u03c2 \u03b4\u03b9\u03b1\u03ba\u03bf\u03c0\u03ad\u03c2\" \/>\n\t\t<meta property=\"og:description\" content=\"\u0398\u03b1 \u03b5\u03c0\u03b9\u03bb\u03ad\u03be\u03b5\u03b9\u03c2 \u03c4\u03b7\u03bd \u03ac\u03bd\u03b5\u03c3\u03b7 \u03ba\u03b1\u03b9 \u03c4\u03b7\u03bd \u03b1\u03c3\u03c6\u03ac\u03bb\u03b5\u03b9\u03b1 \u03b5\u03bd\u03cc\u03c2 \u03b1\u03c5\u03c4\u03bf\u03ba\u03b9\u03bd\u03ae\u03c4\u03bf\u03c5 \u03ae \u03b8\u03b1 \u03c0\u03c1\u03bf\u03c4\u03b9\u03bc\u03ae\u03c3\u03b5\u03b9\u03c2 \u03c4\u03b7\u03bd \u03b5\u03bb\u03b5\u03c5\u03b8\u03b5\u03c1\u03af\u03b1 \u03ba\u03b1\u03b9 \u03c4\u03bf\u03bd \u03b1\u03ad\u03c1\u03b1 \u03c4\u03b7\u03c2 \u03bc\u03b7\u03c7\u03b1\u03bd\u03ae\u03c2; \u0397 \u03b5\u03c0\u03b9\u03bb\u03bf\u03b3\u03ae \u03b3\u03b9\u03b1 \u03c4\u03b9\u03c2 \u03b4\u03b9\u03b1\u03ba\u03bf\u03c0\u03ad\u03c2 \u03b4\u03b5\u03bd \u03b5\u03af\u03bd\u03b1\u03b9 \u03b5\u03cd\u03ba\u03bf\u03bb\u03b7.\" \/>\n\t\t<meta property=\"og:url\" content=\"https:\/\/rentacarigoumenitsa.gr\/de\/aftokinito-i-michani-ti-symferei-perissotero-stis-diakopes\/\" \/>\n\t\t<meta property=\"og:image\" content=\"https:\/\/rentacarigoumenitsa.gr\/wp-content\/uploads\/2025\/07\/kgvjn.png\" \/>\n\t\t<meta property=\"og:image:secure_url\" content=\"https:\/\/rentacarigoumenitsa.gr\/wp-content\/uploads\/2025\/07\/kgvjn.png\" \/>\n\t\t<meta property=\"og:image:width\" content=\"1080\" \/>\n\t\t<meta property=\"og:image:height\" content=\"1080\" \/>\n\t\t<meta property=\"article:published_time\" content=\"2025-07-19T15:56:50+00:00\" \/>\n\t\t<meta property=\"article:modified_time\" content=\"2025-07-19T15:56:57+00:00\" \/>\n\t\t<meta property=\"article:publisher\" content=\"https:\/\/www.facebook.com\/rentacarigoumenitsa\/\" \/>\n\t\t<meta name=\"twitter:card\" content=\"summary_large_image\" \/>\n\t\t<meta name=\"twitter:title\" content=\"\u0391\u03c5\u03c4\u03bf\u03ba\u03af\u03bd\u03b7\u03c4\u03bf \u03ae \u03bc\u03b7\u03c7\u03b1\u03bd\u03ae; \u03a4\u03b9 \u03c3\u03c5\u03bc\u03c6\u03ad\u03c1\u03b5\u03b9 \u03c0\u03b5\u03c1\u03b9\u03c3\u03c3\u03cc\u03c4\u03b5\u03c1\u03bf \u03c3\u03c4\u03b9\u03c2 \u03b4\u03b9\u03b1\u03ba\u03bf\u03c0\u03ad\u03c2\" \/>\n\t\t<meta name=\"twitter:description\" content=\"\u0398\u03b1 \u03b5\u03c0\u03b9\u03bb\u03ad\u03be\u03b5\u03b9\u03c2 \u03c4\u03b7\u03bd \u03ac\u03bd\u03b5\u03c3\u03b7 \u03ba\u03b1\u03b9 \u03c4\u03b7\u03bd \u03b1\u03c3\u03c6\u03ac\u03bb\u03b5\u03b9\u03b1 \u03b5\u03bd\u03cc\u03c2 \u03b1\u03c5\u03c4\u03bf\u03ba\u03b9\u03bd\u03ae\u03c4\u03bf\u03c5 \u03ae \u03b8\u03b1 \u03c0\u03c1\u03bf\u03c4\u03b9\u03bc\u03ae\u03c3\u03b5\u03b9\u03c2 \u03c4\u03b7\u03bd \u03b5\u03bb\u03b5\u03c5\u03b8\u03b5\u03c1\u03af\u03b1 \u03ba\u03b1\u03b9 \u03c4\u03bf\u03bd \u03b1\u03ad\u03c1\u03b1 \u03c4\u03b7\u03c2 \u03bc\u03b7\u03c7\u03b1\u03bd\u03ae\u03c2; \u0397 \u03b5\u03c0\u03b9\u03bb\u03bf\u03b3\u03ae \u03b3\u03b9\u03b1 \u03c4\u03b9\u03c2 \u03b4\u03b9\u03b1\u03ba\u03bf\u03c0\u03ad\u03c2 \u03b4\u03b5\u03bd \u03b5\u03af\u03bd\u03b1\u03b9 \u03b5\u03cd\u03ba\u03bf\u03bb\u03b7.\" \/>\n\t\t<meta name=\"twitter:image\" content=\"https:\/\/rentacarigoumenitsa.gr\/wp-content\/uploads\/2023\/12\/fb-cover.jpg\" \/>\n\t\t<script type=\"application\/ld+json\" class=\"aioseo-schema\">\n\t\t\t{\"@context\":\"https:\\\/\\\/schema.org\",\"@graph\":[{\"@type\":\"BlogPosting\",\"@id\":\"https:\\\/\\\/rentacarigoumenitsa.gr\\\/de\\\/aftokinito-i-michani-ti-symferei-perissotero-stis-diakopes\\\/#blogposting\",\"name\":\"\\u0391\\u03c5\\u03c4\\u03bf\\u03ba\\u03af\\u03bd\\u03b7\\u03c4\\u03bf \\u03ae \\u03bc\\u03b7\\u03c7\\u03b1\\u03bd\\u03ae; \\u03a4\\u03b9 \\u03c3\\u03c5\\u03bc\\u03c6\\u03ad\\u03c1\\u03b5\\u03b9 \\u03c0\\u03b5\\u03c1\\u03b9\\u03c3\\u03c3\\u03cc\\u03c4\\u03b5\\u03c1\\u03bf \\u03c3\\u03c4\\u03b9\\u03c2 \\u03b4\\u03b9\\u03b1\\u03ba\\u03bf\\u03c0\\u03ad\\u03c2\",\"headline\":\"\\u0391\\u03c5\\u03c4\\u03bf\\u03ba\\u03af\\u03bd\\u03b7\\u03c4\\u03bf \\u03ae \\u03bc\\u03b7\\u03c7\\u03b1\\u03bd\\u03ae; \\u03a4\\u03b9 \\u03c3\\u03c5\\u03bc\\u03c6\\u03ad\\u03c1\\u03b5\\u03b9 \\u03c0\\u03b5\\u03c1\\u03b9\\u03c3\\u03c3\\u03cc\\u03c4\\u03b5\\u03c1\\u03bf \\u03c3\\u03c4\\u03b9\\u03c2 \\u03b4\\u03b9\\u03b1\\u03ba\\u03bf\\u03c0\\u03ad\\u03c2\",\"author\":{\"@id\":\"https:\\\/\\\/rentacarigoumenitsa.gr\\\/de\\\/author\\\/r234digou\\\/#author\"},\"publisher\":{\"@id\":\"https:\\\/\\\/rentacarigoumenitsa.gr\\\/de\\\/#organization\"},\"image\":{\"@type\":\"ImageObject\",\"url\":\"https:\\\/\\\/rentacarigoumenitsa.gr\\\/wp-content\\\/uploads\\\/2025\\\/07\\\/kgvjn.png\",\"width\":1080,\"height\":1080},\"datePublished\":\"2025-07-19T18:56:50+03:00\",\"dateModified\":\"2025-07-19T18:56:57+03:00\",\"inLanguage\":\"de-DE\",\"mainEntityOfPage\":{\"@id\":\"https:\\\/\\\/rentacarigoumenitsa.gr\\\/de\\\/aftokinito-i-michani-ti-symferei-perissotero-stis-diakopes\\\/#webpage\"},\"isPartOf\":{\"@id\":\"https:\\\/\\\/rentacarigoumenitsa.gr\\\/de\\\/aftokinito-i-michani-ti-symferei-perissotero-stis-diakopes\\\/#webpage\"},\"articleSection\":\"\\u0395\\u03bd\\u03bf\\u03b9\\u03ba\\u03af\\u03b1\\u03c3\\u03b7 \\u0391\\u03c5\\u03c4\\u03bf\\u03ba\\u03b9\\u03bd\\u03ae\\u03c4\\u03bf\\u03c5, rent a car igoumenitsa, \\u03b5\\u03bb\\u03bb\\u03ac\\u03b4\\u03b1, \\u0395\\u03bd\\u03bf\\u03b9\\u03ba\\u03af\\u03b1\\u03c3\\u03b7 \\u0391\\u03c5\\u03c4\\u03bf\\u03ba\\u03b9\\u03bd\\u03ae\\u03c4\\u03bf\\u03c5, \\u03b5\\u03bd\\u03bf\\u03b9\\u03ba\\u03af\\u03b1\\u03c3\\u03b7 \\u03b1\\u03c5\\u03c4\\u03bf\\u03ba\\u03b9\\u03bd\\u03ae\\u03c4\\u03bf\\u03c5, \\u03b7\\u03b3\\u03bf\\u03c5\\u03bc\\u03b5\\u03bd\\u03af\\u03c4\\u03c3\\u03b1, \\u03a4\\u03bf\\u03c5\\u03c1\\u03b9\\u03c3\\u03bc\\u03cc\\u03c2\"},{\"@type\":\"BreadcrumbList\",\"@id\":\"https:\\\/\\\/rentacarigoumenitsa.gr\\\/de\\\/aftokinito-i-michani-ti-symferei-perissotero-stis-diakopes\\\/#breadcrumblist\",\"itemListElement\":[{\"@type\":\"ListItem\",\"@id\":\"https:\\\/\\\/rentacarigoumenitsa.gr\\\/de#listItem\",\"position\":1,\"name\":\"Home\",\"item\":\"https:\\\/\\\/rentacarigoumenitsa.gr\\\/de\",\"nextItem\":{\"@type\":\"ListItem\",\"@id\":\"https:\\\/\\\/rentacarigoumenitsa.gr\\\/de\\\/category\\\/%ce%b5%ce%bd%ce%bf%ce%b9%ce%ba%ce%af%ce%b1%cf%83%ce%b7-%ce%b1%cf%85%cf%84%ce%bf%ce%ba%ce%b9%ce%bd%ce%ae%cf%84%ce%bf%cf%85\\\/#listItem\",\"name\":\"\\u0395\\u03bd\\u03bf\\u03b9\\u03ba\\u03af\\u03b1\\u03c3\\u03b7 \\u0391\\u03c5\\u03c4\\u03bf\\u03ba\\u03b9\\u03bd\\u03ae\\u03c4\\u03bf\\u03c5\"}},{\"@type\":\"ListItem\",\"@id\":\"https:\\\/\\\/rentacarigoumenitsa.gr\\\/de\\\/category\\\/%ce%b5%ce%bd%ce%bf%ce%b9%ce%ba%ce%af%ce%b1%cf%83%ce%b7-%ce%b1%cf%85%cf%84%ce%bf%ce%ba%ce%b9%ce%bd%ce%ae%cf%84%ce%bf%cf%85\\\/#listItem\",\"position\":2,\"name\":\"\\u0395\\u03bd\\u03bf\\u03b9\\u03ba\\u03af\\u03b1\\u03c3\\u03b7 \\u0391\\u03c5\\u03c4\\u03bf\\u03ba\\u03b9\\u03bd\\u03ae\\u03c4\\u03bf\\u03c5\",\"item\":\"https:\\\/\\\/rentacarigoumenitsa.gr\\\/de\\\/category\\\/%ce%b5%ce%bd%ce%bf%ce%b9%ce%ba%ce%af%ce%b1%cf%83%ce%b7-%ce%b1%cf%85%cf%84%ce%bf%ce%ba%ce%b9%ce%bd%ce%ae%cf%84%ce%bf%cf%85\\\/\",\"nextItem\":{\"@type\":\"ListItem\",\"@id\":\"https:\\\/\\\/rentacarigoumenitsa.gr\\\/de\\\/aftokinito-i-michani-ti-symferei-perissotero-stis-diakopes\\\/#listItem\",\"name\":\"\\u0391\\u03c5\\u03c4\\u03bf\\u03ba\\u03af\\u03bd\\u03b7\\u03c4\\u03bf \\u03ae \\u03bc\\u03b7\\u03c7\\u03b1\\u03bd\\u03ae; \\u03a4\\u03b9 \\u03c3\\u03c5\\u03bc\\u03c6\\u03ad\\u03c1\\u03b5\\u03b9 \\u03c0\\u03b5\\u03c1\\u03b9\\u03c3\\u03c3\\u03cc\\u03c4\\u03b5\\u03c1\\u03bf \\u03c3\\u03c4\\u03b9\\u03c2 \\u03b4\\u03b9\\u03b1\\u03ba\\u03bf\\u03c0\\u03ad\\u03c2\"},\"previousItem\":{\"@type\":\"ListItem\",\"@id\":\"https:\\\/\\\/rentacarigoumenitsa.gr\\\/de#listItem\",\"name\":\"Home\"}},{\"@type\":\"ListItem\",\"@id\":\"https:\\\/\\\/rentacarigoumenitsa.gr\\\/de\\\/aftokinito-i-michani-ti-symferei-perissotero-stis-diakopes\\\/#listItem\",\"position\":3,\"name\":\"\\u0391\\u03c5\\u03c4\\u03bf\\u03ba\\u03af\\u03bd\\u03b7\\u03c4\\u03bf \\u03ae \\u03bc\\u03b7\\u03c7\\u03b1\\u03bd\\u03ae; \\u03a4\\u03b9 \\u03c3\\u03c5\\u03bc\\u03c6\\u03ad\\u03c1\\u03b5\\u03b9 \\u03c0\\u03b5\\u03c1\\u03b9\\u03c3\\u03c3\\u03cc\\u03c4\\u03b5\\u03c1\\u03bf \\u03c3\\u03c4\\u03b9\\u03c2 \\u03b4\\u03b9\\u03b1\\u03ba\\u03bf\\u03c0\\u03ad\\u03c2\",\"previousItem\":{\"@type\":\"ListItem\",\"@id\":\"https:\\\/\\\/rentacarigoumenitsa.gr\\\/de\\\/category\\\/%ce%b5%ce%bd%ce%bf%ce%b9%ce%ba%ce%af%ce%b1%cf%83%ce%b7-%ce%b1%cf%85%cf%84%ce%bf%ce%ba%ce%b9%ce%bd%ce%ae%cf%84%ce%bf%cf%85\\\/#listItem\",\"name\":\"\\u0395\\u03bd\\u03bf\\u03b9\\u03ba\\u03af\\u03b1\\u03c3\\u03b7 \\u0391\\u03c5\\u03c4\\u03bf\\u03ba\\u03b9\\u03bd\\u03ae\\u03c4\\u03bf\\u03c5\"}}]},{\"@type\":\"Organization\",\"@id\":\"https:\\\/\\\/rentacarigoumenitsa.gr\\\/de\\\/#organization\",\"name\":\"Rent A Car Igoumenitsa\",\"url\":\"https:\\\/\\\/rentacarigoumenitsa.gr\\\/de\\\/\",\"email\":\"igourent@gmail.com\",\"telephone\":\"+302665027666\",\"logo\":{\"@type\":\"ImageObject\",\"url\":\"https:\\\/\\\/rentacarigoumenitsa.gr\\\/wp-content\\\/uploads\\\/2023\\\/11\\\/logo-mobile.png\",\"@id\":\"https:\\\/\\\/rentacarigoumenitsa.gr\\\/de\\\/aftokinito-i-michani-ti-symferei-perissotero-stis-diakopes\\\/#organizationLogo\",\"width\":250,\"height\":100},\"image\":{\"@id\":\"https:\\\/\\\/rentacarigoumenitsa.gr\\\/de\\\/aftokinito-i-michani-ti-symferei-perissotero-stis-diakopes\\\/#organizationLogo\"},\"sameAs\":[\"https:\\\/\\\/www.facebook.com\\\/rentacarigoumenitsa\\\/\",\"https:\\\/\\\/www.instagram.com\\\/rentcarigoumenitsa\\\/\",\"https:\\\/\\\/www.youtube.com\\\/@rentacarigoumenitsa\"],\"address\":{\"@id\":\"https:\\\/\\\/rentacarigoumenitsa.gr\\\/de\\\/#postaladdress\",\"@type\":\"PostalAddress\",\"streetAddress\":\"Agion Apostolon 39-41,\",\"postalCode\":\"46100\",\"addressLocality\":\"Igoumenitsa\",\"addressRegion\":\"Thesprotia\",\"addressCountry\":\"GR\"},\"vatID\":\"EL121704960\"},{\"@type\":\"Person\",\"@id\":\"https:\\\/\\\/rentacarigoumenitsa.gr\\\/de\\\/author\\\/r234digou\\\/#author\",\"url\":\"https:\\\/\\\/rentacarigoumenitsa.gr\\\/de\\\/author\\\/r234digou\\\/\",\"name\":\"Rent A Car Igoumenitsa\",\"image\":{\"@type\":\"ImageObject\",\"@id\":\"https:\\\/\\\/rentacarigoumenitsa.gr\\\/de\\\/aftokinito-i-michani-ti-symferei-perissotero-stis-diakopes\\\/#authorImage\",\"url\":\"https:\\\/\\\/secure.gravatar.com\\\/avatar\\\/b0b84ab4d14d5f8ae68249bf4101f022df1c7a8f51673576528c824772929605?s=96&d=mm&r=g\",\"width\":96,\"height\":96,\"caption\":\"Rent A Car Igoumenitsa\"}},{\"@type\":\"WebPage\",\"@id\":\"https:\\\/\\\/rentacarigoumenitsa.gr\\\/de\\\/aftokinito-i-michani-ti-symferei-perissotero-stis-diakopes\\\/#webpage\",\"url\":\"https:\\\/\\\/rentacarigoumenitsa.gr\\\/de\\\/aftokinito-i-michani-ti-symferei-perissotero-stis-diakopes\\\/\",\"name\":\"\\u0391\\u03c5\\u03c4\\u03bf\\u03ba\\u03af\\u03bd\\u03b7\\u03c4\\u03bf \\u03ae \\u03bc\\u03b7\\u03c7\\u03b1\\u03bd\\u03ae; \\u03a4\\u03b9 \\u03c3\\u03c5\\u03bc\\u03c6\\u03ad\\u03c1\\u03b5\\u03b9 \\u03c0\\u03b5\\u03c1\\u03b9\\u03c3\\u03c3\\u03cc\\u03c4\\u03b5\\u03c1\\u03bf \\u03c3\\u03c4\\u03b9\\u03c2 \\u03b4\\u03b9\\u03b1\\u03ba\\u03bf\\u03c0\\u03ad\\u03c2\",\"description\":\"\\u0398\\u03b1 \\u03b5\\u03c0\\u03b9\\u03bb\\u03ad\\u03be\\u03b5\\u03b9\\u03c2 \\u03c4\\u03b7\\u03bd \\u03ac\\u03bd\\u03b5\\u03c3\\u03b7 \\u03ba\\u03b1\\u03b9 \\u03c4\\u03b7\\u03bd \\u03b1\\u03c3\\u03c6\\u03ac\\u03bb\\u03b5\\u03b9\\u03b1 \\u03b5\\u03bd\\u03cc\\u03c2 \\u03b1\\u03c5\\u03c4\\u03bf\\u03ba\\u03b9\\u03bd\\u03ae\\u03c4\\u03bf\\u03c5 \\u03ae \\u03b8\\u03b1 \\u03c0\\u03c1\\u03bf\\u03c4\\u03b9\\u03bc\\u03ae\\u03c3\\u03b5\\u03b9\\u03c2 \\u03c4\\u03b7\\u03bd \\u03b5\\u03bb\\u03b5\\u03c5\\u03b8\\u03b5\\u03c1\\u03af\\u03b1 \\u03ba\\u03b1\\u03b9 \\u03c4\\u03bf\\u03bd \\u03b1\\u03ad\\u03c1\\u03b1 \\u03c4\\u03b7\\u03c2 \\u03bc\\u03b7\\u03c7\\u03b1\\u03bd\\u03ae\\u03c2; \\u0397 \\u03b5\\u03c0\\u03b9\\u03bb\\u03bf\\u03b3\\u03ae \\u03b3\\u03b9\\u03b1 \\u03c4\\u03b9\\u03c2 \\u03b4\\u03b9\\u03b1\\u03ba\\u03bf\\u03c0\\u03ad\\u03c2 \\u03b4\\u03b5\\u03bd \\u03b5\\u03af\\u03bd\\u03b1\\u03b9 \\u03b5\\u03cd\\u03ba\\u03bf\\u03bb\\u03b7.\",\"inLanguage\":\"de-DE\",\"isPartOf\":{\"@id\":\"https:\\\/\\\/rentacarigoumenitsa.gr\\\/de\\\/#website\"},\"breadcrumb\":{\"@id\":\"https:\\\/\\\/rentacarigoumenitsa.gr\\\/de\\\/aftokinito-i-michani-ti-symferei-perissotero-stis-diakopes\\\/#breadcrumblist\"},\"author\":{\"@id\":\"https:\\\/\\\/rentacarigoumenitsa.gr\\\/de\\\/author\\\/r234digou\\\/#author\"},\"creator\":{\"@id\":\"https:\\\/\\\/rentacarigoumenitsa.gr\\\/de\\\/author\\\/r234digou\\\/#author\"},\"image\":{\"@type\":\"ImageObject\",\"url\":\"https:\\\/\\\/rentacarigoumenitsa.gr\\\/wp-content\\\/uploads\\\/2025\\\/07\\\/kgvjn.png\",\"@id\":\"https:\\\/\\\/rentacarigoumenitsa.gr\\\/de\\\/aftokinito-i-michani-ti-symferei-perissotero-stis-diakopes\\\/#mainImage\",\"width\":1080,\"height\":1080},\"primaryImageOfPage\":{\"@id\":\"https:\\\/\\\/rentacarigoumenitsa.gr\\\/de\\\/aftokinito-i-michani-ti-symferei-perissotero-stis-diakopes\\\/#mainImage\"},\"datePublished\":\"2025-07-19T18:56:50+03:00\",\"dateModified\":\"2025-07-19T18:56:57+03:00\"},{\"@type\":\"WebSite\",\"@id\":\"https:\\\/\\\/rentacarigoumenitsa.gr\\\/de\\\/#website\",\"url\":\"https:\\\/\\\/rentacarigoumenitsa.gr\\\/de\\\/\",\"name\":\"Rent A Car Igoumenitsa\",\"alternateName\":\"\\u0395\\u03bd\\u03bf\\u03b9\\u03ba\\u03af\\u03b1\\u03c3\\u03b7 \\u03b1\\u03c5\\u03c4\\u03bf\\u03ba\\u03b9\\u03bd\\u03ae\\u03c4\\u03bf\\u03c5 \\u0397\\u03b3\\u03bf\\u03c5\\u03bc\\u03b5\\u03bd\\u03af\\u03c4\\u03c3\\u03b1\",\"inLanguage\":\"de-DE\",\"publisher\":{\"@id\":\"https:\\\/\\\/rentacarigoumenitsa.gr\\\/de\\\/#organization\"}}]}\n\t\t<\/script>\n\t\t<!-- All in One SEO Pro -->\r\n\t\t<title>\u0391\u03c5\u03c4\u03bf\u03ba\u03af\u03bd\u03b7\u03c4\u03bf \u03ae \u03bc\u03b7\u03c7\u03b1\u03bd\u03ae; \u03a4\u03b9 \u03c3\u03c5\u03bc\u03c6\u03ad\u03c1\u03b5\u03b9 \u03c0\u03b5\u03c1\u03b9\u03c3\u03c3\u03cc\u03c4\u03b5\u03c1\u03bf \u03c3\u03c4\u03b9\u03c2 \u03b4\u03b9\u03b1\u03ba\u03bf\u03c0\u03ad\u03c2<\/title>\n\n","aioseo_head_json":{"title":"Auto oder Motorrad? Was ist im Urlaub vorteilhafter","description":"Entscheiden Sie sich f\u00fcr den Komfort und die Sicherheit eines Autos oder f\u00fcr die Freiheit und Luft eines Motorrads? Die Wahl f\u00fcr den Urlaub ist nicht leicht.","canonical_url":"https:\/\/rentacarigoumenitsa.gr\/de\/aftokinito-i-michani-ti-symferei-perissotero-stis-diakopes\/","robots":"max-image-preview:large","keywords":"","webmasterTools":{"google-site-verification":"S6xm9OozgzUNlz1XGUsqKaiQUGsb8eKTPjRIqVmbJRU","miscellaneous":""},"schema":{"@context":"https:\/\/schema.org","@graph":[{"@type":"BlogPosting","@id":"https:\/\/rentacarigoumenitsa.gr\/de\/aftokinito-i-michani-ti-symferei-perissotero-stis-diakopes\/#blogposting","name":"\u0391\u03c5\u03c4\u03bf\u03ba\u03af\u03bd\u03b7\u03c4\u03bf \u03ae \u03bc\u03b7\u03c7\u03b1\u03bd\u03ae; \u03a4\u03b9 \u03c3\u03c5\u03bc\u03c6\u03ad\u03c1\u03b5\u03b9 \u03c0\u03b5\u03c1\u03b9\u03c3\u03c3\u03cc\u03c4\u03b5\u03c1\u03bf \u03c3\u03c4\u03b9\u03c2 \u03b4\u03b9\u03b1\u03ba\u03bf\u03c0\u03ad\u03c2","headline":"\u0391\u03c5\u03c4\u03bf\u03ba\u03af\u03bd\u03b7\u03c4\u03bf \u03ae \u03bc\u03b7\u03c7\u03b1\u03bd\u03ae; \u03a4\u03b9 \u03c3\u03c5\u03bc\u03c6\u03ad\u03c1\u03b5\u03b9 \u03c0\u03b5\u03c1\u03b9\u03c3\u03c3\u03cc\u03c4\u03b5\u03c1\u03bf \u03c3\u03c4\u03b9\u03c2 \u03b4\u03b9\u03b1\u03ba\u03bf\u03c0\u03ad\u03c2","author":{"@id":"https:\/\/rentacarigoumenitsa.gr\/de\/author\/r234digou\/#author"},"publisher":{"@id":"https:\/\/rentacarigoumenitsa.gr\/de\/#organization"},"image":{"@type":"ImageObject","url":"https:\/\/rentacarigoumenitsa.gr\/wp-content\/uploads\/2025\/07\/kgvjn.png","width":1080,"height":1080},"datePublished":"2025-07-19T18:56:50+03:00","dateModified":"2025-07-19T18:56:57+03:00","inLanguage":"de-DE","mainEntityOfPage":{"@id":"https:\/\/rentacarigoumenitsa.gr\/de\/aftokinito-i-michani-ti-symferei-perissotero-stis-diakopes\/#webpage"},"isPartOf":{"@id":"https:\/\/rentacarigoumenitsa.gr\/de\/aftokinito-i-michani-ti-symferei-perissotero-stis-diakopes\/#webpage"},"articleSection":"\u0395\u03bd\u03bf\u03b9\u03ba\u03af\u03b1\u03c3\u03b7 \u0391\u03c5\u03c4\u03bf\u03ba\u03b9\u03bd\u03ae\u03c4\u03bf\u03c5, rent a car igoumenitsa, \u03b5\u03bb\u03bb\u03ac\u03b4\u03b1, \u0395\u03bd\u03bf\u03b9\u03ba\u03af\u03b1\u03c3\u03b7 \u0391\u03c5\u03c4\u03bf\u03ba\u03b9\u03bd\u03ae\u03c4\u03bf\u03c5, \u03b5\u03bd\u03bf\u03b9\u03ba\u03af\u03b1\u03c3\u03b7 \u03b1\u03c5\u03c4\u03bf\u03ba\u03b9\u03bd\u03ae\u03c4\u03bf\u03c5, \u03b7\u03b3\u03bf\u03c5\u03bc\u03b5\u03bd\u03af\u03c4\u03c3\u03b1, \u03a4\u03bf\u03c5\u03c1\u03b9\u03c3\u03bc\u03cc\u03c2"},{"@type":"BreadcrumbList","@id":"https:\/\/rentacarigoumenitsa.gr\/de\/aftokinito-i-michani-ti-symferei-perissotero-stis-diakopes\/#breadcrumblist","itemListElement":[{"@type":"ListItem","@id":"https:\/\/rentacarigoumenitsa.gr\/de#listItem","position":1,"name":"Home","item":"https:\/\/rentacarigoumenitsa.gr\/de","nextItem":{"@type":"ListItem","@id":"https:\/\/rentacarigoumenitsa.gr\/de\/category\/%ce%b5%ce%bd%ce%bf%ce%b9%ce%ba%ce%af%ce%b1%cf%83%ce%b7-%ce%b1%cf%85%cf%84%ce%bf%ce%ba%ce%b9%ce%bd%ce%ae%cf%84%ce%bf%cf%85\/#listItem","name":"\u0395\u03bd\u03bf\u03b9\u03ba\u03af\u03b1\u03c3\u03b7 \u0391\u03c5\u03c4\u03bf\u03ba\u03b9\u03bd\u03ae\u03c4\u03bf\u03c5"}},{"@type":"ListItem","@id":"https:\/\/rentacarigoumenitsa.gr\/de\/category\/%ce%b5%ce%bd%ce%bf%ce%b9%ce%ba%ce%af%ce%b1%cf%83%ce%b7-%ce%b1%cf%85%cf%84%ce%bf%ce%ba%ce%b9%ce%bd%ce%ae%cf%84%ce%bf%cf%85\/#listItem","position":2,"name":"\u0395\u03bd\u03bf\u03b9\u03ba\u03af\u03b1\u03c3\u03b7 \u0391\u03c5\u03c4\u03bf\u03ba\u03b9\u03bd\u03ae\u03c4\u03bf\u03c5","item":"https:\/\/rentacarigoumenitsa.gr\/de\/category\/%ce%b5%ce%bd%ce%bf%ce%b9%ce%ba%ce%af%ce%b1%cf%83%ce%b7-%ce%b1%cf%85%cf%84%ce%bf%ce%ba%ce%b9%ce%bd%ce%ae%cf%84%ce%bf%cf%85\/","nextItem":{"@type":"ListItem","@id":"https:\/\/rentacarigoumenitsa.gr\/de\/aftokinito-i-michani-ti-symferei-perissotero-stis-diakopes\/#listItem","name":"\u0391\u03c5\u03c4\u03bf\u03ba\u03af\u03bd\u03b7\u03c4\u03bf \u03ae \u03bc\u03b7\u03c7\u03b1\u03bd\u03ae; \u03a4\u03b9 \u03c3\u03c5\u03bc\u03c6\u03ad\u03c1\u03b5\u03b9 \u03c0\u03b5\u03c1\u03b9\u03c3\u03c3\u03cc\u03c4\u03b5\u03c1\u03bf \u03c3\u03c4\u03b9\u03c2 \u03b4\u03b9\u03b1\u03ba\u03bf\u03c0\u03ad\u03c2"},"previousItem":{"@type":"ListItem","@id":"https:\/\/rentacarigoumenitsa.gr\/de#listItem","name":"Home"}},{"@type":"ListItem","@id":"https:\/\/rentacarigoumenitsa.gr\/de\/aftokinito-i-michani-ti-symferei-perissotero-stis-diakopes\/#listItem","position":3,"name":"\u0391\u03c5\u03c4\u03bf\u03ba\u03af\u03bd\u03b7\u03c4\u03bf \u03ae \u03bc\u03b7\u03c7\u03b1\u03bd\u03ae; \u03a4\u03b9 \u03c3\u03c5\u03bc\u03c6\u03ad\u03c1\u03b5\u03b9 \u03c0\u03b5\u03c1\u03b9\u03c3\u03c3\u03cc\u03c4\u03b5\u03c1\u03bf \u03c3\u03c4\u03b9\u03c2 \u03b4\u03b9\u03b1\u03ba\u03bf\u03c0\u03ad\u03c2","previousItem":{"@type":"ListItem","@id":"https:\/\/rentacarigoumenitsa.gr\/de\/category\/%ce%b5%ce%bd%ce%bf%ce%b9%ce%ba%ce%af%ce%b1%cf%83%ce%b7-%ce%b1%cf%85%cf%84%ce%bf%ce%ba%ce%b9%ce%bd%ce%ae%cf%84%ce%bf%cf%85\/#listItem","name":"\u0395\u03bd\u03bf\u03b9\u03ba\u03af\u03b1\u03c3\u03b7 \u0391\u03c5\u03c4\u03bf\u03ba\u03b9\u03bd\u03ae\u03c4\u03bf\u03c5"}}]},{"@type":"Organization","@id":"https:\/\/rentacarigoumenitsa.gr\/de\/#organization","name":"Rent A Car Igoumenitsa","url":"https:\/\/rentacarigoumenitsa.gr\/de\/","email":"igourent@gmail.com","telephone":"+302665027666","logo":{"@type":"ImageObject","url":"https:\/\/rentacarigoumenitsa.gr\/wp-content\/uploads\/2023\/11\/logo-mobile.png","@id":"https:\/\/rentacarigoumenitsa.gr\/de\/aftokinito-i-michani-ti-symferei-perissotero-stis-diakopes\/#organizationLogo","width":250,"height":100},"image":{"@id":"https:\/\/rentacarigoumenitsa.gr\/de\/aftokinito-i-michani-ti-symferei-perissotero-stis-diakopes\/#organizationLogo"},"sameAs":["https:\/\/www.facebook.com\/rentacarigoumenitsa\/","https:\/\/www.instagram.com\/rentcarigoumenitsa\/","https:\/\/www.youtube.com\/@rentacarigoumenitsa"],"address":{"@id":"https:\/\/rentacarigoumenitsa.gr\/de\/#postaladdress","@type":"PostalAddress","streetAddress":"Agion Apostolon 39-41,","postalCode":"46100","addressLocality":"Igoumenitsa","addressRegion":"Thesprotia","addressCountry":"GR"},"vatID":"EL121704960"},{"@type":"Person","@id":"https:\/\/rentacarigoumenitsa.gr\/de\/author\/r234digou\/#author","url":"https:\/\/rentacarigoumenitsa.gr\/de\/author\/r234digou\/","name":"Rent A Car Igoumenitsa","image":{"@type":"ImageObject","@id":"https:\/\/rentacarigoumenitsa.gr\/de\/aftokinito-i-michani-ti-symferei-perissotero-stis-diakopes\/#authorImage","url":"https:\/\/secure.gravatar.com\/avatar\/b0b84ab4d14d5f8ae68249bf4101f022df1c7a8f51673576528c824772929605?s=96&d=mm&r=g","width":96,"height":96,"caption":"Rent A Car Igoumenitsa"}},{"@type":"WebPage","@id":"https:\/\/rentacarigoumenitsa.gr\/de\/aftokinito-i-michani-ti-symferei-perissotero-stis-diakopes\/#webpage","url":"https:\/\/rentacarigoumenitsa.gr\/de\/aftokinito-i-michani-ti-symferei-perissotero-stis-diakopes\/","name":"\u0391\u03c5\u03c4\u03bf\u03ba\u03af\u03bd\u03b7\u03c4\u03bf \u03ae \u03bc\u03b7\u03c7\u03b1\u03bd\u03ae; \u03a4\u03b9 \u03c3\u03c5\u03bc\u03c6\u03ad\u03c1\u03b5\u03b9 \u03c0\u03b5\u03c1\u03b9\u03c3\u03c3\u03cc\u03c4\u03b5\u03c1\u03bf \u03c3\u03c4\u03b9\u03c2 \u03b4\u03b9\u03b1\u03ba\u03bf\u03c0\u03ad\u03c2","description":"\u0398\u03b1 \u03b5\u03c0\u03b9\u03bb\u03ad\u03be\u03b5\u03b9\u03c2 \u03c4\u03b7\u03bd \u03ac\u03bd\u03b5\u03c3\u03b7 \u03ba\u03b1\u03b9 \u03c4\u03b7\u03bd \u03b1\u03c3\u03c6\u03ac\u03bb\u03b5\u03b9\u03b1 \u03b5\u03bd\u03cc\u03c2 \u03b1\u03c5\u03c4\u03bf\u03ba\u03b9\u03bd\u03ae\u03c4\u03bf\u03c5 \u03ae \u03b8\u03b1 \u03c0\u03c1\u03bf\u03c4\u03b9\u03bc\u03ae\u03c3\u03b5\u03b9\u03c2 \u03c4\u03b7\u03bd \u03b5\u03bb\u03b5\u03c5\u03b8\u03b5\u03c1\u03af\u03b1 \u03ba\u03b1\u03b9 \u03c4\u03bf\u03bd \u03b1\u03ad\u03c1\u03b1 \u03c4\u03b7\u03c2 \u03bc\u03b7\u03c7\u03b1\u03bd\u03ae\u03c2; \u0397 \u03b5\u03c0\u03b9\u03bb\u03bf\u03b3\u03ae \u03b3\u03b9\u03b1 \u03c4\u03b9\u03c2 \u03b4\u03b9\u03b1\u03ba\u03bf\u03c0\u03ad\u03c2 \u03b4\u03b5\u03bd \u03b5\u03af\u03bd\u03b1\u03b9 \u03b5\u03cd\u03ba\u03bf\u03bb\u03b7.","inLanguage":"de-DE","isPartOf":{"@id":"https:\/\/rentacarigoumenitsa.gr\/de\/#website"},"breadcrumb":{"@id":"https:\/\/rentacarigoumenitsa.gr\/de\/aftokinito-i-michani-ti-symferei-perissotero-stis-diakopes\/#breadcrumblist"},"author":{"@id":"https:\/\/rentacarigoumenitsa.gr\/de\/author\/r234digou\/#author"},"creator":{"@id":"https:\/\/rentacarigoumenitsa.gr\/de\/author\/r234digou\/#author"},"image":{"@type":"ImageObject","url":"https:\/\/rentacarigoumenitsa.gr\/wp-content\/uploads\/2025\/07\/kgvjn.png","@id":"https:\/\/rentacarigoumenitsa.gr\/de\/aftokinito-i-michani-ti-symferei-perissotero-stis-diakopes\/#mainImage","width":1080,"height":1080},"primaryImageOfPage":{"@id":"https:\/\/rentacarigoumenitsa.gr\/de\/aftokinito-i-michani-ti-symferei-perissotero-stis-diakopes\/#mainImage"},"datePublished":"2025-07-19T18:56:50+03:00","dateModified":"2025-07-19T18:56:57+03:00"},{"@type":"WebSite","@id":"https:\/\/rentacarigoumenitsa.gr\/de\/#website","url":"https:\/\/rentacarigoumenitsa.gr\/de\/","name":"Rent A Car Igoumenitsa","alternateName":"\u0395\u03bd\u03bf\u03b9\u03ba\u03af\u03b1\u03c3\u03b7 \u03b1\u03c5\u03c4\u03bf\u03ba\u03b9\u03bd\u03ae\u03c4\u03bf\u03c5 \u0397\u03b3\u03bf\u03c5\u03bc\u03b5\u03bd\u03af\u03c4\u03c3\u03b1","inLanguage":"de-DE","publisher":{"@id":"https:\/\/rentacarigoumenitsa.gr\/de\/#organization"}}]},"og:locale":"de_DE","og:site_name":"Rent A Car Igoumenitsa -","og:type":"article","og:title":"\u0391\u03c5\u03c4\u03bf\u03ba\u03af\u03bd\u03b7\u03c4\u03bf \u03ae \u03bc\u03b7\u03c7\u03b1\u03bd\u03ae; \u03a4\u03b9 \u03c3\u03c5\u03bc\u03c6\u03ad\u03c1\u03b5\u03b9 \u03c0\u03b5\u03c1\u03b9\u03c3\u03c3\u03cc\u03c4\u03b5\u03c1\u03bf \u03c3\u03c4\u03b9\u03c2 \u03b4\u03b9\u03b1\u03ba\u03bf\u03c0\u03ad\u03c2","og:description":"\u0398\u03b1 \u03b5\u03c0\u03b9\u03bb\u03ad\u03be\u03b5\u03b9\u03c2 \u03c4\u03b7\u03bd \u03ac\u03bd\u03b5\u03c3\u03b7 \u03ba\u03b1\u03b9 \u03c4\u03b7\u03bd \u03b1\u03c3\u03c6\u03ac\u03bb\u03b5\u03b9\u03b1 \u03b5\u03bd\u03cc\u03c2 \u03b1\u03c5\u03c4\u03bf\u03ba\u03b9\u03bd\u03ae\u03c4\u03bf\u03c5 \u03ae \u03b8\u03b1 \u03c0\u03c1\u03bf\u03c4\u03b9\u03bc\u03ae\u03c3\u03b5\u03b9\u03c2 \u03c4\u03b7\u03bd \u03b5\u03bb\u03b5\u03c5\u03b8\u03b5\u03c1\u03af\u03b1 \u03ba\u03b1\u03b9 \u03c4\u03bf\u03bd \u03b1\u03ad\u03c1\u03b1 \u03c4\u03b7\u03c2 \u03bc\u03b7\u03c7\u03b1\u03bd\u03ae\u03c2; \u0397 \u03b5\u03c0\u03b9\u03bb\u03bf\u03b3\u03ae \u03b3\u03b9\u03b1 \u03c4\u03b9\u03c2 \u03b4\u03b9\u03b1\u03ba\u03bf\u03c0\u03ad\u03c2 \u03b4\u03b5\u03bd \u03b5\u03af\u03bd\u03b1\u03b9 \u03b5\u03cd\u03ba\u03bf\u03bb\u03b7.","og:url":"https:\/\/rentacarigoumenitsa.gr\/de\/aftokinito-i-michani-ti-symferei-perissotero-stis-diakopes\/","og:image":"https:\/\/rentacarigoumenitsa.gr\/wp-content\/uploads\/2025\/07\/kgvjn.png","og:image:secure_url":"https:\/\/rentacarigoumenitsa.gr\/wp-content\/uploads\/2025\/07\/kgvjn.png","og:image:width":1080,"og:image:height":1080,"article:published_time":"2025-07-19T15:56:50+00:00","article:modified_time":"2025-07-19T15:56:57+00:00","article:publisher":"https:\/\/www.facebook.com\/rentacarigoumenitsa\/","twitter:card":"summary_large_image","twitter:title":"\u0391\u03c5\u03c4\u03bf\u03ba\u03af\u03bd\u03b7\u03c4\u03bf \u03ae \u03bc\u03b7\u03c7\u03b1\u03bd\u03ae; \u03a4\u03b9 \u03c3\u03c5\u03bc\u03c6\u03ad\u03c1\u03b5\u03b9 \u03c0\u03b5\u03c1\u03b9\u03c3\u03c3\u03cc\u03c4\u03b5\u03c1\u03bf \u03c3\u03c4\u03b9\u03c2 \u03b4\u03b9\u03b1\u03ba\u03bf\u03c0\u03ad\u03c2","twitter:description":"\u0398\u03b1 \u03b5\u03c0\u03b9\u03bb\u03ad\u03be\u03b5\u03b9\u03c2 \u03c4\u03b7\u03bd \u03ac\u03bd\u03b5\u03c3\u03b7 \u03ba\u03b1\u03b9 \u03c4\u03b7\u03bd \u03b1\u03c3\u03c6\u03ac\u03bb\u03b5\u03b9\u03b1 \u03b5\u03bd\u03cc\u03c2 \u03b1\u03c5\u03c4\u03bf\u03ba\u03b9\u03bd\u03ae\u03c4\u03bf\u03c5 \u03ae \u03b8\u03b1 \u03c0\u03c1\u03bf\u03c4\u03b9\u03bc\u03ae\u03c3\u03b5\u03b9\u03c2 \u03c4\u03b7\u03bd \u03b5\u03bb\u03b5\u03c5\u03b8\u03b5\u03c1\u03af\u03b1 \u03ba\u03b1\u03b9 \u03c4\u03bf\u03bd \u03b1\u03ad\u03c1\u03b1 \u03c4\u03b7\u03c2 \u03bc\u03b7\u03c7\u03b1\u03bd\u03ae\u03c2; \u0397 \u03b5\u03c0\u03b9\u03bb\u03bf\u03b3\u03ae \u03b3\u03b9\u03b1 \u03c4\u03b9\u03c2 \u03b4\u03b9\u03b1\u03ba\u03bf\u03c0\u03ad\u03c2 \u03b4\u03b5\u03bd \u03b5\u03af\u03bd\u03b1\u03b9 \u03b5\u03cd\u03ba\u03bf\u03bb\u03b7.","twitter:image":"https:\/\/rentacarigoumenitsa.gr\/wp-content\/uploads\/2023\/12\/fb-cover.jpg"},"aioseo_meta_data":{"post_id":"411","title":"#post_title","description":"Entscheiden Sie sich f\u00fcr den Komfort und die Sicherheit eines Autos oder f\u00fcr die Freiheit und Luft eines Motorrads? Die Wahl f\u00fcr den Urlaub ist nicht leicht.","keywords":null,"keyphrases":{"focus":{"keyphrase":"\u03b4\u03b9\u03b1\u03ba\u03bf\u03c0\u03ad\u03c2","score":62,"analysis":{"keyphraseInTitle":{"score":9,"maxScore":9,"error":0},"keyphraseInDescription":{"score":9,"maxScore":9,"error":0},"keyphraseLength":{"score":-999,"maxScore":9,"error":1,"length":0},"keyphraseInURL":{"score":1,"maxScore":5,"error":1},"keyphraseInIntroduction":{"score":9,"maxScore":9,"error":0},"keyphraseInSubHeadings":{"score":3,"maxScore":9,"error":1},"keyphraseInImageAlt":[],"keywordDensity":{"type":"high","score":0,"maxScore":9,"error":1}}},"additional":[]},"primary_term":null,"canonical_url":null,"og_title":null,"og_description":null,"og_object_type":"default","og_image_type":"default","og_image_url":null,"og_image_width":null,"og_image_height":null,"og_image_custom_url":null,"og_image_custom_fields":null,"og_video":"","og_custom_url":null,"og_article_section":null,"og_article_tags":null,"twitter_use_og":false,"twitter_card":"default","twitter_image_type":"default","twitter_image_url":null,"twitter_image_custom_url":null,"twitter_image_custom_fields":null,"twitter_title":null,"twitter_description":null,"schema":{"blockGraphs":[],"customGraphs":[],"default":{"data":{"Article":[],"Course":[],"Dataset":[],"FAQPage":[],"Movie":[],"Person":[],"Product":[],"ProductReview":[],"Car":[],"Recipe":[],"Service":[],"SoftwareApplication":[],"WebPage":[]},"graphName":"BlogPosting","isEnabled":true},"graphs":[]},"schema_type":"default","schema_type_options":null,"pillar_content":false,"robots_default":true,"robots_noindex":false,"robots_noarchive":false,"robots_nosnippet":false,"robots_nofollow":false,"robots_noimageindex":false,"robots_noodp":false,"robots_notranslate":false,"robots_max_snippet":"-1","robots_max_videopreview":"-1","robots_max_imagepreview":"large","priority":null,"frequency":"default","local_seo":null,"seo_analyzer_scan_date":"2025-09-19 10:59:42","breadcrumb_settings":null,"limit_modified_date":false,"open_ai":null,"ai":{"faqs":[],"keyPoints":[],"titles":[],"descriptions":[],"socialPosts":{"email":[],"linkedin":[],"twitter":[],"facebook":[],"instagram":[]}},"created":"2025-07-19 15:56:51","updated":"2025-12-03 13:22:12"},"aioseo_breadcrumb":"<div class=\"aioseo-breadcrumbs\"><span class=\"aioseo-breadcrumb\">\n\t<a href=\"https:\/\/rentacarigoumenitsa.gr\/de\" title=\"Home\">Home<\/a>\n<\/span><span class=\"aioseo-breadcrumb-separator\">&raquo;<\/span><span class=\"aioseo-breadcrumb\">\n\t<a href=\"https:\/\/rentacarigoumenitsa.gr\/de\/category\/%ce%b5%ce%bd%ce%bf%ce%b9%ce%ba%ce%af%ce%b1%cf%83%ce%b7-%ce%b1%cf%85%cf%84%ce%bf%ce%ba%ce%b9%ce%bd%ce%ae%cf%84%ce%bf%cf%85\/\" title=\"\u0395\u03bd\u03bf\u03b9\u03ba\u03af\u03b1\u03c3\u03b7 \u0391\u03c5\u03c4\u03bf\u03ba\u03b9\u03bd\u03ae\u03c4\u03bf\u03c5\">\u0395\u03bd\u03bf\u03b9\u03ba\u03af\u03b1\u03c3\u03b7 \u0391\u03c5\u03c4\u03bf\u03ba\u03b9\u03bd\u03ae\u03c4\u03bf\u03c5<\/a>\n<\/span><span class=\"aioseo-breadcrumb-separator\">&raquo;<\/span><span class=\"aioseo-breadcrumb\">\n\t\u0391\u03c5\u03c4\u03bf\u03ba\u03af\u03bd\u03b7\u03c4\u03bf \u03ae \u03bc\u03b7\u03c7\u03b1\u03bd\u03ae; \u03a4\u03b9 \u03c3\u03c5\u03bc\u03c6\u03ad\u03c1\u03b5\u03b9 \u03c0\u03b5\u03c1\u03b9\u03c3\u03c3\u03cc\u03c4\u03b5\u03c1\u03bf \u03c3\u03c4\u03b9\u03c2 \u03b4\u03b9\u03b1\u03ba\u03bf\u03c0\u03ad\u03c2\n<\/span><\/div>","aioseo_breadcrumb_json":[{"label":"Home","link":"https:\/\/rentacarigoumenitsa.gr\/de"},{"label":"\u0395\u03bd\u03bf\u03b9\u03ba\u03af\u03b1\u03c3\u03b7 \u0391\u03c5\u03c4\u03bf\u03ba\u03b9\u03bd\u03ae\u03c4\u03bf\u03c5","link":"https:\/\/rentacarigoumenitsa.gr\/de\/category\/%ce%b5%ce%bd%ce%bf%ce%b9%ce%ba%ce%af%ce%b1%cf%83%ce%b7-%ce%b1%cf%85%cf%84%ce%bf%ce%ba%ce%b9%ce%bd%ce%ae%cf%84%ce%bf%cf%85\/"},{"label":"\u0391\u03c5\u03c4\u03bf\u03ba\u03af\u03bd\u03b7\u03c4\u03bf \u03ae \u03bc\u03b7\u03c7\u03b1\u03bd\u03ae; \u03a4\u03b9 \u03c3\u03c5\u03bc\u03c6\u03ad\u03c1\u03b5\u03b9 \u03c0\u03b5\u03c1\u03b9\u03c3\u03c3\u03cc\u03c4\u03b5\u03c1\u03bf \u03c3\u03c4\u03b9\u03c2 \u03b4\u03b9\u03b1\u03ba\u03bf\u03c0\u03ad\u03c2","link":"https:\/\/rentacarigoumenitsa.gr\/de\/aftokinito-i-michani-ti-symferei-perissotero-stis-diakopes\/"}],"_links":{"self":[{"href":"https:\/\/rentacarigoumenitsa.gr\/de\/wp-json\/wp\/v2\/posts\/411","targetHints":{"allow":["GET"]}}],"collection":[{"href":"https:\/\/rentacarigoumenitsa.gr\/de\/wp-json\/wp\/v2\/posts"}],"about":[{"href":"https:\/\/rentacarigoumenitsa.gr\/de\/wp-json\/wp\/v2\/types\/post"}],"author":[{"embeddable":true,"href":"https:\/\/rentacarigoumenitsa.gr\/de\/wp-json\/wp\/v2\/users\/1"}],"replies":[{"embeddable":true,"href":"https:\/\/rentacarigoumenitsa.gr\/de\/wp-json\/wp\/v2\/comments?post=411"}],"version-history":[{"count":1,"href":"https:\/\/rentacarigoumenitsa.gr\/de\/wp-json\/wp\/v2\/posts\/411\/revisions"}],"predecessor-version":[{"id":413,"href":"https:\/\/rentacarigoumenitsa.gr\/de\/wp-json\/wp\/v2\/posts\/411\/revisions\/413"}],"wp:featuredmedia":[{"embeddable":true,"href":"https:\/\/rentacarigoumenitsa.gr\/de\/wp-json\/wp\/v2\/media\/412"}],"wp:attachment":[{"href":"https:\/\/rentacarigoumenitsa.gr\/de\/wp-json\/wp\/v2\/media?parent=411"}],"wp:term":[{"taxonomy":"category","embeddable":true,"href":"https:\/\/rentacarigoumenitsa.gr\/de\/wp-json\/wp\/v2\/categories?post=411"},{"taxonomy":"post_tag","embeddable":true,"href":"https:\/\/rentacarigoumenitsa.gr\/de\/wp-json\/wp\/v2\/tags?post=411"}],"curies":[{"name":"wp","href":"https:\/\/api.w.org\/{rel}","templated":true}]}}