{"id":385,"date":"2025-04-04T15:20:59","date_gmt":"2025-04-04T12:20:59","guid":{"rendered":"https:\/\/rentacarigoumenitsa.gr\/?p=385"},"modified":"2025-04-04T15:21:02","modified_gmt":"2025-04-04T12:21:02","slug":"%ce%b7%ce%bb%ce%b5%ce%ba%cf%84%cf%81%ce%bf%ce%ba%ce%af%ce%bd%ce%b7%cf%83%ce%b7-%cf%83%cf%84%ce%b7%ce%bd-%ce%b5%ce%bd%ce%bf%ce%b9%ce%ba%ce%af%ce%b1%cf%83%ce%b7-%ce%b1%cf%85%cf%84%ce%bf%ce%ba%ce%b9%ce%bd%ce%ae%cf%84%ce%bf%cf%85","status":"publish","type":"post","link":"https:\/\/rentacarigoumenitsa.gr\/de\/%ce%b7%ce%bb%ce%b5%ce%ba%cf%84%cf%81%ce%bf%ce%ba%ce%af%ce%bd%ce%b7%cf%83%ce%b7-%cf%83%cf%84%ce%b7%ce%bd-%ce%b5%ce%bd%ce%bf%ce%b9%ce%ba%ce%af%ce%b1%cf%83%ce%b7-%ce%b1%cf%85%cf%84%ce%bf%ce%ba%ce%b9%ce%bd%ce%ae%cf%84%ce%bf%cf%85\/","title":{"rendered":"Elektrifizierung in der Autovermietung"},"content":{"rendered":"<p>\u0397 <a href=\"https:\/\/kinoumeilektrika3.gov.gr\" title=\"\">Elektrifizierung<\/a> ist der Trend der Stunde, wenn es um den Autokauf geht.<\/p>\n\n\n\n<p>Jeden Tag h\u00f6rt man, wie wichtig der \u00dcbergang zur Elektrifizierung ist, wie sich der Klimawandel auswirkt, die Subventionen f\u00fcr den Kauf eines Elektrofahrzeugs, die Einsparungen und die kurze Amortisationszeit der Anschaffungskosten, die erstaunlichen Technologien und Leistungen der Elektrifizierung usw. Ist das alles wirklich wahr? Lohnt sich dieser \u00dcbergang zum jetzigen Zeitpunkt? Lohnt es sich f\u00fcr ein Autovermietungsunternehmen, in die Elektrifizierung zu investieren?<\/p>\n\n\n\n<p>Zun\u00e4chst einmal k\u00f6nnen wir sagen, dass die Elektrifizierung ein gro\u00dfer \u00dcbergang ist, der viele Probleme l\u00f6st, aber nicht alle. Wie zuvor auf dem Automarkt, so ist es auch jetzt der Fall. Der K\u00e4ufer muss seine Bed\u00fcrfnisse ber\u00fccksichtigen und die richtige Wahl treffen.<\/p>\n\n\n\n<p>Im Jahr 2025 haben wir den Luxus, \u00fcber \u00e4u\u00dferst zuverl\u00e4ssige Fahrzeuge zu verf\u00fcgen, egal ob es sich um Benzin-, Diesel- oder Elektrofahrzeuge handelt.<\/p>\n\n\n\n<p>Die Bed\u00fcrfnisse der K\u00e4ufer sind unterschiedlich und ihre Wahl muss angemessen sein, bevor sie sich f\u00fcr oder gegen eine Option entscheiden k\u00f6nnen.<\/p>\n\n\n\n<p>Die Elektromobilit\u00e4t ist \u00e4u\u00dferst vorteilhaft, wenn wir sie f\u00fcr Fahrten in st\u00e4dtischen Gebieten w\u00e4hlen, wo es Ladestationen und autorisierte Partner gibt, die die Elektromobilit\u00e4t unterst\u00fctzen, und das Aufladen derzeit erschwinglich ist. Au\u00dferdem m\u00fcssen sie nicht gewartet werden. Im Gegensatz dazu ist der Kauf eines Elektrofahrzeugs eine teure Option, die sich aufgrund der begrenzten Batterieautonomie nicht f\u00fcr mittlere oder lange Strecken eignet. Au\u00dferdem liegt die Lebensdauer eines Elektrofahrzeugs im Bereich von 10 Jahren. Was den \u00f6kologischen Fu\u00dfabdruck betrifft, so scheint er auf den ersten Blick positiv zu sein, was aber nicht bedeutet, dass die Batterien von Elektrofahrzeugen unschuldig sind.<\/p>\n\n\n\n<p>Diesel ist eine sichere Option f\u00fcr diejenigen, die relativ lange Strecken zur\u00fccklegen. Er ist teurer als Elektroautos, aber viel billiger als Benzin. Auf der negativen Seite ist er nicht die beste Wahl f\u00fcr den Stadtverkehr, sowohl wegen der Umweltverschmutzung als auch wegen Motorproblemen.<\/p>\n\n\n\n<p>Benziner sind eine solide Wahl mit guten und schlechten Eigenschaften. Es sind die Fahrzeuge, mit denen wir seit \u00fcber 50 Jahren leben, und sie sind eine sichere Wahl. Das Hauptproblem dieser Technologie ist ihr sch\u00e4dlicher \u00f6kologischer Fu\u00dfabdruck.<\/p>\n\n\n\n<p>Bei den Autovermietern st\u00f6\u00dft der \u00dcbergang zur Elektrifizierung anfangs auf Zur\u00fcckhaltung, da es sich bei den Mietfahrzeugen haupts\u00e4chlich um Gemeinschaftsfahrzeuge handelt. Andererseits sind die Anschaffungskosten im Vergleich zu herk\u00f6mmlichen Fahrzeugen recht hoch, und ihre Kunden befinden sich noch in einer fr\u00fchen Phase der Gew\u00f6hnung an die Elektrifizierung.<\/p>\n\n\n\n<p>So ist beispielsweise in Gebieten wie Thesprotia, Igoumenitsa und Epirus im Allgemeinen der \u00dcbergang zur Elektrifizierung der Fahrzeugvermietung derzeit schwierig.<\/p>\n\n\n\n<p>Die allgemeine Einsch\u00e4tzung ist jedoch, dass mit der Verbreitung der Elektromobilit\u00e4t in Zukunft vor allem die Unternehmen <a href=\"https:\/\/rentacarigoumenitsa.gr\/de\/\u03b5\u03bd\u03bf\u03b9\u03ba\u03af\u03b1\u03c3\u03b7-\u03bc\u03af\u03c3\u03b8\u03c9\u03c3\u03b7-\u03bb\u03b5\u03c9\u03c6\u03bf\u03c1\u03b5\u03af\u03bf\u03c5-minibus-\u03c3\u03c4\u03b7\u03bd-\u03b7\u03b3\u03bf\u03c5\u03bc\u03b5\u03bd\u03af\u03c4\u03c3\u03b1\/\" title=\"\">Autovermietung<\/a> werden verpflichtet sein, vollst\u00e4ndig auf Elektrofahrzeuge umzusteigen.<\/p>","protected":false},"excerpt":{"rendered":"<p>\u0397 \u03b7\u03bb\u03b5\u03ba\u03c4\u03c1\u03bf\u03ba\u03af\u03bd\u03b7\u03c3\u03b7 \u03b5\u03af\u03bd\u03b1\u03b9 \u03c4\u03bf\u00a0trend\u00a0\u03c4\u03b7\u03c2 \u03b5\u03c0\u03bf\u03c7\u03ae\u03c2 \u03cc\u03c3\u03bf\u03bd \u03b1\u03c6\u03bf\u03c1\u03ac \u03c4\u03b7\u03bd \u03b1\u03b3\u03bf\u03c1\u03ac \u03b1\u03c5\u03c4\u03bf\u03ba\u03b9\u03bd\u03ae\u03c4\u03bf\u03c5. \u039a\u03b1\u03b8\u03b7\u03bc\u03b5\u03c1\u03b9\u03bd\u03ac \u03b1\u03ba\u03bf\u03cd\u03c2 \u03b3\u03b9\u03b1 \u03c4\u03bf \u03c0\u03cc\u03c3\u03bf \u03c3\u03b7\u03bc\u03b1\u03bd\u03c4\u03b9\u03ba\u03ae \u03b5\u03af\u03bd\u03b1\u03b9 \u03b7 \u03bc\u03b5\u03c4\u03ac\u03b2\u03b1\u03c3\u03b7 \u03c3\u03c4\u03b7\u03bd \u03b7\u03bb\u03b5\u03ba\u03c4\u03c1\u03bf\u03ba\u03af\u03bd\u03b7\u03c3\u03b7, \u03c0\u03cc\u03c3\u03bf \u03b5\u03c0\u03b9\u03c1\u03c1\u03b5\u03ac\u03b6\u03b5\u03b9 \u03b7 \u03ba\u03bb\u03b9\u03bc\u03b1\u03c4\u03b9\u03ba\u03ae \u03b1\u03bb\u03bb\u03b1\u03b3\u03ae,<span class=\"excerpt-hellip\"> [\u2026]<\/span><\/p>\n","protected":false},"author":1,"featured_media":386,"comment_status":"open","ping_status":"open","sticky":false,"template":"","format":"standard","meta":{"footnotes":""},"categories":[1],"tags":[],"class_list":["post-385","post","type-post","status-publish","format-standard","has-post-thumbnail","hentry","category-uncategorized"],"aioseo_notices":[],"aioseo_head":"\n\t\t<!-- All in One SEO Pro 4.9.4.2 - aioseo.com -->\n\t<meta name=\"description\" content=\"\u0397\u03bb\u03b5\u03ba\u03c4\u03c1\u03bf\u03ba\u03af\u03bd\u03b7\u03c3\u03b7 \u03c3\u03c4\u03b7\u03bd \u0395\u03bd\u03bf\u03b9\u03ba\u03af\u03b1\u03c3\u03b7 \u0391\u03c5\u03c4\u03bf\u03ba\u03b9\u03bd\u03ae\u03c4\u03bf\u03c5 \u03c4\u03bf trend \u03c4\u03b7\u03c2 \u03b5\u03c0\u03bf\u03c7\u03ae\u03c2 \u03cc\u03c3\u03bf\u03bd \u03b1\u03c6\u03bf\u03c1\u03ac \u03c4\u03b7\u03bd \u03b1\u03b3\u03bf\u03c1\u03ac \u03b1\u03c5\u03c4\u03bf\u03ba\u03b9\u03bd\u03ae\u03c4\u03bf\u03c5. \u0391\u03ba\u03bf\u03cd\u03c2 \u03b3\u03b9\u03b1 \u03c4\u03bf \u03c0\u03cc\u03c3\u03bf \u03c3\u03b7\u03bc\u03b1\u03bd\u03c4\u03b9\u03ba\u03ae \u03b5\u03af\u03bd\u03b1\u03b9 \u03b7 \u03bc\u03b5\u03c4\u03ac\u03b2\u03b1\u03c3\u03b7 \u03c3\u03c4\u03b7\u03bd \u03b7\u03bb\u03b5\u03ba\u03c4\u03c1\u03bf\u03ba\u03af\u03bd\u03b7\u03c3\u03b7\" \/>\n\t<meta name=\"robots\" content=\"max-image-preview:large\" \/>\n\t<meta name=\"author\" content=\"Rent A Car Igoumenitsa\"\/>\n\t<meta name=\"google-site-verification\" content=\"S6xm9OozgzUNlz1XGUsqKaiQUGsb8eKTPjRIqVmbJRU\" \/>\n\t<link rel=\"canonical\" href=\"https:\/\/rentacarigoumenitsa.gr\/de\/%ce%b7%ce%bb%ce%b5%ce%ba%cf%84%cf%81%ce%bf%ce%ba%ce%af%ce%bd%ce%b7%cf%83%ce%b7-%cf%83%cf%84%ce%b7%ce%bd-%ce%b5%ce%bd%ce%bf%ce%b9%ce%ba%ce%af%ce%b1%cf%83%ce%b7-%ce%b1%cf%85%cf%84%ce%bf%ce%ba%ce%b9%ce%bd%ce%ae%cf%84%ce%bf%cf%85\/\" \/>\n\t<meta name=\"generator\" content=\"All in One SEO Pro (AIOSEO) 4.9.4.2\" \/>\n\t\t<meta property=\"og:locale\" content=\"de_DE\" \/>\n\t\t<meta property=\"og:site_name\" content=\"Rent A Car Igoumenitsa -\" \/>\n\t\t<meta property=\"og:type\" content=\"article\" \/>\n\t\t<meta property=\"og:title\" content=\"\u0397\u03bb\u03b5\u03ba\u03c4\u03c1\u03bf\u03ba\u03af\u03bd\u03b7\u03c3\u03b7 \u03c3\u03c4\u03b7\u03bd \u0395\u03bd\u03bf\u03b9\u03ba\u03af\u03b1\u03c3\u03b7 \u0391\u03c5\u03c4\u03bf\u03ba\u03b9\u03bd\u03ae\u03c4\u03bf\u03c5\" \/>\n\t\t<meta property=\"og:description\" content=\"\u0397\u03bb\u03b5\u03ba\u03c4\u03c1\u03bf\u03ba\u03af\u03bd\u03b7\u03c3\u03b7 \u03c3\u03c4\u03b7\u03bd \u0395\u03bd\u03bf\u03b9\u03ba\u03af\u03b1\u03c3\u03b7 \u0391\u03c5\u03c4\u03bf\u03ba\u03b9\u03bd\u03ae\u03c4\u03bf\u03c5 \u03c4\u03bf trend \u03c4\u03b7\u03c2 \u03b5\u03c0\u03bf\u03c7\u03ae\u03c2 \u03cc\u03c3\u03bf\u03bd \u03b1\u03c6\u03bf\u03c1\u03ac \u03c4\u03b7\u03bd \u03b1\u03b3\u03bf\u03c1\u03ac \u03b1\u03c5\u03c4\u03bf\u03ba\u03b9\u03bd\u03ae\u03c4\u03bf\u03c5. \u0391\u03ba\u03bf\u03cd\u03c2 \u03b3\u03b9\u03b1 \u03c4\u03bf \u03c0\u03cc\u03c3\u03bf \u03c3\u03b7\u03bc\u03b1\u03bd\u03c4\u03b9\u03ba\u03ae \u03b5\u03af\u03bd\u03b1\u03b9 \u03b7 \u03bc\u03b5\u03c4\u03ac\u03b2\u03b1\u03c3\u03b7 \u03c3\u03c4\u03b7\u03bd \u03b7\u03bb\u03b5\u03ba\u03c4\u03c1\u03bf\u03ba\u03af\u03bd\u03b7\u03c3\u03b7\" \/>\n\t\t<meta property=\"og:url\" content=\"https:\/\/rentacarigoumenitsa.gr\/de\/%ce%b7%ce%bb%ce%b5%ce%ba%cf%84%cf%81%ce%bf%ce%ba%ce%af%ce%bd%ce%b7%cf%83%ce%b7-%cf%83%cf%84%ce%b7%ce%bd-%ce%b5%ce%bd%ce%bf%ce%b9%ce%ba%ce%af%ce%b1%cf%83%ce%b7-%ce%b1%cf%85%cf%84%ce%bf%ce%ba%ce%b9%ce%bd%ce%ae%cf%84%ce%bf%cf%85\/\" \/>\n\t\t<meta property=\"og:image\" content=\"https:\/\/rentacarigoumenitsa.gr\/wp-content\/uploads\/2025\/04\/young-couple-man-and-woman-traveling-together-by-n-2025-03-15-16-02-16-utc-scaled.jpg\" \/>\n\t\t<meta property=\"og:image:secure_url\" content=\"https:\/\/rentacarigoumenitsa.gr\/wp-content\/uploads\/2025\/04\/young-couple-man-and-woman-traveling-together-by-n-2025-03-15-16-02-16-utc-scaled.jpg\" \/>\n\t\t<meta property=\"og:image:width\" content=\"2560\" \/>\n\t\t<meta property=\"og:image:height\" content=\"1703\" \/>\n\t\t<meta property=\"article:published_time\" content=\"2025-04-04T12:20:59+00:00\" \/>\n\t\t<meta property=\"article:modified_time\" content=\"2025-04-04T12:21:02+00:00\" \/>\n\t\t<meta property=\"article:publisher\" content=\"https:\/\/www.facebook.com\/rentacarigoumenitsa\/\" \/>\n\t\t<meta name=\"twitter:card\" content=\"summary_large_image\" \/>\n\t\t<meta name=\"twitter:title\" content=\"\u0397\u03bb\u03b5\u03ba\u03c4\u03c1\u03bf\u03ba\u03af\u03bd\u03b7\u03c3\u03b7 \u03c3\u03c4\u03b7\u03bd \u0395\u03bd\u03bf\u03b9\u03ba\u03af\u03b1\u03c3\u03b7 \u0391\u03c5\u03c4\u03bf\u03ba\u03b9\u03bd\u03ae\u03c4\u03bf\u03c5\" \/>\n\t\t<meta name=\"twitter:description\" content=\"\u0397\u03bb\u03b5\u03ba\u03c4\u03c1\u03bf\u03ba\u03af\u03bd\u03b7\u03c3\u03b7 \u03c3\u03c4\u03b7\u03bd \u0395\u03bd\u03bf\u03b9\u03ba\u03af\u03b1\u03c3\u03b7 \u0391\u03c5\u03c4\u03bf\u03ba\u03b9\u03bd\u03ae\u03c4\u03bf\u03c5 \u03c4\u03bf trend \u03c4\u03b7\u03c2 \u03b5\u03c0\u03bf\u03c7\u03ae\u03c2 \u03cc\u03c3\u03bf\u03bd \u03b1\u03c6\u03bf\u03c1\u03ac \u03c4\u03b7\u03bd \u03b1\u03b3\u03bf\u03c1\u03ac \u03b1\u03c5\u03c4\u03bf\u03ba\u03b9\u03bd\u03ae\u03c4\u03bf\u03c5. \u0391\u03ba\u03bf\u03cd\u03c2 \u03b3\u03b9\u03b1 \u03c4\u03bf \u03c0\u03cc\u03c3\u03bf \u03c3\u03b7\u03bc\u03b1\u03bd\u03c4\u03b9\u03ba\u03ae \u03b5\u03af\u03bd\u03b1\u03b9 \u03b7 \u03bc\u03b5\u03c4\u03ac\u03b2\u03b1\u03c3\u03b7 \u03c3\u03c4\u03b7\u03bd \u03b7\u03bb\u03b5\u03ba\u03c4\u03c1\u03bf\u03ba\u03af\u03bd\u03b7\u03c3\u03b7\" \/>\n\t\t<meta name=\"twitter:image\" content=\"https:\/\/rentacarigoumenitsa.gr\/wp-content\/uploads\/2023\/12\/fb-cover.jpg\" \/>\n\t\t<script type=\"application\/ld+json\" class=\"aioseo-schema\">\n\t\t\t{\"@context\":\"https:\\\/\\\/schema.org\",\"@graph\":[{\"@type\":\"BlogPosting\",\"@id\":\"https:\\\/\\\/rentacarigoumenitsa.gr\\\/de\\\/%ce%b7%ce%bb%ce%b5%ce%ba%cf%84%cf%81%ce%bf%ce%ba%ce%af%ce%bd%ce%b7%cf%83%ce%b7-%cf%83%cf%84%ce%b7%ce%bd-%ce%b5%ce%bd%ce%bf%ce%b9%ce%ba%ce%af%ce%b1%cf%83%ce%b7-%ce%b1%cf%85%cf%84%ce%bf%ce%ba%ce%b9%ce%bd%ce%ae%cf%84%ce%bf%cf%85\\\/#blogposting\",\"name\":\"\\u0397\\u03bb\\u03b5\\u03ba\\u03c4\\u03c1\\u03bf\\u03ba\\u03af\\u03bd\\u03b7\\u03c3\\u03b7 \\u03c3\\u03c4\\u03b7\\u03bd \\u0395\\u03bd\\u03bf\\u03b9\\u03ba\\u03af\\u03b1\\u03c3\\u03b7 \\u0391\\u03c5\\u03c4\\u03bf\\u03ba\\u03b9\\u03bd\\u03ae\\u03c4\\u03bf\\u03c5\",\"headline\":\"\\u0397\\u03bb\\u03b5\\u03ba\\u03c4\\u03c1\\u03bf\\u03ba\\u03af\\u03bd\\u03b7\\u03c3\\u03b7 \\u03c3\\u03c4\\u03b7\\u03bd \\u0395\\u03bd\\u03bf\\u03b9\\u03ba\\u03af\\u03b1\\u03c3\\u03b7 \\u0391\\u03c5\\u03c4\\u03bf\\u03ba\\u03b9\\u03bd\\u03ae\\u03c4\\u03bf\\u03c5\",\"author\":{\"@id\":\"https:\\\/\\\/rentacarigoumenitsa.gr\\\/de\\\/author\\\/r234digou\\\/#author\"},\"publisher\":{\"@id\":\"https:\\\/\\\/rentacarigoumenitsa.gr\\\/de\\\/#organization\"},\"image\":{\"@type\":\"ImageObject\",\"url\":\"https:\\\/\\\/rentacarigoumenitsa.gr\\\/wp-content\\\/uploads\\\/2025\\\/04\\\/young-couple-man-and-woman-traveling-together-by-n-2025-03-15-16-02-16-utc-scaled.jpg\",\"width\":2560,\"height\":1703},\"datePublished\":\"2025-04-04T15:20:59+03:00\",\"dateModified\":\"2025-04-04T15:21:02+03:00\",\"inLanguage\":\"de-DE\",\"mainEntityOfPage\":{\"@id\":\"https:\\\/\\\/rentacarigoumenitsa.gr\\\/de\\\/%ce%b7%ce%bb%ce%b5%ce%ba%cf%84%cf%81%ce%bf%ce%ba%ce%af%ce%bd%ce%b7%cf%83%ce%b7-%cf%83%cf%84%ce%b7%ce%bd-%ce%b5%ce%bd%ce%bf%ce%b9%ce%ba%ce%af%ce%b1%cf%83%ce%b7-%ce%b1%cf%85%cf%84%ce%bf%ce%ba%ce%b9%ce%bd%ce%ae%cf%84%ce%bf%cf%85\\\/#webpage\"},\"isPartOf\":{\"@id\":\"https:\\\/\\\/rentacarigoumenitsa.gr\\\/de\\\/%ce%b7%ce%bb%ce%b5%ce%ba%cf%84%cf%81%ce%bf%ce%ba%ce%af%ce%bd%ce%b7%cf%83%ce%b7-%cf%83%cf%84%ce%b7%ce%bd-%ce%b5%ce%bd%ce%bf%ce%b9%ce%ba%ce%af%ce%b1%cf%83%ce%b7-%ce%b1%cf%85%cf%84%ce%bf%ce%ba%ce%b9%ce%bd%ce%ae%cf%84%ce%bf%cf%85\\\/#webpage\"},\"articleSection\":\"Uncategorized\"},{\"@type\":\"BreadcrumbList\",\"@id\":\"https:\\\/\\\/rentacarigoumenitsa.gr\\\/de\\\/%ce%b7%ce%bb%ce%b5%ce%ba%cf%84%cf%81%ce%bf%ce%ba%ce%af%ce%bd%ce%b7%cf%83%ce%b7-%cf%83%cf%84%ce%b7%ce%bd-%ce%b5%ce%bd%ce%bf%ce%b9%ce%ba%ce%af%ce%b1%cf%83%ce%b7-%ce%b1%cf%85%cf%84%ce%bf%ce%ba%ce%b9%ce%bd%ce%ae%cf%84%ce%bf%cf%85\\\/#breadcrumblist\",\"itemListElement\":[{\"@type\":\"ListItem\",\"@id\":\"https:\\\/\\\/rentacarigoumenitsa.gr\\\/de#listItem\",\"position\":1,\"name\":\"Home\",\"item\":\"https:\\\/\\\/rentacarigoumenitsa.gr\\\/de\",\"nextItem\":{\"@type\":\"ListItem\",\"@id\":\"https:\\\/\\\/rentacarigoumenitsa.gr\\\/de\\\/category\\\/uncategorized\\\/#listItem\",\"name\":\"Uncategorized\"}},{\"@type\":\"ListItem\",\"@id\":\"https:\\\/\\\/rentacarigoumenitsa.gr\\\/de\\\/category\\\/uncategorized\\\/#listItem\",\"position\":2,\"name\":\"Uncategorized\",\"item\":\"https:\\\/\\\/rentacarigoumenitsa.gr\\\/de\\\/category\\\/uncategorized\\\/\",\"nextItem\":{\"@type\":\"ListItem\",\"@id\":\"https:\\\/\\\/rentacarigoumenitsa.gr\\\/de\\\/%ce%b7%ce%bb%ce%b5%ce%ba%cf%84%cf%81%ce%bf%ce%ba%ce%af%ce%bd%ce%b7%cf%83%ce%b7-%cf%83%cf%84%ce%b7%ce%bd-%ce%b5%ce%bd%ce%bf%ce%b9%ce%ba%ce%af%ce%b1%cf%83%ce%b7-%ce%b1%cf%85%cf%84%ce%bf%ce%ba%ce%b9%ce%bd%ce%ae%cf%84%ce%bf%cf%85\\\/#listItem\",\"name\":\"\\u0397\\u03bb\\u03b5\\u03ba\\u03c4\\u03c1\\u03bf\\u03ba\\u03af\\u03bd\\u03b7\\u03c3\\u03b7 \\u03c3\\u03c4\\u03b7\\u03bd \\u0395\\u03bd\\u03bf\\u03b9\\u03ba\\u03af\\u03b1\\u03c3\\u03b7 \\u0391\\u03c5\\u03c4\\u03bf\\u03ba\\u03b9\\u03bd\\u03ae\\u03c4\\u03bf\\u03c5\"},\"previousItem\":{\"@type\":\"ListItem\",\"@id\":\"https:\\\/\\\/rentacarigoumenitsa.gr\\\/de#listItem\",\"name\":\"Home\"}},{\"@type\":\"ListItem\",\"@id\":\"https:\\\/\\\/rentacarigoumenitsa.gr\\\/de\\\/%ce%b7%ce%bb%ce%b5%ce%ba%cf%84%cf%81%ce%bf%ce%ba%ce%af%ce%bd%ce%b7%cf%83%ce%b7-%cf%83%cf%84%ce%b7%ce%bd-%ce%b5%ce%bd%ce%bf%ce%b9%ce%ba%ce%af%ce%b1%cf%83%ce%b7-%ce%b1%cf%85%cf%84%ce%bf%ce%ba%ce%b9%ce%bd%ce%ae%cf%84%ce%bf%cf%85\\\/#listItem\",\"position\":3,\"name\":\"\\u0397\\u03bb\\u03b5\\u03ba\\u03c4\\u03c1\\u03bf\\u03ba\\u03af\\u03bd\\u03b7\\u03c3\\u03b7 \\u03c3\\u03c4\\u03b7\\u03bd \\u0395\\u03bd\\u03bf\\u03b9\\u03ba\\u03af\\u03b1\\u03c3\\u03b7 \\u0391\\u03c5\\u03c4\\u03bf\\u03ba\\u03b9\\u03bd\\u03ae\\u03c4\\u03bf\\u03c5\",\"previousItem\":{\"@type\":\"ListItem\",\"@id\":\"https:\\\/\\\/rentacarigoumenitsa.gr\\\/de\\\/category\\\/uncategorized\\\/#listItem\",\"name\":\"Uncategorized\"}}]},{\"@type\":\"Organization\",\"@id\":\"https:\\\/\\\/rentacarigoumenitsa.gr\\\/de\\\/#organization\",\"name\":\"Rent A Car Igoumenitsa\",\"url\":\"https:\\\/\\\/rentacarigoumenitsa.gr\\\/de\\\/\",\"email\":\"igourent@gmail.com\",\"telephone\":\"+302665027666\",\"logo\":{\"@type\":\"ImageObject\",\"url\":\"https:\\\/\\\/rentacarigoumenitsa.gr\\\/wp-content\\\/uploads\\\/2023\\\/11\\\/logo-mobile.png\",\"@id\":\"https:\\\/\\\/rentacarigoumenitsa.gr\\\/de\\\/%ce%b7%ce%bb%ce%b5%ce%ba%cf%84%cf%81%ce%bf%ce%ba%ce%af%ce%bd%ce%b7%cf%83%ce%b7-%cf%83%cf%84%ce%b7%ce%bd-%ce%b5%ce%bd%ce%bf%ce%b9%ce%ba%ce%af%ce%b1%cf%83%ce%b7-%ce%b1%cf%85%cf%84%ce%bf%ce%ba%ce%b9%ce%bd%ce%ae%cf%84%ce%bf%cf%85\\\/#organizationLogo\",\"width\":250,\"height\":100},\"image\":{\"@id\":\"https:\\\/\\\/rentacarigoumenitsa.gr\\\/de\\\/%ce%b7%ce%bb%ce%b5%ce%ba%cf%84%cf%81%ce%bf%ce%ba%ce%af%ce%bd%ce%b7%cf%83%ce%b7-%cf%83%cf%84%ce%b7%ce%bd-%ce%b5%ce%bd%ce%bf%ce%b9%ce%ba%ce%af%ce%b1%cf%83%ce%b7-%ce%b1%cf%85%cf%84%ce%bf%ce%ba%ce%b9%ce%bd%ce%ae%cf%84%ce%bf%cf%85\\\/#organizationLogo\"},\"sameAs\":[\"https:\\\/\\\/www.facebook.com\\\/rentacarigoumenitsa\\\/\",\"https:\\\/\\\/www.instagram.com\\\/rentcarigoumenitsa\\\/\",\"https:\\\/\\\/www.youtube.com\\\/@rentacarigoumenitsa\"],\"address\":{\"@id\":\"https:\\\/\\\/rentacarigoumenitsa.gr\\\/de\\\/#postaladdress\",\"@type\":\"PostalAddress\",\"streetAddress\":\"Agion Apostolon 39-41,\",\"postalCode\":\"46100\",\"addressLocality\":\"Igoumenitsa\",\"addressRegion\":\"Thesprotia\",\"addressCountry\":\"GR\"},\"vatID\":\"EL121704960\"},{\"@type\":\"Person\",\"@id\":\"https:\\\/\\\/rentacarigoumenitsa.gr\\\/de\\\/author\\\/r234digou\\\/#author\",\"url\":\"https:\\\/\\\/rentacarigoumenitsa.gr\\\/de\\\/author\\\/r234digou\\\/\",\"name\":\"Rent A Car Igoumenitsa\",\"image\":{\"@type\":\"ImageObject\",\"@id\":\"https:\\\/\\\/rentacarigoumenitsa.gr\\\/de\\\/%ce%b7%ce%bb%ce%b5%ce%ba%cf%84%cf%81%ce%bf%ce%ba%ce%af%ce%bd%ce%b7%cf%83%ce%b7-%cf%83%cf%84%ce%b7%ce%bd-%ce%b5%ce%bd%ce%bf%ce%b9%ce%ba%ce%af%ce%b1%cf%83%ce%b7-%ce%b1%cf%85%cf%84%ce%bf%ce%ba%ce%b9%ce%bd%ce%ae%cf%84%ce%bf%cf%85\\\/#authorImage\",\"url\":\"https:\\\/\\\/secure.gravatar.com\\\/avatar\\\/b0b84ab4d14d5f8ae68249bf4101f022df1c7a8f51673576528c824772929605?s=96&d=mm&r=g\",\"width\":96,\"height\":96,\"caption\":\"Rent A Car Igoumenitsa\"}},{\"@type\":\"WebPage\",\"@id\":\"https:\\\/\\\/rentacarigoumenitsa.gr\\\/de\\\/%ce%b7%ce%bb%ce%b5%ce%ba%cf%84%cf%81%ce%bf%ce%ba%ce%af%ce%bd%ce%b7%cf%83%ce%b7-%cf%83%cf%84%ce%b7%ce%bd-%ce%b5%ce%bd%ce%bf%ce%b9%ce%ba%ce%af%ce%b1%cf%83%ce%b7-%ce%b1%cf%85%cf%84%ce%bf%ce%ba%ce%b9%ce%bd%ce%ae%cf%84%ce%bf%cf%85\\\/#webpage\",\"url\":\"https:\\\/\\\/rentacarigoumenitsa.gr\\\/de\\\/%ce%b7%ce%bb%ce%b5%ce%ba%cf%84%cf%81%ce%bf%ce%ba%ce%af%ce%bd%ce%b7%cf%83%ce%b7-%cf%83%cf%84%ce%b7%ce%bd-%ce%b5%ce%bd%ce%bf%ce%b9%ce%ba%ce%af%ce%b1%cf%83%ce%b7-%ce%b1%cf%85%cf%84%ce%bf%ce%ba%ce%b9%ce%bd%ce%ae%cf%84%ce%bf%cf%85\\\/\",\"name\":\"\\u0397\\u03bb\\u03b5\\u03ba\\u03c4\\u03c1\\u03bf\\u03ba\\u03af\\u03bd\\u03b7\\u03c3\\u03b7 \\u03c3\\u03c4\\u03b7\\u03bd \\u0395\\u03bd\\u03bf\\u03b9\\u03ba\\u03af\\u03b1\\u03c3\\u03b7 \\u0391\\u03c5\\u03c4\\u03bf\\u03ba\\u03b9\\u03bd\\u03ae\\u03c4\\u03bf\\u03c5\",\"description\":\"\\u0397\\u03bb\\u03b5\\u03ba\\u03c4\\u03c1\\u03bf\\u03ba\\u03af\\u03bd\\u03b7\\u03c3\\u03b7 \\u03c3\\u03c4\\u03b7\\u03bd \\u0395\\u03bd\\u03bf\\u03b9\\u03ba\\u03af\\u03b1\\u03c3\\u03b7 \\u0391\\u03c5\\u03c4\\u03bf\\u03ba\\u03b9\\u03bd\\u03ae\\u03c4\\u03bf\\u03c5 \\u03c4\\u03bf trend \\u03c4\\u03b7\\u03c2 \\u03b5\\u03c0\\u03bf\\u03c7\\u03ae\\u03c2 \\u03cc\\u03c3\\u03bf\\u03bd \\u03b1\\u03c6\\u03bf\\u03c1\\u03ac \\u03c4\\u03b7\\u03bd \\u03b1\\u03b3\\u03bf\\u03c1\\u03ac \\u03b1\\u03c5\\u03c4\\u03bf\\u03ba\\u03b9\\u03bd\\u03ae\\u03c4\\u03bf\\u03c5. \\u0391\\u03ba\\u03bf\\u03cd\\u03c2 \\u03b3\\u03b9\\u03b1 \\u03c4\\u03bf \\u03c0\\u03cc\\u03c3\\u03bf \\u03c3\\u03b7\\u03bc\\u03b1\\u03bd\\u03c4\\u03b9\\u03ba\\u03ae \\u03b5\\u03af\\u03bd\\u03b1\\u03b9 \\u03b7 \\u03bc\\u03b5\\u03c4\\u03ac\\u03b2\\u03b1\\u03c3\\u03b7 \\u03c3\\u03c4\\u03b7\\u03bd \\u03b7\\u03bb\\u03b5\\u03ba\\u03c4\\u03c1\\u03bf\\u03ba\\u03af\\u03bd\\u03b7\\u03c3\\u03b7\",\"inLanguage\":\"de-DE\",\"isPartOf\":{\"@id\":\"https:\\\/\\\/rentacarigoumenitsa.gr\\\/de\\\/#website\"},\"breadcrumb\":{\"@id\":\"https:\\\/\\\/rentacarigoumenitsa.gr\\\/de\\\/%ce%b7%ce%bb%ce%b5%ce%ba%cf%84%cf%81%ce%bf%ce%ba%ce%af%ce%bd%ce%b7%cf%83%ce%b7-%cf%83%cf%84%ce%b7%ce%bd-%ce%b5%ce%bd%ce%bf%ce%b9%ce%ba%ce%af%ce%b1%cf%83%ce%b7-%ce%b1%cf%85%cf%84%ce%bf%ce%ba%ce%b9%ce%bd%ce%ae%cf%84%ce%bf%cf%85\\\/#breadcrumblist\"},\"author\":{\"@id\":\"https:\\\/\\\/rentacarigoumenitsa.gr\\\/de\\\/author\\\/r234digou\\\/#author\"},\"creator\":{\"@id\":\"https:\\\/\\\/rentacarigoumenitsa.gr\\\/de\\\/author\\\/r234digou\\\/#author\"},\"image\":{\"@type\":\"ImageObject\",\"url\":\"https:\\\/\\\/rentacarigoumenitsa.gr\\\/wp-content\\\/uploads\\\/2025\\\/04\\\/young-couple-man-and-woman-traveling-together-by-n-2025-03-15-16-02-16-utc-scaled.jpg\",\"@id\":\"https:\\\/\\\/rentacarigoumenitsa.gr\\\/de\\\/%ce%b7%ce%bb%ce%b5%ce%ba%cf%84%cf%81%ce%bf%ce%ba%ce%af%ce%bd%ce%b7%cf%83%ce%b7-%cf%83%cf%84%ce%b7%ce%bd-%ce%b5%ce%bd%ce%bf%ce%b9%ce%ba%ce%af%ce%b1%cf%83%ce%b7-%ce%b1%cf%85%cf%84%ce%bf%ce%ba%ce%b9%ce%bd%ce%ae%cf%84%ce%bf%cf%85\\\/#mainImage\",\"width\":2560,\"height\":1703},\"primaryImageOfPage\":{\"@id\":\"https:\\\/\\\/rentacarigoumenitsa.gr\\\/de\\\/%ce%b7%ce%bb%ce%b5%ce%ba%cf%84%cf%81%ce%bf%ce%ba%ce%af%ce%bd%ce%b7%cf%83%ce%b7-%cf%83%cf%84%ce%b7%ce%bd-%ce%b5%ce%bd%ce%bf%ce%b9%ce%ba%ce%af%ce%b1%cf%83%ce%b7-%ce%b1%cf%85%cf%84%ce%bf%ce%ba%ce%b9%ce%bd%ce%ae%cf%84%ce%bf%cf%85\\\/#mainImage\"},\"datePublished\":\"2025-04-04T15:20:59+03:00\",\"dateModified\":\"2025-04-04T15:21:02+03:00\"},{\"@type\":\"WebSite\",\"@id\":\"https:\\\/\\\/rentacarigoumenitsa.gr\\\/de\\\/#website\",\"url\":\"https:\\\/\\\/rentacarigoumenitsa.gr\\\/de\\\/\",\"name\":\"Rent A Car Igoumenitsa\",\"alternateName\":\"\\u0395\\u03bd\\u03bf\\u03b9\\u03ba\\u03af\\u03b1\\u03c3\\u03b7 \\u03b1\\u03c5\\u03c4\\u03bf\\u03ba\\u03b9\\u03bd\\u03ae\\u03c4\\u03bf\\u03c5 \\u0397\\u03b3\\u03bf\\u03c5\\u03bc\\u03b5\\u03bd\\u03af\\u03c4\\u03c3\\u03b1\",\"inLanguage\":\"de-DE\",\"publisher\":{\"@id\":\"https:\\\/\\\/rentacarigoumenitsa.gr\\\/de\\\/#organization\"}}]}\n\t\t<\/script>\n\t\t<!-- All in One SEO Pro -->\r\n\t\t<title>\u0397\u03bb\u03b5\u03ba\u03c4\u03c1\u03bf\u03ba\u03af\u03bd\u03b7\u03c3\u03b7 \u03c3\u03c4\u03b7\u03bd \u0395\u03bd\u03bf\u03b9\u03ba\u03af\u03b1\u03c3\u03b7 \u0391\u03c5\u03c4\u03bf\u03ba\u03b9\u03bd\u03ae\u03c4\u03bf\u03c5<\/title>\n\n","aioseo_head_json":{"title":"Elektrifizierung in der Autovermietung","description":"Elektrifizierung in der Autovermietung ist der Trend der Stunde beim Autokauf. Man h\u00f6rt, wie wichtig der \u00dcbergang zur Elektrifizierung ist","canonical_url":"https:\/\/rentacarigoumenitsa.gr\/de\/%ce%b7%ce%bb%ce%b5%ce%ba%cf%84%cf%81%ce%bf%ce%ba%ce%af%ce%bd%ce%b7%cf%83%ce%b7-%cf%83%cf%84%ce%b7%ce%bd-%ce%b5%ce%bd%ce%bf%ce%b9%ce%ba%ce%af%ce%b1%cf%83%ce%b7-%ce%b1%cf%85%cf%84%ce%bf%ce%ba%ce%b9%ce%bd%ce%ae%cf%84%ce%bf%cf%85\/","robots":"max-image-preview:large","keywords":"","webmasterTools":{"google-site-verification":"S6xm9OozgzUNlz1XGUsqKaiQUGsb8eKTPjRIqVmbJRU","miscellaneous":""},"schema":{"@context":"https:\/\/schema.org","@graph":[{"@type":"BlogPosting","@id":"https:\/\/rentacarigoumenitsa.gr\/de\/%ce%b7%ce%bb%ce%b5%ce%ba%cf%84%cf%81%ce%bf%ce%ba%ce%af%ce%bd%ce%b7%cf%83%ce%b7-%cf%83%cf%84%ce%b7%ce%bd-%ce%b5%ce%bd%ce%bf%ce%b9%ce%ba%ce%af%ce%b1%cf%83%ce%b7-%ce%b1%cf%85%cf%84%ce%bf%ce%ba%ce%b9%ce%bd%ce%ae%cf%84%ce%bf%cf%85\/#blogposting","name":"\u0397\u03bb\u03b5\u03ba\u03c4\u03c1\u03bf\u03ba\u03af\u03bd\u03b7\u03c3\u03b7 \u03c3\u03c4\u03b7\u03bd \u0395\u03bd\u03bf\u03b9\u03ba\u03af\u03b1\u03c3\u03b7 \u0391\u03c5\u03c4\u03bf\u03ba\u03b9\u03bd\u03ae\u03c4\u03bf\u03c5","headline":"\u0397\u03bb\u03b5\u03ba\u03c4\u03c1\u03bf\u03ba\u03af\u03bd\u03b7\u03c3\u03b7 \u03c3\u03c4\u03b7\u03bd \u0395\u03bd\u03bf\u03b9\u03ba\u03af\u03b1\u03c3\u03b7 \u0391\u03c5\u03c4\u03bf\u03ba\u03b9\u03bd\u03ae\u03c4\u03bf\u03c5","author":{"@id":"https:\/\/rentacarigoumenitsa.gr\/de\/author\/r234digou\/#author"},"publisher":{"@id":"https:\/\/rentacarigoumenitsa.gr\/de\/#organization"},"image":{"@type":"ImageObject","url":"https:\/\/rentacarigoumenitsa.gr\/wp-content\/uploads\/2025\/04\/young-couple-man-and-woman-traveling-together-by-n-2025-03-15-16-02-16-utc-scaled.jpg","width":2560,"height":1703},"datePublished":"2025-04-04T15:20:59+03:00","dateModified":"2025-04-04T15:21:02+03:00","inLanguage":"de-DE","mainEntityOfPage":{"@id":"https:\/\/rentacarigoumenitsa.gr\/de\/%ce%b7%ce%bb%ce%b5%ce%ba%cf%84%cf%81%ce%bf%ce%ba%ce%af%ce%bd%ce%b7%cf%83%ce%b7-%cf%83%cf%84%ce%b7%ce%bd-%ce%b5%ce%bd%ce%bf%ce%b9%ce%ba%ce%af%ce%b1%cf%83%ce%b7-%ce%b1%cf%85%cf%84%ce%bf%ce%ba%ce%b9%ce%bd%ce%ae%cf%84%ce%bf%cf%85\/#webpage"},"isPartOf":{"@id":"https:\/\/rentacarigoumenitsa.gr\/de\/%ce%b7%ce%bb%ce%b5%ce%ba%cf%84%cf%81%ce%bf%ce%ba%ce%af%ce%bd%ce%b7%cf%83%ce%b7-%cf%83%cf%84%ce%b7%ce%bd-%ce%b5%ce%bd%ce%bf%ce%b9%ce%ba%ce%af%ce%b1%cf%83%ce%b7-%ce%b1%cf%85%cf%84%ce%bf%ce%ba%ce%b9%ce%bd%ce%ae%cf%84%ce%bf%cf%85\/#webpage"},"articleSection":"Uncategorized"},{"@type":"BreadcrumbList","@id":"https:\/\/rentacarigoumenitsa.gr\/de\/%ce%b7%ce%bb%ce%b5%ce%ba%cf%84%cf%81%ce%bf%ce%ba%ce%af%ce%bd%ce%b7%cf%83%ce%b7-%cf%83%cf%84%ce%b7%ce%bd-%ce%b5%ce%bd%ce%bf%ce%b9%ce%ba%ce%af%ce%b1%cf%83%ce%b7-%ce%b1%cf%85%cf%84%ce%bf%ce%ba%ce%b9%ce%bd%ce%ae%cf%84%ce%bf%cf%85\/#breadcrumblist","itemListElement":[{"@type":"ListItem","@id":"https:\/\/rentacarigoumenitsa.gr\/de#listItem","position":1,"name":"Home","item":"https:\/\/rentacarigoumenitsa.gr\/de","nextItem":{"@type":"ListItem","@id":"https:\/\/rentacarigoumenitsa.gr\/de\/category\/uncategorized\/#listItem","name":"Uncategorized"}},{"@type":"ListItem","@id":"https:\/\/rentacarigoumenitsa.gr\/de\/category\/uncategorized\/#listItem","position":2,"name":"Uncategorized","item":"https:\/\/rentacarigoumenitsa.gr\/de\/category\/uncategorized\/","nextItem":{"@type":"ListItem","@id":"https:\/\/rentacarigoumenitsa.gr\/de\/%ce%b7%ce%bb%ce%b5%ce%ba%cf%84%cf%81%ce%bf%ce%ba%ce%af%ce%bd%ce%b7%cf%83%ce%b7-%cf%83%cf%84%ce%b7%ce%bd-%ce%b5%ce%bd%ce%bf%ce%b9%ce%ba%ce%af%ce%b1%cf%83%ce%b7-%ce%b1%cf%85%cf%84%ce%bf%ce%ba%ce%b9%ce%bd%ce%ae%cf%84%ce%bf%cf%85\/#listItem","name":"\u0397\u03bb\u03b5\u03ba\u03c4\u03c1\u03bf\u03ba\u03af\u03bd\u03b7\u03c3\u03b7 \u03c3\u03c4\u03b7\u03bd \u0395\u03bd\u03bf\u03b9\u03ba\u03af\u03b1\u03c3\u03b7 \u0391\u03c5\u03c4\u03bf\u03ba\u03b9\u03bd\u03ae\u03c4\u03bf\u03c5"},"previousItem":{"@type":"ListItem","@id":"https:\/\/rentacarigoumenitsa.gr\/de#listItem","name":"Home"}},{"@type":"ListItem","@id":"https:\/\/rentacarigoumenitsa.gr\/de\/%ce%b7%ce%bb%ce%b5%ce%ba%cf%84%cf%81%ce%bf%ce%ba%ce%af%ce%bd%ce%b7%cf%83%ce%b7-%cf%83%cf%84%ce%b7%ce%bd-%ce%b5%ce%bd%ce%bf%ce%b9%ce%ba%ce%af%ce%b1%cf%83%ce%b7-%ce%b1%cf%85%cf%84%ce%bf%ce%ba%ce%b9%ce%bd%ce%ae%cf%84%ce%bf%cf%85\/#listItem","position":3,"name":"\u0397\u03bb\u03b5\u03ba\u03c4\u03c1\u03bf\u03ba\u03af\u03bd\u03b7\u03c3\u03b7 \u03c3\u03c4\u03b7\u03bd \u0395\u03bd\u03bf\u03b9\u03ba\u03af\u03b1\u03c3\u03b7 \u0391\u03c5\u03c4\u03bf\u03ba\u03b9\u03bd\u03ae\u03c4\u03bf\u03c5","previousItem":{"@type":"ListItem","@id":"https:\/\/rentacarigoumenitsa.gr\/de\/category\/uncategorized\/#listItem","name":"Uncategorized"}}]},{"@type":"Organization","@id":"https:\/\/rentacarigoumenitsa.gr\/de\/#organization","name":"Rent A Car Igoumenitsa","url":"https:\/\/rentacarigoumenitsa.gr\/de\/","email":"igourent@gmail.com","telephone":"+302665027666","logo":{"@type":"ImageObject","url":"https:\/\/rentacarigoumenitsa.gr\/wp-content\/uploads\/2023\/11\/logo-mobile.png","@id":"https:\/\/rentacarigoumenitsa.gr\/de\/%ce%b7%ce%bb%ce%b5%ce%ba%cf%84%cf%81%ce%bf%ce%ba%ce%af%ce%bd%ce%b7%cf%83%ce%b7-%cf%83%cf%84%ce%b7%ce%bd-%ce%b5%ce%bd%ce%bf%ce%b9%ce%ba%ce%af%ce%b1%cf%83%ce%b7-%ce%b1%cf%85%cf%84%ce%bf%ce%ba%ce%b9%ce%bd%ce%ae%cf%84%ce%bf%cf%85\/#organizationLogo","width":250,"height":100},"image":{"@id":"https:\/\/rentacarigoumenitsa.gr\/de\/%ce%b7%ce%bb%ce%b5%ce%ba%cf%84%cf%81%ce%bf%ce%ba%ce%af%ce%bd%ce%b7%cf%83%ce%b7-%cf%83%cf%84%ce%b7%ce%bd-%ce%b5%ce%bd%ce%bf%ce%b9%ce%ba%ce%af%ce%b1%cf%83%ce%b7-%ce%b1%cf%85%cf%84%ce%bf%ce%ba%ce%b9%ce%bd%ce%ae%cf%84%ce%bf%cf%85\/#organizationLogo"},"sameAs":["https:\/\/www.facebook.com\/rentacarigoumenitsa\/","https:\/\/www.instagram.com\/rentcarigoumenitsa\/","https:\/\/www.youtube.com\/@rentacarigoumenitsa"],"address":{"@id":"https:\/\/rentacarigoumenitsa.gr\/de\/#postaladdress","@type":"PostalAddress","streetAddress":"Agion Apostolon 39-41,","postalCode":"46100","addressLocality":"Igoumenitsa","addressRegion":"Thesprotia","addressCountry":"GR"},"vatID":"EL121704960"},{"@type":"Person","@id":"https:\/\/rentacarigoumenitsa.gr\/de\/author\/r234digou\/#author","url":"https:\/\/rentacarigoumenitsa.gr\/de\/author\/r234digou\/","name":"Rent A Car Igoumenitsa","image":{"@type":"ImageObject","@id":"https:\/\/rentacarigoumenitsa.gr\/de\/%ce%b7%ce%bb%ce%b5%ce%ba%cf%84%cf%81%ce%bf%ce%ba%ce%af%ce%bd%ce%b7%cf%83%ce%b7-%cf%83%cf%84%ce%b7%ce%bd-%ce%b5%ce%bd%ce%bf%ce%b9%ce%ba%ce%af%ce%b1%cf%83%ce%b7-%ce%b1%cf%85%cf%84%ce%bf%ce%ba%ce%b9%ce%bd%ce%ae%cf%84%ce%bf%cf%85\/#authorImage","url":"https:\/\/secure.gravatar.com\/avatar\/b0b84ab4d14d5f8ae68249bf4101f022df1c7a8f51673576528c824772929605?s=96&d=mm&r=g","width":96,"height":96,"caption":"Rent A Car Igoumenitsa"}},{"@type":"WebPage","@id":"https:\/\/rentacarigoumenitsa.gr\/de\/%ce%b7%ce%bb%ce%b5%ce%ba%cf%84%cf%81%ce%bf%ce%ba%ce%af%ce%bd%ce%b7%cf%83%ce%b7-%cf%83%cf%84%ce%b7%ce%bd-%ce%b5%ce%bd%ce%bf%ce%b9%ce%ba%ce%af%ce%b1%cf%83%ce%b7-%ce%b1%cf%85%cf%84%ce%bf%ce%ba%ce%b9%ce%bd%ce%ae%cf%84%ce%bf%cf%85\/#webpage","url":"https:\/\/rentacarigoumenitsa.gr\/de\/%ce%b7%ce%bb%ce%b5%ce%ba%cf%84%cf%81%ce%bf%ce%ba%ce%af%ce%bd%ce%b7%cf%83%ce%b7-%cf%83%cf%84%ce%b7%ce%bd-%ce%b5%ce%bd%ce%bf%ce%b9%ce%ba%ce%af%ce%b1%cf%83%ce%b7-%ce%b1%cf%85%cf%84%ce%bf%ce%ba%ce%b9%ce%bd%ce%ae%cf%84%ce%bf%cf%85\/","name":"\u0397\u03bb\u03b5\u03ba\u03c4\u03c1\u03bf\u03ba\u03af\u03bd\u03b7\u03c3\u03b7 \u03c3\u03c4\u03b7\u03bd \u0395\u03bd\u03bf\u03b9\u03ba\u03af\u03b1\u03c3\u03b7 \u0391\u03c5\u03c4\u03bf\u03ba\u03b9\u03bd\u03ae\u03c4\u03bf\u03c5","description":"\u0397\u03bb\u03b5\u03ba\u03c4\u03c1\u03bf\u03ba\u03af\u03bd\u03b7\u03c3\u03b7 \u03c3\u03c4\u03b7\u03bd \u0395\u03bd\u03bf\u03b9\u03ba\u03af\u03b1\u03c3\u03b7 \u0391\u03c5\u03c4\u03bf\u03ba\u03b9\u03bd\u03ae\u03c4\u03bf\u03c5 \u03c4\u03bf trend \u03c4\u03b7\u03c2 \u03b5\u03c0\u03bf\u03c7\u03ae\u03c2 \u03cc\u03c3\u03bf\u03bd \u03b1\u03c6\u03bf\u03c1\u03ac \u03c4\u03b7\u03bd \u03b1\u03b3\u03bf\u03c1\u03ac \u03b1\u03c5\u03c4\u03bf\u03ba\u03b9\u03bd\u03ae\u03c4\u03bf\u03c5. \u0391\u03ba\u03bf\u03cd\u03c2 \u03b3\u03b9\u03b1 \u03c4\u03bf \u03c0\u03cc\u03c3\u03bf \u03c3\u03b7\u03bc\u03b1\u03bd\u03c4\u03b9\u03ba\u03ae \u03b5\u03af\u03bd\u03b1\u03b9 \u03b7 \u03bc\u03b5\u03c4\u03ac\u03b2\u03b1\u03c3\u03b7 \u03c3\u03c4\u03b7\u03bd \u03b7\u03bb\u03b5\u03ba\u03c4\u03c1\u03bf\u03ba\u03af\u03bd\u03b7\u03c3\u03b7","inLanguage":"de-DE","isPartOf":{"@id":"https:\/\/rentacarigoumenitsa.gr\/de\/#website"},"breadcrumb":{"@id":"https:\/\/rentacarigoumenitsa.gr\/de\/%ce%b7%ce%bb%ce%b5%ce%ba%cf%84%cf%81%ce%bf%ce%ba%ce%af%ce%bd%ce%b7%cf%83%ce%b7-%cf%83%cf%84%ce%b7%ce%bd-%ce%b5%ce%bd%ce%bf%ce%b9%ce%ba%ce%af%ce%b1%cf%83%ce%b7-%ce%b1%cf%85%cf%84%ce%bf%ce%ba%ce%b9%ce%bd%ce%ae%cf%84%ce%bf%cf%85\/#breadcrumblist"},"author":{"@id":"https:\/\/rentacarigoumenitsa.gr\/de\/author\/r234digou\/#author"},"creator":{"@id":"https:\/\/rentacarigoumenitsa.gr\/de\/author\/r234digou\/#author"},"image":{"@type":"ImageObject","url":"https:\/\/rentacarigoumenitsa.gr\/wp-content\/uploads\/2025\/04\/young-couple-man-and-woman-traveling-together-by-n-2025-03-15-16-02-16-utc-scaled.jpg","@id":"https:\/\/rentacarigoumenitsa.gr\/de\/%ce%b7%ce%bb%ce%b5%ce%ba%cf%84%cf%81%ce%bf%ce%ba%ce%af%ce%bd%ce%b7%cf%83%ce%b7-%cf%83%cf%84%ce%b7%ce%bd-%ce%b5%ce%bd%ce%bf%ce%b9%ce%ba%ce%af%ce%b1%cf%83%ce%b7-%ce%b1%cf%85%cf%84%ce%bf%ce%ba%ce%b9%ce%bd%ce%ae%cf%84%ce%bf%cf%85\/#mainImage","width":2560,"height":1703},"primaryImageOfPage":{"@id":"https:\/\/rentacarigoumenitsa.gr\/de\/%ce%b7%ce%bb%ce%b5%ce%ba%cf%84%cf%81%ce%bf%ce%ba%ce%af%ce%bd%ce%b7%cf%83%ce%b7-%cf%83%cf%84%ce%b7%ce%bd-%ce%b5%ce%bd%ce%bf%ce%b9%ce%ba%ce%af%ce%b1%cf%83%ce%b7-%ce%b1%cf%85%cf%84%ce%bf%ce%ba%ce%b9%ce%bd%ce%ae%cf%84%ce%bf%cf%85\/#mainImage"},"datePublished":"2025-04-04T15:20:59+03:00","dateModified":"2025-04-04T15:21:02+03:00"},{"@type":"WebSite","@id":"https:\/\/rentacarigoumenitsa.gr\/de\/#website","url":"https:\/\/rentacarigoumenitsa.gr\/de\/","name":"Rent A Car Igoumenitsa","alternateName":"\u0395\u03bd\u03bf\u03b9\u03ba\u03af\u03b1\u03c3\u03b7 \u03b1\u03c5\u03c4\u03bf\u03ba\u03b9\u03bd\u03ae\u03c4\u03bf\u03c5 \u0397\u03b3\u03bf\u03c5\u03bc\u03b5\u03bd\u03af\u03c4\u03c3\u03b1","inLanguage":"de-DE","publisher":{"@id":"https:\/\/rentacarigoumenitsa.gr\/de\/#organization"}}]},"og:locale":"de_DE","og:site_name":"Rent A Car Igoumenitsa -","og:type":"article","og:title":"\u0397\u03bb\u03b5\u03ba\u03c4\u03c1\u03bf\u03ba\u03af\u03bd\u03b7\u03c3\u03b7 \u03c3\u03c4\u03b7\u03bd \u0395\u03bd\u03bf\u03b9\u03ba\u03af\u03b1\u03c3\u03b7 \u0391\u03c5\u03c4\u03bf\u03ba\u03b9\u03bd\u03ae\u03c4\u03bf\u03c5","og:description":"\u0397\u03bb\u03b5\u03ba\u03c4\u03c1\u03bf\u03ba\u03af\u03bd\u03b7\u03c3\u03b7 \u03c3\u03c4\u03b7\u03bd \u0395\u03bd\u03bf\u03b9\u03ba\u03af\u03b1\u03c3\u03b7 \u0391\u03c5\u03c4\u03bf\u03ba\u03b9\u03bd\u03ae\u03c4\u03bf\u03c5 \u03c4\u03bf trend \u03c4\u03b7\u03c2 \u03b5\u03c0\u03bf\u03c7\u03ae\u03c2 \u03cc\u03c3\u03bf\u03bd \u03b1\u03c6\u03bf\u03c1\u03ac \u03c4\u03b7\u03bd \u03b1\u03b3\u03bf\u03c1\u03ac \u03b1\u03c5\u03c4\u03bf\u03ba\u03b9\u03bd\u03ae\u03c4\u03bf\u03c5. \u0391\u03ba\u03bf\u03cd\u03c2 \u03b3\u03b9\u03b1 \u03c4\u03bf \u03c0\u03cc\u03c3\u03bf \u03c3\u03b7\u03bc\u03b1\u03bd\u03c4\u03b9\u03ba\u03ae \u03b5\u03af\u03bd\u03b1\u03b9 \u03b7 \u03bc\u03b5\u03c4\u03ac\u03b2\u03b1\u03c3\u03b7 \u03c3\u03c4\u03b7\u03bd \u03b7\u03bb\u03b5\u03ba\u03c4\u03c1\u03bf\u03ba\u03af\u03bd\u03b7\u03c3\u03b7","og:url":"https:\/\/rentacarigoumenitsa.gr\/de\/%ce%b7%ce%bb%ce%b5%ce%ba%cf%84%cf%81%ce%bf%ce%ba%ce%af%ce%bd%ce%b7%cf%83%ce%b7-%cf%83%cf%84%ce%b7%ce%bd-%ce%b5%ce%bd%ce%bf%ce%b9%ce%ba%ce%af%ce%b1%cf%83%ce%b7-%ce%b1%cf%85%cf%84%ce%bf%ce%ba%ce%b9%ce%bd%ce%ae%cf%84%ce%bf%cf%85\/","og:image":"https:\/\/rentacarigoumenitsa.gr\/wp-content\/uploads\/2025\/04\/young-couple-man-and-woman-traveling-together-by-n-2025-03-15-16-02-16-utc-scaled.jpg","og:image:secure_url":"https:\/\/rentacarigoumenitsa.gr\/wp-content\/uploads\/2025\/04\/young-couple-man-and-woman-traveling-together-by-n-2025-03-15-16-02-16-utc-scaled.jpg","og:image:width":2560,"og:image:height":1703,"article:published_time":"2025-04-04T12:20:59+00:00","article:modified_time":"2025-04-04T12:21:02+00:00","article:publisher":"https:\/\/www.facebook.com\/rentacarigoumenitsa\/","twitter:card":"summary_large_image","twitter:title":"\u0397\u03bb\u03b5\u03ba\u03c4\u03c1\u03bf\u03ba\u03af\u03bd\u03b7\u03c3\u03b7 \u03c3\u03c4\u03b7\u03bd \u0395\u03bd\u03bf\u03b9\u03ba\u03af\u03b1\u03c3\u03b7 \u0391\u03c5\u03c4\u03bf\u03ba\u03b9\u03bd\u03ae\u03c4\u03bf\u03c5","twitter:description":"\u0397\u03bb\u03b5\u03ba\u03c4\u03c1\u03bf\u03ba\u03af\u03bd\u03b7\u03c3\u03b7 \u03c3\u03c4\u03b7\u03bd \u0395\u03bd\u03bf\u03b9\u03ba\u03af\u03b1\u03c3\u03b7 \u0391\u03c5\u03c4\u03bf\u03ba\u03b9\u03bd\u03ae\u03c4\u03bf\u03c5 \u03c4\u03bf trend \u03c4\u03b7\u03c2 \u03b5\u03c0\u03bf\u03c7\u03ae\u03c2 \u03cc\u03c3\u03bf\u03bd \u03b1\u03c6\u03bf\u03c1\u03ac \u03c4\u03b7\u03bd \u03b1\u03b3\u03bf\u03c1\u03ac \u03b1\u03c5\u03c4\u03bf\u03ba\u03b9\u03bd\u03ae\u03c4\u03bf\u03c5. \u0391\u03ba\u03bf\u03cd\u03c2 \u03b3\u03b9\u03b1 \u03c4\u03bf \u03c0\u03cc\u03c3\u03bf \u03c3\u03b7\u03bc\u03b1\u03bd\u03c4\u03b9\u03ba\u03ae \u03b5\u03af\u03bd\u03b1\u03b9 \u03b7 \u03bc\u03b5\u03c4\u03ac\u03b2\u03b1\u03c3\u03b7 \u03c3\u03c4\u03b7\u03bd \u03b7\u03bb\u03b5\u03ba\u03c4\u03c1\u03bf\u03ba\u03af\u03bd\u03b7\u03c3\u03b7","twitter:image":"https:\/\/rentacarigoumenitsa.gr\/wp-content\/uploads\/2023\/12\/fb-cover.jpg"},"aioseo_meta_data":{"post_id":"385","title":"Elektrifizierung in der Autovermietung","description":"Elektrifizierung in der Autovermietung ist der Trend der Stunde beim Autokauf. Man h\u00f6rt, wie wichtig der \u00dcbergang zur Elektrifizierung ist","keywords":null,"keyphrases":{"focus":{"keyphrase":"\u0397\u03bb\u03b5\u03ba\u03c4\u03c1\u03bf\u03ba\u03af\u03bd\u03b7\u03c3\u03b7","score":78,"analysis":{"keyphraseInTitle":{"score":9,"maxScore":9,"error":0},"keyphraseInDescription":{"score":9,"maxScore":9,"error":0},"keyphraseLength":{"score":-999,"maxScore":9,"error":1,"length":0},"keyphraseInURL":{"score":5,"maxScore":5,"error":0},"keyphraseInIntroduction":{"score":9,"maxScore":9,"error":0},"keyphraseInSubHeadings":[],"keyphraseInImageAlt":[],"keywordDensity":{"type":"high","score":0,"maxScore":9,"error":1}}},"additional":[]},"primary_term":null,"canonical_url":null,"og_title":null,"og_description":null,"og_object_type":"default","og_image_type":"default","og_image_url":null,"og_image_width":null,"og_image_height":null,"og_image_custom_url":null,"og_image_custom_fields":null,"og_video":"","og_custom_url":null,"og_article_section":null,"og_article_tags":null,"twitter_use_og":false,"twitter_card":"default","twitter_image_type":"default","twitter_image_url":null,"twitter_image_custom_url":null,"twitter_image_custom_fields":null,"twitter_title":null,"twitter_description":null,"schema":{"blockGraphs":[],"customGraphs":[],"default":{"data":{"Article":[],"Course":[],"Dataset":[],"FAQPage":[],"Movie":[],"Person":[],"Product":[],"ProductReview":[],"Car":[],"Recipe":[],"Service":[],"SoftwareApplication":[],"WebPage":[]},"graphName":"BlogPosting","isEnabled":true},"graphs":[]},"schema_type":"default","schema_type_options":null,"pillar_content":false,"robots_default":true,"robots_noindex":false,"robots_noarchive":false,"robots_nosnippet":false,"robots_nofollow":false,"robots_noimageindex":false,"robots_noodp":false,"robots_notranslate":false,"robots_max_snippet":"-1","robots_max_videopreview":"-1","robots_max_imagepreview":"large","priority":null,"frequency":"default","local_seo":null,"seo_analyzer_scan_date":"2025-09-19 10:33:20","breadcrumb_settings":null,"limit_modified_date":false,"open_ai":"{\"title\":{\"suggestions\":[],\"usage\":0},\"description\":{\"suggestions\":[],\"usage\":0}}","ai":null,"created":"2025-04-04 12:21:00","updated":"2025-12-03 13:22:12"},"aioseo_breadcrumb":"<div class=\"aioseo-breadcrumbs\"><span class=\"aioseo-breadcrumb\">\n\t<a href=\"https:\/\/rentacarigoumenitsa.gr\/de\" title=\"Home\">Home<\/a>\n<\/span><span class=\"aioseo-breadcrumb-separator\">&raquo;<\/span><span class=\"aioseo-breadcrumb\">\n\t<a href=\"https:\/\/rentacarigoumenitsa.gr\/de\/category\/uncategorized\/\" title=\"Uncategorized\">Uncategorized<\/a>\n<\/span><span class=\"aioseo-breadcrumb-separator\">&raquo;<\/span><span class=\"aioseo-breadcrumb\">\n\t\u0397\u03bb\u03b5\u03ba\u03c4\u03c1\u03bf\u03ba\u03af\u03bd\u03b7\u03c3\u03b7 \u03c3\u03c4\u03b7\u03bd \u0395\u03bd\u03bf\u03b9\u03ba\u03af\u03b1\u03c3\u03b7 \u0391\u03c5\u03c4\u03bf\u03ba\u03b9\u03bd\u03ae\u03c4\u03bf\u03c5\n<\/span><\/div>","aioseo_breadcrumb_json":[{"label":"Home","link":"https:\/\/rentacarigoumenitsa.gr\/de"},{"label":"Uncategorized","link":"https:\/\/rentacarigoumenitsa.gr\/de\/category\/uncategorized\/"},{"label":"\u0397\u03bb\u03b5\u03ba\u03c4\u03c1\u03bf\u03ba\u03af\u03bd\u03b7\u03c3\u03b7 \u03c3\u03c4\u03b7\u03bd \u0395\u03bd\u03bf\u03b9\u03ba\u03af\u03b1\u03c3\u03b7 \u0391\u03c5\u03c4\u03bf\u03ba\u03b9\u03bd\u03ae\u03c4\u03bf\u03c5","link":"https:\/\/rentacarigoumenitsa.gr\/de\/%ce%b7%ce%bb%ce%b5%ce%ba%cf%84%cf%81%ce%bf%ce%ba%ce%af%ce%bd%ce%b7%cf%83%ce%b7-%cf%83%cf%84%ce%b7%ce%bd-%ce%b5%ce%bd%ce%bf%ce%b9%ce%ba%ce%af%ce%b1%cf%83%ce%b7-%ce%b1%cf%85%cf%84%ce%bf%ce%ba%ce%b9%ce%bd%ce%ae%cf%84%ce%bf%cf%85\/"}],"_links":{"self":[{"href":"https:\/\/rentacarigoumenitsa.gr\/de\/wp-json\/wp\/v2\/posts\/385","targetHints":{"allow":["GET"]}}],"collection":[{"href":"https:\/\/rentacarigoumenitsa.gr\/de\/wp-json\/wp\/v2\/posts"}],"about":[{"href":"https:\/\/rentacarigoumenitsa.gr\/de\/wp-json\/wp\/v2\/types\/post"}],"author":[{"embeddable":true,"href":"https:\/\/rentacarigoumenitsa.gr\/de\/wp-json\/wp\/v2\/users\/1"}],"replies":[{"embeddable":true,"href":"https:\/\/rentacarigoumenitsa.gr\/de\/wp-json\/wp\/v2\/comments?post=385"}],"version-history":[{"count":1,"href":"https:\/\/rentacarigoumenitsa.gr\/de\/wp-json\/wp\/v2\/posts\/385\/revisions"}],"predecessor-version":[{"id":387,"href":"https:\/\/rentacarigoumenitsa.gr\/de\/wp-json\/wp\/v2\/posts\/385\/revisions\/387"}],"wp:featuredmedia":[{"embeddable":true,"href":"https:\/\/rentacarigoumenitsa.gr\/de\/wp-json\/wp\/v2\/media\/386"}],"wp:attachment":[{"href":"https:\/\/rentacarigoumenitsa.gr\/de\/wp-json\/wp\/v2\/media?parent=385"}],"wp:term":[{"taxonomy":"category","embeddable":true,"href":"https:\/\/rentacarigoumenitsa.gr\/de\/wp-json\/wp\/v2\/categories?post=385"},{"taxonomy":"post_tag","embeddable":true,"href":"https:\/\/rentacarigoumenitsa.gr\/de\/wp-json\/wp\/v2\/tags?post=385"}],"curies":[{"name":"wp","href":"https:\/\/api.w.org\/{rel}","templated":true}]}}