{"id":381,"date":"2025-04-04T15:12:09","date_gmt":"2025-04-04T12:12:09","guid":{"rendered":"https:\/\/rentacarigoumenitsa.gr\/?p=381"},"modified":"2025-04-04T15:14:17","modified_gmt":"2025-04-04T12:14:17","slug":"%ce%ba%ce%ac%cf%81%cf%84%ce%b1-%ce%b5%cf%81%ce%b3%ce%b1%cf%83%ce%af%ce%b1%cf%82-%cf%84%ce%bf%cf%85%cf%81%ce%b9%cf%83%ce%bc%cf%8c%cf%82-%ce%ba%ce%b1%ce%b9-%ce%b5%cf%84%ce%b1%ce%b9%cf%81%ce%b5%ce%af%ce%b5%cf%82-%ce%b5%ce%bd%ce%bf%ce%b9%ce%ba%ce%b9%ce%b1%ce%b6%ce%bf%ce%bc%ce%ad%ce%bd%cf%89%ce%bd-%ce%b1%cf%85%cf%84%ce%bf%ce%ba%ce%b9%ce%bd%ce%ae%cf%84%cf%89%ce%bd","status":"publish","type":"post","link":"https:\/\/rentacarigoumenitsa.gr\/de\/%ce%ba%ce%ac%cf%81%cf%84%ce%b1-%ce%b5%cf%81%ce%b3%ce%b1%cf%83%ce%af%ce%b1%cf%82-%cf%84%ce%bf%cf%85%cf%81%ce%b9%cf%83%ce%bc%cf%8c%cf%82-%ce%ba%ce%b1%ce%b9-%ce%b5%cf%84%ce%b1%ce%b9%cf%81%ce%b5%ce%af%ce%b5%cf%82-%ce%b5%ce%bd%ce%bf%ce%b9%ce%ba%ce%b9%ce%b1%ce%b6%ce%bf%ce%bc%ce%ad%ce%bd%cf%89%ce%bd-%ce%b1%cf%85%cf%84%ce%bf%ce%ba%ce%b9%ce%bd%ce%ae%cf%84%cf%89%ce%bd\/","title":{"rendered":"Arbeitskarte, Tourismus und Autovermietungen"},"content":{"rendered":"<p><span style=\"font-family: Calibri, sans-serif; caret-color: rgb(0, 0, 0); color: rgb(0, 0, 0); font-size: medium; white-space: normal;\">\u0397 <a href=\"https:\/\/www.taxheaven.gr\/news\/69738\/pshfiakh-karta-ergasias-synoptikos-odhgos\" title=\"\">digitale Arbeitskarte<\/a> ist eine neue Anwendung der digitalen Instrumente der Regierung zur Bek\u00e4mpfung der illegalen oder nicht angemeldeten Arbeit und zur Erfassung von Arbeitsfragen im griechischen Hoheitsgebiet. Die digitale Umstellung von Arbeitnehmern und Arbeitgebern erfolgt wie bei vielen anderen Formen der Digitalisierung sofort, und normalerweise gibt es in diesen F\u00e4llen viele L\u00fccken, bis die Ma\u00dfnahme vollst\u00e4ndig umgesetzt ist.<\/span><p class=\"MsoNormal\" style=\"margin: 0cm; font-size: medium; font-family: &quot;Times New Roman&quot;, serif; caret-color: rgb(0, 0, 0); color: rgb(0, 0, 0); white-space: normal;\"><span style=\"font-family: Calibri, sans-serif;\"><o:p>\u00a0<\/o:p>Viele Unternehmen werden aufgefordert, spezielle Ausr\u00fcstungen am Arbeitsplatz anzuschaffen und zu installieren, Arbeitgeber und Arbeitnehmer sofort mit dieser Ma\u00dfnahme vertraut zu machen, und dies alles inmitten finanzieller \u00c4ngste. Diese Ma\u00dfnahme gilt zun\u00e4chst f\u00fcr das Gastst\u00e4ttengewerbe und den Tourismus, sp\u00e4ter auch f\u00fcr alle anderen Sektoren.<o:p>\u00a0<\/o:p>Die Fachleute sind wieder einmal unschl\u00fcssig und stellen die Ma\u00dfnahme in Frage: \"Aber haben sie Recht?\u00a0<o:p>\u00a0<\/o:p>Die Wahrheit ist, dass es in Griechenland eine gro\u00dfe Zahl von Schwarzarbeitern gibt, die in Verbindung mit dem Mangel an Arbeitskr\u00e4ften das Projekt dieser Ma\u00dfnahme von Anfang an zum Scheitern verurteilt, und dass das Unternehmertum in Griechenland leider haupts\u00e4chlich aus sehr kleinen Unternehmen oder Selbstst\u00e4ndigen besteht, vor allem in der Gastronomie und im Tourismus. Auf der anderen Seite legt der Staat in dem Bem\u00fchen, Geld zu sparen, diesen Unternehmen st\u00e4ndig Hindernisse in den Weg, sei es durch Besteuerung oder durch digitale Instrumente, um Steuerhinterziehung und Schwarzarbeit zu bek\u00e4mpfen, wobei die Haltung der zentralen Verwaltung gegen\u00fcber diesen Unternehmen die eines multinationalen Unternehmens mit einer gro\u00dfen Zahl von Besch\u00e4ftigten zu sein scheint.\u00a0\u00a0\u00a0\u00a0<o:p>\u00a0<\/o:p>Es w\u00e4re angebracht, eine Bestandsaufnahme der Unternehmen in Griechenland und ihrer tats\u00e4chlichen Bed\u00fcrfnisse vorzunehmen. Die Zentralverwaltung sollte den Unternehmen und Arbeitnehmern finanzielle Anreize und klare Leitlinien an die Hand geben und Ma\u00dfnahmen ergreifen, die Probleme l\u00f6sen, anstatt Verwirrung zu stiften.<o:p>\u00a0<\/o:p>So wie die Dinge jetzt stehen, werden die Unternehmen in der Angst vor einer Geldstrafe leben und die Arbeitnehmer werden es vorziehen, entweder minimal zu arbeiten, nicht angemeldet zu sein oder das Notpflaster zu suchen.<o:p>\u00a0<\/o:p>In Tourismusbetrieben, in denen der Personalbedarf in den Sommermonaten hoch ist, ist die Situation aufgrund von \u00dcberstunden oder \u00dcberlastung schwieriger.<o:p>\u00a0<\/o:p>Insbesondere in den Unternehmen <a href=\"https:\/\/rentacarigoumenitsa.gr\/de\/ein-auto-mieten-oder-kaufen\/\" title=\"\">Autovermietungen<\/a> Wenn die Arbeitnehmer nicht st\u00e4ndig am Arbeitsplatz anwesend sind, scheint die Umsetzung der Ma\u00dfnahme dysfunktional zu sein.<o:p>\u00a0<\/o:p>In Anbetracht der derzeitigen Situation und der Einf\u00fchrung des digitalen Arbeitsausweises wird das Ph\u00e4nomen der Schwarzarbeit zumindest in den oben genannten Sektoren zunehmen, und die Arbeitgeber werden in erster Linie und die Arbeitnehmer in zweiter Linie nach M\u00f6glichkeiten suchen, die Kontrollen zu umgehen.<o:p>\u00a0<\/o:p><\/span><\/p><\/p>","protected":false},"excerpt":{"rendered":"<p>\u0397 \u03c8\u03b7\u03c6\u03b9\u03b1\u03ba\u03ae \u03ba\u03ac\u03c1\u03c4\u03b1 \u03b5\u03c1\u03b3\u03b1\u03c3\u03af\u03b1\u03c2 \u03b5\u03af\u03bd\u03b1\u03b9 \u03bc\u03b9\u03b1 \u03bd\u03b5\u03b1 \u03b5\u03c6\u03b1\u03c1\u03bc\u03bf\u03b3\u03ae \u03c4\u03c9\u03bd \u03c8\u03b7\u03c6\u03b9\u03b1\u03ba\u03ce\u03bd \u03b5\u03c1\u03b3\u03b1\u03bb\u03b5\u03af\u03c9\u03bd \u03c4\u03b7\u03c2 \u03ba\u03c5\u03b2\u03ad\u03c1\u03bd\u03b7\u03c3\u03b7\u03c2 \u03b3\u03b9\u03b1 \u03c4\u03b7\u03bd \u03c0\u03ac\u03c4\u03b1\u03be\u03b7 \u03c4\u03b7\u03c2 \u03c0\u03b1\u03c1\u03ac\u03bd\u03bf\u03bc\u03b7\u03c2 \u03ae \u03b1\u03b4\u03ae\u03bb\u03c9\u03c4\u03b7\u03c2 \u03b5\u03c1\u03b3\u03b1\u03c3\u03af\u03b1\u03c2 \u03ba\u03b1\u03b8\u03ce\u03c2 \u03ba\u03b1\u03b9 \u03b3\u03b9\u03b1 \u03c4\u03b7 \u03c7\u03b1\u03c1\u03c4\u03bf\u03b3\u03c1\u03ac\u03c6\u03b7\u03c3\u03b7<span class=\"excerpt-hellip\"> [\u2026]<\/span><\/p>\n","protected":false},"author":1,"featured_media":384,"comment_status":"open","ping_status":"open","sticky":false,"template":"","format":"standard","meta":{"footnotes":""},"categories":[52,50],"tags":[89,87,88],"class_list":["post-381","post","type-post","status-publish","format-standard","has-post-thumbnail","hentry","category-52","category--epirus","tag---2","tag-87","tag-88"],"aioseo_notices":[],"aioseo_head":"\n\t\t<!-- All in One SEO Pro 4.9.4.2 - aioseo.com -->\n\t<meta name=\"description\" content=\"\u039a\u03ac\u03c1\u03c4\u03b1 \u03b5\u03c1\u03b3\u03b1\u03c3\u03af\u03b1\u03c2, \u03a4\u03bf\u03c5\u03c1\u03b9\u03c3\u03bc\u03cc\u03c2 \u03ba\u03b1\u03b9 \u0395\u03c4\u03b1\u03b9\u03c1\u03b5\u03af\u03b5\u03c2 \u03b5\u03bd\u03bf\u03b9\u03ba\u03b9\u03b1\u03b6\u03bf\u03bc\u03ad\u03bd\u03c9\u03bd \u03b1\u03c5\u03c4\u03bf\u03ba\u03b9\u03bd\u03ae\u03c4\u03c9\u03bd\" \/>\n\t<meta name=\"robots\" content=\"max-image-preview:large\" \/>\n\t<meta name=\"author\" content=\"Rent A Car Igoumenitsa\"\/>\n\t<meta name=\"google-site-verification\" content=\"S6xm9OozgzUNlz1XGUsqKaiQUGsb8eKTPjRIqVmbJRU\" \/>\n\t<link rel=\"canonical\" href=\"https:\/\/rentacarigoumenitsa.gr\/de\/%ce%ba%ce%ac%cf%81%cf%84%ce%b1-%ce%b5%cf%81%ce%b3%ce%b1%cf%83%ce%af%ce%b1%cf%82-%cf%84%ce%bf%cf%85%cf%81%ce%b9%cf%83%ce%bc%cf%8c%cf%82-%ce%ba%ce%b1%ce%b9-%ce%b5%cf%84%ce%b1%ce%b9%cf%81%ce%b5%ce%af%ce%b5%cf%82-%ce%b5%ce%bd%ce%bf%ce%b9%ce%ba%ce%b9%ce%b1%ce%b6%ce%bf%ce%bc%ce%ad%ce%bd%cf%89%ce%bd-%ce%b1%cf%85%cf%84%ce%bf%ce%ba%ce%b9%ce%bd%ce%ae%cf%84%cf%89%ce%bd\/\" \/>\n\t<meta name=\"generator\" content=\"All in One SEO Pro (AIOSEO) 4.9.4.2\" \/>\n\t\t<meta property=\"og:locale\" content=\"de_DE\" \/>\n\t\t<meta property=\"og:site_name\" content=\"Rent A Car Igoumenitsa -\" \/>\n\t\t<meta property=\"og:type\" content=\"article\" \/>\n\t\t<meta property=\"og:title\" content=\"\u039a\u03ac\u03c1\u03c4\u03b1 \u03b5\u03c1\u03b3\u03b1\u03c3\u03af\u03b1\u03c2, \u03a4\u03bf\u03c5\u03c1\u03b9\u03c3\u03bc\u03cc\u03c2 \u03ba\u03b1\u03b9 \u0395\u03c4\u03b1\u03b9\u03c1\u03b5\u03af\u03b5\u03c2 \u03b5\u03bd\u03bf\u03b9\u03ba\u03b9\u03b1\u03b6\u03bf\u03bc\u03ad\u03bd\u03c9\u03bd\" \/>\n\t\t<meta property=\"og:description\" content=\"\u039a\u03ac\u03c1\u03c4\u03b1 \u03b5\u03c1\u03b3\u03b1\u03c3\u03af\u03b1\u03c2, \u03a4\u03bf\u03c5\u03c1\u03b9\u03c3\u03bc\u03cc\u03c2 \u03ba\u03b1\u03b9 \u0395\u03c4\u03b1\u03b9\u03c1\u03b5\u03af\u03b5\u03c2 \u03b5\u03bd\u03bf\u03b9\u03ba\u03b9\u03b1\u03b6\u03bf\u03bc\u03ad\u03bd\u03c9\u03bd \u03b1\u03c5\u03c4\u03bf\u03ba\u03b9\u03bd\u03ae\u03c4\u03c9\u03bd\" \/>\n\t\t<meta property=\"og:url\" content=\"https:\/\/rentacarigoumenitsa.gr\/de\/%ce%ba%ce%ac%cf%81%cf%84%ce%b1-%ce%b5%cf%81%ce%b3%ce%b1%cf%83%ce%af%ce%b1%cf%82-%cf%84%ce%bf%cf%85%cf%81%ce%b9%cf%83%ce%bc%cf%8c%cf%82-%ce%ba%ce%b1%ce%b9-%ce%b5%cf%84%ce%b1%ce%b9%cf%81%ce%b5%ce%af%ce%b5%cf%82-%ce%b5%ce%bd%ce%bf%ce%b9%ce%ba%ce%b9%ce%b1%ce%b6%ce%bf%ce%bc%ce%ad%ce%bd%cf%89%ce%bd-%ce%b1%cf%85%cf%84%ce%bf%ce%ba%ce%b9%ce%bd%ce%ae%cf%84%cf%89%ce%bd\/\" \/>\n\t\t<meta property=\"og:image\" content=\"https:\/\/rentacarigoumenitsa.gr\/wp-content\/uploads\/2025\/04\/caucasian-businessman-with-laptop-in-underground-p-2025-03-23-16-49-46-utc-scaled.jpg\" \/>\n\t\t<meta property=\"og:image:secure_url\" content=\"https:\/\/rentacarigoumenitsa.gr\/wp-content\/uploads\/2025\/04\/caucasian-businessman-with-laptop-in-underground-p-2025-03-23-16-49-46-utc-scaled.jpg\" \/>\n\t\t<meta property=\"og:image:width\" content=\"2560\" \/>\n\t\t<meta property=\"og:image:height\" content=\"1707\" \/>\n\t\t<meta property=\"article:published_time\" content=\"2025-04-04T12:12:09+00:00\" \/>\n\t\t<meta property=\"article:modified_time\" content=\"2025-04-04T12:14:17+00:00\" \/>\n\t\t<meta property=\"article:publisher\" content=\"https:\/\/www.facebook.com\/rentacarigoumenitsa\/\" \/>\n\t\t<meta name=\"twitter:card\" content=\"summary_large_image\" \/>\n\t\t<meta name=\"twitter:title\" content=\"\u039a\u03ac\u03c1\u03c4\u03b1 \u03b5\u03c1\u03b3\u03b1\u03c3\u03af\u03b1\u03c2, \u03a4\u03bf\u03c5\u03c1\u03b9\u03c3\u03bc\u03cc\u03c2 \u03ba\u03b1\u03b9 \u0395\u03c4\u03b1\u03b9\u03c1\u03b5\u03af\u03b5\u03c2 \u03b5\u03bd\u03bf\u03b9\u03ba\u03b9\u03b1\u03b6\u03bf\u03bc\u03ad\u03bd\u03c9\u03bd\" \/>\n\t\t<meta name=\"twitter:description\" content=\"\u039a\u03ac\u03c1\u03c4\u03b1 \u03b5\u03c1\u03b3\u03b1\u03c3\u03af\u03b1\u03c2, \u03a4\u03bf\u03c5\u03c1\u03b9\u03c3\u03bc\u03cc\u03c2 \u03ba\u03b1\u03b9 \u0395\u03c4\u03b1\u03b9\u03c1\u03b5\u03af\u03b5\u03c2 \u03b5\u03bd\u03bf\u03b9\u03ba\u03b9\u03b1\u03b6\u03bf\u03bc\u03ad\u03bd\u03c9\u03bd \u03b1\u03c5\u03c4\u03bf\u03ba\u03b9\u03bd\u03ae\u03c4\u03c9\u03bd\" \/>\n\t\t<meta name=\"twitter:image\" content=\"https:\/\/rentacarigoumenitsa.gr\/wp-content\/uploads\/2023\/12\/fb-cover.jpg\" \/>\n\t\t<script type=\"application\/ld+json\" class=\"aioseo-schema\">\n\t\t\t{\"@context\":\"https:\\\/\\\/schema.org\",\"@graph\":[{\"@type\":\"BlogPosting\",\"@id\":\"https:\\\/\\\/rentacarigoumenitsa.gr\\\/de\\\/%ce%ba%ce%ac%cf%81%cf%84%ce%b1-%ce%b5%cf%81%ce%b3%ce%b1%cf%83%ce%af%ce%b1%cf%82-%cf%84%ce%bf%cf%85%cf%81%ce%b9%cf%83%ce%bc%cf%8c%cf%82-%ce%ba%ce%b1%ce%b9-%ce%b5%cf%84%ce%b1%ce%b9%cf%81%ce%b5%ce%af%ce%b5%cf%82-%ce%b5%ce%bd%ce%bf%ce%b9%ce%ba%ce%b9%ce%b1%ce%b6%ce%bf%ce%bc%ce%ad%ce%bd%cf%89%ce%bd-%ce%b1%cf%85%cf%84%ce%bf%ce%ba%ce%b9%ce%bd%ce%ae%cf%84%cf%89%ce%bd\\\/#blogposting\",\"name\":\"\\u039a\\u03ac\\u03c1\\u03c4\\u03b1 \\u03b5\\u03c1\\u03b3\\u03b1\\u03c3\\u03af\\u03b1\\u03c2, \\u03a4\\u03bf\\u03c5\\u03c1\\u03b9\\u03c3\\u03bc\\u03cc\\u03c2 \\u03ba\\u03b1\\u03b9 \\u0395\\u03c4\\u03b1\\u03b9\\u03c1\\u03b5\\u03af\\u03b5\\u03c2 \\u03b5\\u03bd\\u03bf\\u03b9\\u03ba\\u03b9\\u03b1\\u03b6\\u03bf\\u03bc\\u03ad\\u03bd\\u03c9\\u03bd\",\"headline\":\"\\u039a\\u03ac\\u03c1\\u03c4\\u03b1 \\u03b5\\u03c1\\u03b3\\u03b1\\u03c3\\u03af\\u03b1\\u03c2, \\u03a4\\u03bf\\u03c5\\u03c1\\u03b9\\u03c3\\u03bc\\u03cc\\u03c2 \\u03ba\\u03b1\\u03b9 \\u0395\\u03c4\\u03b1\\u03b9\\u03c1\\u03b5\\u03af\\u03b5\\u03c2 \\u03b5\\u03bd\\u03bf\\u03b9\\u03ba\\u03b9\\u03b1\\u03b6\\u03bf\\u03bc\\u03ad\\u03bd\\u03c9\\u03bd \\u03b1\\u03c5\\u03c4\\u03bf\\u03ba\\u03b9\\u03bd\\u03ae\\u03c4\\u03c9\\u03bd\",\"author\":{\"@id\":\"https:\\\/\\\/rentacarigoumenitsa.gr\\\/de\\\/author\\\/r234digou\\\/#author\"},\"publisher\":{\"@id\":\"https:\\\/\\\/rentacarigoumenitsa.gr\\\/de\\\/#organization\"},\"image\":{\"@type\":\"ImageObject\",\"url\":\"https:\\\/\\\/rentacarigoumenitsa.gr\\\/wp-content\\\/uploads\\\/2025\\\/04\\\/caucasian-businessman-with-laptop-in-underground-p-2025-03-23-16-49-46-utc-scaled.jpg\",\"width\":2560,\"height\":1707},\"datePublished\":\"2025-04-04T15:12:09+03:00\",\"dateModified\":\"2025-04-04T15:14:17+03:00\",\"inLanguage\":\"de-DE\",\"mainEntityOfPage\":{\"@id\":\"https:\\\/\\\/rentacarigoumenitsa.gr\\\/de\\\/%ce%ba%ce%ac%cf%81%cf%84%ce%b1-%ce%b5%cf%81%ce%b3%ce%b1%cf%83%ce%af%ce%b1%cf%82-%cf%84%ce%bf%cf%85%cf%81%ce%b9%cf%83%ce%bc%cf%8c%cf%82-%ce%ba%ce%b1%ce%b9-%ce%b5%cf%84%ce%b1%ce%b9%cf%81%ce%b5%ce%af%ce%b5%cf%82-%ce%b5%ce%bd%ce%bf%ce%b9%ce%ba%ce%b9%ce%b1%ce%b6%ce%bf%ce%bc%ce%ad%ce%bd%cf%89%ce%bd-%ce%b1%cf%85%cf%84%ce%bf%ce%ba%ce%b9%ce%bd%ce%ae%cf%84%cf%89%ce%bd\\\/#webpage\"},\"isPartOf\":{\"@id\":\"https:\\\/\\\/rentacarigoumenitsa.gr\\\/de\\\/%ce%ba%ce%ac%cf%81%cf%84%ce%b1-%ce%b5%cf%81%ce%b3%ce%b1%cf%83%ce%af%ce%b1%cf%82-%cf%84%ce%bf%cf%85%cf%81%ce%b9%cf%83%ce%bc%cf%8c%cf%82-%ce%ba%ce%b1%ce%b9-%ce%b5%cf%84%ce%b1%ce%b9%cf%81%ce%b5%ce%af%ce%b5%cf%82-%ce%b5%ce%bd%ce%bf%ce%b9%ce%ba%ce%b9%ce%b1%ce%b6%ce%bf%ce%bc%ce%ad%ce%bd%cf%89%ce%bd-%ce%b1%cf%85%cf%84%ce%bf%ce%ba%ce%b9%ce%bd%ce%ae%cf%84%cf%89%ce%bd\\\/#webpage\"},\"articleSection\":\"\\u0395\\u03bd\\u03bf\\u03b9\\u03ba\\u03af\\u03b1\\u03c3\\u03b7 \\u0391\\u03c5\\u03c4\\u03bf\\u03ba\\u03b9\\u03bd\\u03ae\\u03c4\\u03bf\\u03c5, \\u03a4\\u03bf\\u03c5\\u03c1\\u03b9\\u03c3\\u03bc\\u03cc\\u03c2 - \\u0389\\u03c0\\u03b5\\u03b9\\u03c1\\u03bf\\u03c2, \\u0395\\u03bd\\u03bf\\u03b9\\u03ba\\u03af\\u03b1\\u03c3\\u03b7 \\u0391\\u03c5\\u03c4\\u03bf\\u03ba\\u03b9\\u03bd\\u03ae\\u03c4\\u03bf\\u03c5, \\u039a\\u03b1\\u03c1\\u03c4\\u03b1 \\u03b5\\u03c1\\u03b3\\u03b1\\u03c3\\u03af\\u03b1\\u03c2, \\u03a4\\u03bf\\u03c5\\u03c1\\u03b9\\u03c3\\u03bc\\u03cc\\u03c2\"},{\"@type\":\"BreadcrumbList\",\"@id\":\"https:\\\/\\\/rentacarigoumenitsa.gr\\\/de\\\/%ce%ba%ce%ac%cf%81%cf%84%ce%b1-%ce%b5%cf%81%ce%b3%ce%b1%cf%83%ce%af%ce%b1%cf%82-%cf%84%ce%bf%cf%85%cf%81%ce%b9%cf%83%ce%bc%cf%8c%cf%82-%ce%ba%ce%b1%ce%b9-%ce%b5%cf%84%ce%b1%ce%b9%cf%81%ce%b5%ce%af%ce%b5%cf%82-%ce%b5%ce%bd%ce%bf%ce%b9%ce%ba%ce%b9%ce%b1%ce%b6%ce%bf%ce%bc%ce%ad%ce%bd%cf%89%ce%bd-%ce%b1%cf%85%cf%84%ce%bf%ce%ba%ce%b9%ce%bd%ce%ae%cf%84%cf%89%ce%bd\\\/#breadcrumblist\",\"itemListElement\":[{\"@type\":\"ListItem\",\"@id\":\"https:\\\/\\\/rentacarigoumenitsa.gr\\\/de#listItem\",\"position\":1,\"name\":\"Home\",\"item\":\"https:\\\/\\\/rentacarigoumenitsa.gr\\\/de\",\"nextItem\":{\"@type\":\"ListItem\",\"@id\":\"https:\\\/\\\/rentacarigoumenitsa.gr\\\/de\\\/category\\\/%cf%84%ce%bf%cf%85%cf%81%ce%b9%cf%83%ce%bc%cf%8c%cf%82-epirus\\\/#listItem\",\"name\":\"\\u03a4\\u03bf\\u03c5\\u03c1\\u03b9\\u03c3\\u03bc\\u03cc\\u03c2 - \\u0389\\u03c0\\u03b5\\u03b9\\u03c1\\u03bf\\u03c2\"}},{\"@type\":\"ListItem\",\"@id\":\"https:\\\/\\\/rentacarigoumenitsa.gr\\\/de\\\/category\\\/%cf%84%ce%bf%cf%85%cf%81%ce%b9%cf%83%ce%bc%cf%8c%cf%82-epirus\\\/#listItem\",\"position\":2,\"name\":\"\\u03a4\\u03bf\\u03c5\\u03c1\\u03b9\\u03c3\\u03bc\\u03cc\\u03c2 - \\u0389\\u03c0\\u03b5\\u03b9\\u03c1\\u03bf\\u03c2\",\"item\":\"https:\\\/\\\/rentacarigoumenitsa.gr\\\/de\\\/category\\\/%cf%84%ce%bf%cf%85%cf%81%ce%b9%cf%83%ce%bc%cf%8c%cf%82-epirus\\\/\",\"nextItem\":{\"@type\":\"ListItem\",\"@id\":\"https:\\\/\\\/rentacarigoumenitsa.gr\\\/de\\\/%ce%ba%ce%ac%cf%81%cf%84%ce%b1-%ce%b5%cf%81%ce%b3%ce%b1%cf%83%ce%af%ce%b1%cf%82-%cf%84%ce%bf%cf%85%cf%81%ce%b9%cf%83%ce%bc%cf%8c%cf%82-%ce%ba%ce%b1%ce%b9-%ce%b5%cf%84%ce%b1%ce%b9%cf%81%ce%b5%ce%af%ce%b5%cf%82-%ce%b5%ce%bd%ce%bf%ce%b9%ce%ba%ce%b9%ce%b1%ce%b6%ce%bf%ce%bc%ce%ad%ce%bd%cf%89%ce%bd-%ce%b1%cf%85%cf%84%ce%bf%ce%ba%ce%b9%ce%bd%ce%ae%cf%84%cf%89%ce%bd\\\/#listItem\",\"name\":\"\\u039a\\u03ac\\u03c1\\u03c4\\u03b1 \\u03b5\\u03c1\\u03b3\\u03b1\\u03c3\\u03af\\u03b1\\u03c2, \\u03a4\\u03bf\\u03c5\\u03c1\\u03b9\\u03c3\\u03bc\\u03cc\\u03c2 \\u03ba\\u03b1\\u03b9 \\u0395\\u03c4\\u03b1\\u03b9\\u03c1\\u03b5\\u03af\\u03b5\\u03c2 \\u03b5\\u03bd\\u03bf\\u03b9\\u03ba\\u03b9\\u03b1\\u03b6\\u03bf\\u03bc\\u03ad\\u03bd\\u03c9\\u03bd \\u03b1\\u03c5\\u03c4\\u03bf\\u03ba\\u03b9\\u03bd\\u03ae\\u03c4\\u03c9\\u03bd\"},\"previousItem\":{\"@type\":\"ListItem\",\"@id\":\"https:\\\/\\\/rentacarigoumenitsa.gr\\\/de#listItem\",\"name\":\"Home\"}},{\"@type\":\"ListItem\",\"@id\":\"https:\\\/\\\/rentacarigoumenitsa.gr\\\/de\\\/%ce%ba%ce%ac%cf%81%cf%84%ce%b1-%ce%b5%cf%81%ce%b3%ce%b1%cf%83%ce%af%ce%b1%cf%82-%cf%84%ce%bf%cf%85%cf%81%ce%b9%cf%83%ce%bc%cf%8c%cf%82-%ce%ba%ce%b1%ce%b9-%ce%b5%cf%84%ce%b1%ce%b9%cf%81%ce%b5%ce%af%ce%b5%cf%82-%ce%b5%ce%bd%ce%bf%ce%b9%ce%ba%ce%b9%ce%b1%ce%b6%ce%bf%ce%bc%ce%ad%ce%bd%cf%89%ce%bd-%ce%b1%cf%85%cf%84%ce%bf%ce%ba%ce%b9%ce%bd%ce%ae%cf%84%cf%89%ce%bd\\\/#listItem\",\"position\":3,\"name\":\"\\u039a\\u03ac\\u03c1\\u03c4\\u03b1 \\u03b5\\u03c1\\u03b3\\u03b1\\u03c3\\u03af\\u03b1\\u03c2, \\u03a4\\u03bf\\u03c5\\u03c1\\u03b9\\u03c3\\u03bc\\u03cc\\u03c2 \\u03ba\\u03b1\\u03b9 \\u0395\\u03c4\\u03b1\\u03b9\\u03c1\\u03b5\\u03af\\u03b5\\u03c2 \\u03b5\\u03bd\\u03bf\\u03b9\\u03ba\\u03b9\\u03b1\\u03b6\\u03bf\\u03bc\\u03ad\\u03bd\\u03c9\\u03bd \\u03b1\\u03c5\\u03c4\\u03bf\\u03ba\\u03b9\\u03bd\\u03ae\\u03c4\\u03c9\\u03bd\",\"previousItem\":{\"@type\":\"ListItem\",\"@id\":\"https:\\\/\\\/rentacarigoumenitsa.gr\\\/de\\\/category\\\/%cf%84%ce%bf%cf%85%cf%81%ce%b9%cf%83%ce%bc%cf%8c%cf%82-epirus\\\/#listItem\",\"name\":\"\\u03a4\\u03bf\\u03c5\\u03c1\\u03b9\\u03c3\\u03bc\\u03cc\\u03c2 - \\u0389\\u03c0\\u03b5\\u03b9\\u03c1\\u03bf\\u03c2\"}}]},{\"@type\":\"Organization\",\"@id\":\"https:\\\/\\\/rentacarigoumenitsa.gr\\\/de\\\/#organization\",\"name\":\"Rent A Car Igoumenitsa\",\"url\":\"https:\\\/\\\/rentacarigoumenitsa.gr\\\/de\\\/\",\"email\":\"igourent@gmail.com\",\"telephone\":\"+302665027666\",\"logo\":{\"@type\":\"ImageObject\",\"url\":\"https:\\\/\\\/rentacarigoumenitsa.gr\\\/wp-content\\\/uploads\\\/2023\\\/11\\\/logo-mobile.png\",\"@id\":\"https:\\\/\\\/rentacarigoumenitsa.gr\\\/de\\\/%ce%ba%ce%ac%cf%81%cf%84%ce%b1-%ce%b5%cf%81%ce%b3%ce%b1%cf%83%ce%af%ce%b1%cf%82-%cf%84%ce%bf%cf%85%cf%81%ce%b9%cf%83%ce%bc%cf%8c%cf%82-%ce%ba%ce%b1%ce%b9-%ce%b5%cf%84%ce%b1%ce%b9%cf%81%ce%b5%ce%af%ce%b5%cf%82-%ce%b5%ce%bd%ce%bf%ce%b9%ce%ba%ce%b9%ce%b1%ce%b6%ce%bf%ce%bc%ce%ad%ce%bd%cf%89%ce%bd-%ce%b1%cf%85%cf%84%ce%bf%ce%ba%ce%b9%ce%bd%ce%ae%cf%84%cf%89%ce%bd\\\/#organizationLogo\",\"width\":250,\"height\":100},\"image\":{\"@id\":\"https:\\\/\\\/rentacarigoumenitsa.gr\\\/de\\\/%ce%ba%ce%ac%cf%81%cf%84%ce%b1-%ce%b5%cf%81%ce%b3%ce%b1%cf%83%ce%af%ce%b1%cf%82-%cf%84%ce%bf%cf%85%cf%81%ce%b9%cf%83%ce%bc%cf%8c%cf%82-%ce%ba%ce%b1%ce%b9-%ce%b5%cf%84%ce%b1%ce%b9%cf%81%ce%b5%ce%af%ce%b5%cf%82-%ce%b5%ce%bd%ce%bf%ce%b9%ce%ba%ce%b9%ce%b1%ce%b6%ce%bf%ce%bc%ce%ad%ce%bd%cf%89%ce%bd-%ce%b1%cf%85%cf%84%ce%bf%ce%ba%ce%b9%ce%bd%ce%ae%cf%84%cf%89%ce%bd\\\/#organizationLogo\"},\"sameAs\":[\"https:\\\/\\\/www.facebook.com\\\/rentacarigoumenitsa\\\/\",\"https:\\\/\\\/www.instagram.com\\\/rentcarigoumenitsa\\\/\",\"https:\\\/\\\/www.youtube.com\\\/@rentacarigoumenitsa\"],\"address\":{\"@id\":\"https:\\\/\\\/rentacarigoumenitsa.gr\\\/de\\\/#postaladdress\",\"@type\":\"PostalAddress\",\"streetAddress\":\"Agion Apostolon 39-41,\",\"postalCode\":\"46100\",\"addressLocality\":\"Igoumenitsa\",\"addressRegion\":\"Thesprotia\",\"addressCountry\":\"GR\"},\"vatID\":\"EL121704960\"},{\"@type\":\"Person\",\"@id\":\"https:\\\/\\\/rentacarigoumenitsa.gr\\\/de\\\/author\\\/r234digou\\\/#author\",\"url\":\"https:\\\/\\\/rentacarigoumenitsa.gr\\\/de\\\/author\\\/r234digou\\\/\",\"name\":\"Rent A Car Igoumenitsa\",\"image\":{\"@type\":\"ImageObject\",\"@id\":\"https:\\\/\\\/rentacarigoumenitsa.gr\\\/de\\\/%ce%ba%ce%ac%cf%81%cf%84%ce%b1-%ce%b5%cf%81%ce%b3%ce%b1%cf%83%ce%af%ce%b1%cf%82-%cf%84%ce%bf%cf%85%cf%81%ce%b9%cf%83%ce%bc%cf%8c%cf%82-%ce%ba%ce%b1%ce%b9-%ce%b5%cf%84%ce%b1%ce%b9%cf%81%ce%b5%ce%af%ce%b5%cf%82-%ce%b5%ce%bd%ce%bf%ce%b9%ce%ba%ce%b9%ce%b1%ce%b6%ce%bf%ce%bc%ce%ad%ce%bd%cf%89%ce%bd-%ce%b1%cf%85%cf%84%ce%bf%ce%ba%ce%b9%ce%bd%ce%ae%cf%84%cf%89%ce%bd\\\/#authorImage\",\"url\":\"https:\\\/\\\/secure.gravatar.com\\\/avatar\\\/b0b84ab4d14d5f8ae68249bf4101f022df1c7a8f51673576528c824772929605?s=96&d=mm&r=g\",\"width\":96,\"height\":96,\"caption\":\"Rent A Car Igoumenitsa\"}},{\"@type\":\"WebPage\",\"@id\":\"https:\\\/\\\/rentacarigoumenitsa.gr\\\/de\\\/%ce%ba%ce%ac%cf%81%cf%84%ce%b1-%ce%b5%cf%81%ce%b3%ce%b1%cf%83%ce%af%ce%b1%cf%82-%cf%84%ce%bf%cf%85%cf%81%ce%b9%cf%83%ce%bc%cf%8c%cf%82-%ce%ba%ce%b1%ce%b9-%ce%b5%cf%84%ce%b1%ce%b9%cf%81%ce%b5%ce%af%ce%b5%cf%82-%ce%b5%ce%bd%ce%bf%ce%b9%ce%ba%ce%b9%ce%b1%ce%b6%ce%bf%ce%bc%ce%ad%ce%bd%cf%89%ce%bd-%ce%b1%cf%85%cf%84%ce%bf%ce%ba%ce%b9%ce%bd%ce%ae%cf%84%cf%89%ce%bd\\\/#webpage\",\"url\":\"https:\\\/\\\/rentacarigoumenitsa.gr\\\/de\\\/%ce%ba%ce%ac%cf%81%cf%84%ce%b1-%ce%b5%cf%81%ce%b3%ce%b1%cf%83%ce%af%ce%b1%cf%82-%cf%84%ce%bf%cf%85%cf%81%ce%b9%cf%83%ce%bc%cf%8c%cf%82-%ce%ba%ce%b1%ce%b9-%ce%b5%cf%84%ce%b1%ce%b9%cf%81%ce%b5%ce%af%ce%b5%cf%82-%ce%b5%ce%bd%ce%bf%ce%b9%ce%ba%ce%b9%ce%b1%ce%b6%ce%bf%ce%bc%ce%ad%ce%bd%cf%89%ce%bd-%ce%b1%cf%85%cf%84%ce%bf%ce%ba%ce%b9%ce%bd%ce%ae%cf%84%cf%89%ce%bd\\\/\",\"name\":\"\\u039a\\u03ac\\u03c1\\u03c4\\u03b1 \\u03b5\\u03c1\\u03b3\\u03b1\\u03c3\\u03af\\u03b1\\u03c2, \\u03a4\\u03bf\\u03c5\\u03c1\\u03b9\\u03c3\\u03bc\\u03cc\\u03c2 \\u03ba\\u03b1\\u03b9 \\u0395\\u03c4\\u03b1\\u03b9\\u03c1\\u03b5\\u03af\\u03b5\\u03c2 \\u03b5\\u03bd\\u03bf\\u03b9\\u03ba\\u03b9\\u03b1\\u03b6\\u03bf\\u03bc\\u03ad\\u03bd\\u03c9\\u03bd\",\"description\":\"\\u039a\\u03ac\\u03c1\\u03c4\\u03b1 \\u03b5\\u03c1\\u03b3\\u03b1\\u03c3\\u03af\\u03b1\\u03c2, \\u03a4\\u03bf\\u03c5\\u03c1\\u03b9\\u03c3\\u03bc\\u03cc\\u03c2 \\u03ba\\u03b1\\u03b9 \\u0395\\u03c4\\u03b1\\u03b9\\u03c1\\u03b5\\u03af\\u03b5\\u03c2 \\u03b5\\u03bd\\u03bf\\u03b9\\u03ba\\u03b9\\u03b1\\u03b6\\u03bf\\u03bc\\u03ad\\u03bd\\u03c9\\u03bd \\u03b1\\u03c5\\u03c4\\u03bf\\u03ba\\u03b9\\u03bd\\u03ae\\u03c4\\u03c9\\u03bd\",\"inLanguage\":\"de-DE\",\"isPartOf\":{\"@id\":\"https:\\\/\\\/rentacarigoumenitsa.gr\\\/de\\\/#website\"},\"breadcrumb\":{\"@id\":\"https:\\\/\\\/rentacarigoumenitsa.gr\\\/de\\\/%ce%ba%ce%ac%cf%81%cf%84%ce%b1-%ce%b5%cf%81%ce%b3%ce%b1%cf%83%ce%af%ce%b1%cf%82-%cf%84%ce%bf%cf%85%cf%81%ce%b9%cf%83%ce%bc%cf%8c%cf%82-%ce%ba%ce%b1%ce%b9-%ce%b5%cf%84%ce%b1%ce%b9%cf%81%ce%b5%ce%af%ce%b5%cf%82-%ce%b5%ce%bd%ce%bf%ce%b9%ce%ba%ce%b9%ce%b1%ce%b6%ce%bf%ce%bc%ce%ad%ce%bd%cf%89%ce%bd-%ce%b1%cf%85%cf%84%ce%bf%ce%ba%ce%b9%ce%bd%ce%ae%cf%84%cf%89%ce%bd\\\/#breadcrumblist\"},\"author\":{\"@id\":\"https:\\\/\\\/rentacarigoumenitsa.gr\\\/de\\\/author\\\/r234digou\\\/#author\"},\"creator\":{\"@id\":\"https:\\\/\\\/rentacarigoumenitsa.gr\\\/de\\\/author\\\/r234digou\\\/#author\"},\"image\":{\"@type\":\"ImageObject\",\"url\":\"https:\\\/\\\/rentacarigoumenitsa.gr\\\/wp-content\\\/uploads\\\/2025\\\/04\\\/caucasian-businessman-with-laptop-in-underground-p-2025-03-23-16-49-46-utc-scaled.jpg\",\"@id\":\"https:\\\/\\\/rentacarigoumenitsa.gr\\\/de\\\/%ce%ba%ce%ac%cf%81%cf%84%ce%b1-%ce%b5%cf%81%ce%b3%ce%b1%cf%83%ce%af%ce%b1%cf%82-%cf%84%ce%bf%cf%85%cf%81%ce%b9%cf%83%ce%bc%cf%8c%cf%82-%ce%ba%ce%b1%ce%b9-%ce%b5%cf%84%ce%b1%ce%b9%cf%81%ce%b5%ce%af%ce%b5%cf%82-%ce%b5%ce%bd%ce%bf%ce%b9%ce%ba%ce%b9%ce%b1%ce%b6%ce%bf%ce%bc%ce%ad%ce%bd%cf%89%ce%bd-%ce%b1%cf%85%cf%84%ce%bf%ce%ba%ce%b9%ce%bd%ce%ae%cf%84%cf%89%ce%bd\\\/#mainImage\",\"width\":2560,\"height\":1707},\"primaryImageOfPage\":{\"@id\":\"https:\\\/\\\/rentacarigoumenitsa.gr\\\/de\\\/%ce%ba%ce%ac%cf%81%cf%84%ce%b1-%ce%b5%cf%81%ce%b3%ce%b1%cf%83%ce%af%ce%b1%cf%82-%cf%84%ce%bf%cf%85%cf%81%ce%b9%cf%83%ce%bc%cf%8c%cf%82-%ce%ba%ce%b1%ce%b9-%ce%b5%cf%84%ce%b1%ce%b9%cf%81%ce%b5%ce%af%ce%b5%cf%82-%ce%b5%ce%bd%ce%bf%ce%b9%ce%ba%ce%b9%ce%b1%ce%b6%ce%bf%ce%bc%ce%ad%ce%bd%cf%89%ce%bd-%ce%b1%cf%85%cf%84%ce%bf%ce%ba%ce%b9%ce%bd%ce%ae%cf%84%cf%89%ce%bd\\\/#mainImage\"},\"datePublished\":\"2025-04-04T15:12:09+03:00\",\"dateModified\":\"2025-04-04T15:14:17+03:00\"},{\"@type\":\"WebSite\",\"@id\":\"https:\\\/\\\/rentacarigoumenitsa.gr\\\/de\\\/#website\",\"url\":\"https:\\\/\\\/rentacarigoumenitsa.gr\\\/de\\\/\",\"name\":\"Rent A Car Igoumenitsa\",\"alternateName\":\"\\u0395\\u03bd\\u03bf\\u03b9\\u03ba\\u03af\\u03b1\\u03c3\\u03b7 \\u03b1\\u03c5\\u03c4\\u03bf\\u03ba\\u03b9\\u03bd\\u03ae\\u03c4\\u03bf\\u03c5 \\u0397\\u03b3\\u03bf\\u03c5\\u03bc\\u03b5\\u03bd\\u03af\\u03c4\\u03c3\\u03b1\",\"inLanguage\":\"de-DE\",\"publisher\":{\"@id\":\"https:\\\/\\\/rentacarigoumenitsa.gr\\\/de\\\/#organization\"}}]}\n\t\t<\/script>\n\t\t<!-- All in One SEO Pro -->\r\n\t\t<title>\u039a\u03ac\u03c1\u03c4\u03b1 \u03b5\u03c1\u03b3\u03b1\u03c3\u03af\u03b1\u03c2, \u03a4\u03bf\u03c5\u03c1\u03b9\u03c3\u03bc\u03cc\u03c2 \u03ba\u03b1\u03b9 \u0395\u03c4\u03b1\u03b9\u03c1\u03b5\u03af\u03b5\u03c2 \u03b5\u03bd\u03bf\u03b9\u03ba\u03b9\u03b1\u03b6\u03bf\u03bc\u03ad\u03bd\u03c9\u03bd<\/title>\n\n","aioseo_head_json":{"title":"Arbeitskarte, Tourismus und Vermietungsunternehmen","description":"Arbeitskarte, Tourismus und Autovermietungen","canonical_url":"https:\/\/rentacarigoumenitsa.gr\/de\/%ce%ba%ce%ac%cf%81%cf%84%ce%b1-%ce%b5%cf%81%ce%b3%ce%b1%cf%83%ce%af%ce%b1%cf%82-%cf%84%ce%bf%cf%85%cf%81%ce%b9%cf%83%ce%bc%cf%8c%cf%82-%ce%ba%ce%b1%ce%b9-%ce%b5%cf%84%ce%b1%ce%b9%cf%81%ce%b5%ce%af%ce%b5%cf%82-%ce%b5%ce%bd%ce%bf%ce%b9%ce%ba%ce%b9%ce%b1%ce%b6%ce%bf%ce%bc%ce%ad%ce%bd%cf%89%ce%bd-%ce%b1%cf%85%cf%84%ce%bf%ce%ba%ce%b9%ce%bd%ce%ae%cf%84%cf%89%ce%bd\/","robots":"max-image-preview:large","keywords":"","webmasterTools":{"google-site-verification":"S6xm9OozgzUNlz1XGUsqKaiQUGsb8eKTPjRIqVmbJRU","miscellaneous":""},"schema":{"@context":"https:\/\/schema.org","@graph":[{"@type":"BlogPosting","@id":"https:\/\/rentacarigoumenitsa.gr\/de\/%ce%ba%ce%ac%cf%81%cf%84%ce%b1-%ce%b5%cf%81%ce%b3%ce%b1%cf%83%ce%af%ce%b1%cf%82-%cf%84%ce%bf%cf%85%cf%81%ce%b9%cf%83%ce%bc%cf%8c%cf%82-%ce%ba%ce%b1%ce%b9-%ce%b5%cf%84%ce%b1%ce%b9%cf%81%ce%b5%ce%af%ce%b5%cf%82-%ce%b5%ce%bd%ce%bf%ce%b9%ce%ba%ce%b9%ce%b1%ce%b6%ce%bf%ce%bc%ce%ad%ce%bd%cf%89%ce%bd-%ce%b1%cf%85%cf%84%ce%bf%ce%ba%ce%b9%ce%bd%ce%ae%cf%84%cf%89%ce%bd\/#blogposting","name":"\u039a\u03ac\u03c1\u03c4\u03b1 \u03b5\u03c1\u03b3\u03b1\u03c3\u03af\u03b1\u03c2, \u03a4\u03bf\u03c5\u03c1\u03b9\u03c3\u03bc\u03cc\u03c2 \u03ba\u03b1\u03b9 \u0395\u03c4\u03b1\u03b9\u03c1\u03b5\u03af\u03b5\u03c2 \u03b5\u03bd\u03bf\u03b9\u03ba\u03b9\u03b1\u03b6\u03bf\u03bc\u03ad\u03bd\u03c9\u03bd","headline":"\u039a\u03ac\u03c1\u03c4\u03b1 \u03b5\u03c1\u03b3\u03b1\u03c3\u03af\u03b1\u03c2, \u03a4\u03bf\u03c5\u03c1\u03b9\u03c3\u03bc\u03cc\u03c2 \u03ba\u03b1\u03b9 \u0395\u03c4\u03b1\u03b9\u03c1\u03b5\u03af\u03b5\u03c2 \u03b5\u03bd\u03bf\u03b9\u03ba\u03b9\u03b1\u03b6\u03bf\u03bc\u03ad\u03bd\u03c9\u03bd \u03b1\u03c5\u03c4\u03bf\u03ba\u03b9\u03bd\u03ae\u03c4\u03c9\u03bd","author":{"@id":"https:\/\/rentacarigoumenitsa.gr\/de\/author\/r234digou\/#author"},"publisher":{"@id":"https:\/\/rentacarigoumenitsa.gr\/de\/#organization"},"image":{"@type":"ImageObject","url":"https:\/\/rentacarigoumenitsa.gr\/wp-content\/uploads\/2025\/04\/caucasian-businessman-with-laptop-in-underground-p-2025-03-23-16-49-46-utc-scaled.jpg","width":2560,"height":1707},"datePublished":"2025-04-04T15:12:09+03:00","dateModified":"2025-04-04T15:14:17+03:00","inLanguage":"de-DE","mainEntityOfPage":{"@id":"https:\/\/rentacarigoumenitsa.gr\/de\/%ce%ba%ce%ac%cf%81%cf%84%ce%b1-%ce%b5%cf%81%ce%b3%ce%b1%cf%83%ce%af%ce%b1%cf%82-%cf%84%ce%bf%cf%85%cf%81%ce%b9%cf%83%ce%bc%cf%8c%cf%82-%ce%ba%ce%b1%ce%b9-%ce%b5%cf%84%ce%b1%ce%b9%cf%81%ce%b5%ce%af%ce%b5%cf%82-%ce%b5%ce%bd%ce%bf%ce%b9%ce%ba%ce%b9%ce%b1%ce%b6%ce%bf%ce%bc%ce%ad%ce%bd%cf%89%ce%bd-%ce%b1%cf%85%cf%84%ce%bf%ce%ba%ce%b9%ce%bd%ce%ae%cf%84%cf%89%ce%bd\/#webpage"},"isPartOf":{"@id":"https:\/\/rentacarigoumenitsa.gr\/de\/%ce%ba%ce%ac%cf%81%cf%84%ce%b1-%ce%b5%cf%81%ce%b3%ce%b1%cf%83%ce%af%ce%b1%cf%82-%cf%84%ce%bf%cf%85%cf%81%ce%b9%cf%83%ce%bc%cf%8c%cf%82-%ce%ba%ce%b1%ce%b9-%ce%b5%cf%84%ce%b1%ce%b9%cf%81%ce%b5%ce%af%ce%b5%cf%82-%ce%b5%ce%bd%ce%bf%ce%b9%ce%ba%ce%b9%ce%b1%ce%b6%ce%bf%ce%bc%ce%ad%ce%bd%cf%89%ce%bd-%ce%b1%cf%85%cf%84%ce%bf%ce%ba%ce%b9%ce%bd%ce%ae%cf%84%cf%89%ce%bd\/#webpage"},"articleSection":"\u0395\u03bd\u03bf\u03b9\u03ba\u03af\u03b1\u03c3\u03b7 \u0391\u03c5\u03c4\u03bf\u03ba\u03b9\u03bd\u03ae\u03c4\u03bf\u03c5, \u03a4\u03bf\u03c5\u03c1\u03b9\u03c3\u03bc\u03cc\u03c2 - \u0389\u03c0\u03b5\u03b9\u03c1\u03bf\u03c2, \u0395\u03bd\u03bf\u03b9\u03ba\u03af\u03b1\u03c3\u03b7 \u0391\u03c5\u03c4\u03bf\u03ba\u03b9\u03bd\u03ae\u03c4\u03bf\u03c5, \u039a\u03b1\u03c1\u03c4\u03b1 \u03b5\u03c1\u03b3\u03b1\u03c3\u03af\u03b1\u03c2, \u03a4\u03bf\u03c5\u03c1\u03b9\u03c3\u03bc\u03cc\u03c2"},{"@type":"BreadcrumbList","@id":"https:\/\/rentacarigoumenitsa.gr\/de\/%ce%ba%ce%ac%cf%81%cf%84%ce%b1-%ce%b5%cf%81%ce%b3%ce%b1%cf%83%ce%af%ce%b1%cf%82-%cf%84%ce%bf%cf%85%cf%81%ce%b9%cf%83%ce%bc%cf%8c%cf%82-%ce%ba%ce%b1%ce%b9-%ce%b5%cf%84%ce%b1%ce%b9%cf%81%ce%b5%ce%af%ce%b5%cf%82-%ce%b5%ce%bd%ce%bf%ce%b9%ce%ba%ce%b9%ce%b1%ce%b6%ce%bf%ce%bc%ce%ad%ce%bd%cf%89%ce%bd-%ce%b1%cf%85%cf%84%ce%bf%ce%ba%ce%b9%ce%bd%ce%ae%cf%84%cf%89%ce%bd\/#breadcrumblist","itemListElement":[{"@type":"ListItem","@id":"https:\/\/rentacarigoumenitsa.gr\/de#listItem","position":1,"name":"Home","item":"https:\/\/rentacarigoumenitsa.gr\/de","nextItem":{"@type":"ListItem","@id":"https:\/\/rentacarigoumenitsa.gr\/de\/category\/%cf%84%ce%bf%cf%85%cf%81%ce%b9%cf%83%ce%bc%cf%8c%cf%82-epirus\/#listItem","name":"\u03a4\u03bf\u03c5\u03c1\u03b9\u03c3\u03bc\u03cc\u03c2 - \u0389\u03c0\u03b5\u03b9\u03c1\u03bf\u03c2"}},{"@type":"ListItem","@id":"https:\/\/rentacarigoumenitsa.gr\/de\/category\/%cf%84%ce%bf%cf%85%cf%81%ce%b9%cf%83%ce%bc%cf%8c%cf%82-epirus\/#listItem","position":2,"name":"\u03a4\u03bf\u03c5\u03c1\u03b9\u03c3\u03bc\u03cc\u03c2 - \u0389\u03c0\u03b5\u03b9\u03c1\u03bf\u03c2","item":"https:\/\/rentacarigoumenitsa.gr\/de\/category\/%cf%84%ce%bf%cf%85%cf%81%ce%b9%cf%83%ce%bc%cf%8c%cf%82-epirus\/","nextItem":{"@type":"ListItem","@id":"https:\/\/rentacarigoumenitsa.gr\/de\/%ce%ba%ce%ac%cf%81%cf%84%ce%b1-%ce%b5%cf%81%ce%b3%ce%b1%cf%83%ce%af%ce%b1%cf%82-%cf%84%ce%bf%cf%85%cf%81%ce%b9%cf%83%ce%bc%cf%8c%cf%82-%ce%ba%ce%b1%ce%b9-%ce%b5%cf%84%ce%b1%ce%b9%cf%81%ce%b5%ce%af%ce%b5%cf%82-%ce%b5%ce%bd%ce%bf%ce%b9%ce%ba%ce%b9%ce%b1%ce%b6%ce%bf%ce%bc%ce%ad%ce%bd%cf%89%ce%bd-%ce%b1%cf%85%cf%84%ce%bf%ce%ba%ce%b9%ce%bd%ce%ae%cf%84%cf%89%ce%bd\/#listItem","name":"\u039a\u03ac\u03c1\u03c4\u03b1 \u03b5\u03c1\u03b3\u03b1\u03c3\u03af\u03b1\u03c2, \u03a4\u03bf\u03c5\u03c1\u03b9\u03c3\u03bc\u03cc\u03c2 \u03ba\u03b1\u03b9 \u0395\u03c4\u03b1\u03b9\u03c1\u03b5\u03af\u03b5\u03c2 \u03b5\u03bd\u03bf\u03b9\u03ba\u03b9\u03b1\u03b6\u03bf\u03bc\u03ad\u03bd\u03c9\u03bd \u03b1\u03c5\u03c4\u03bf\u03ba\u03b9\u03bd\u03ae\u03c4\u03c9\u03bd"},"previousItem":{"@type":"ListItem","@id":"https:\/\/rentacarigoumenitsa.gr\/de#listItem","name":"Home"}},{"@type":"ListItem","@id":"https:\/\/rentacarigoumenitsa.gr\/de\/%ce%ba%ce%ac%cf%81%cf%84%ce%b1-%ce%b5%cf%81%ce%b3%ce%b1%cf%83%ce%af%ce%b1%cf%82-%cf%84%ce%bf%cf%85%cf%81%ce%b9%cf%83%ce%bc%cf%8c%cf%82-%ce%ba%ce%b1%ce%b9-%ce%b5%cf%84%ce%b1%ce%b9%cf%81%ce%b5%ce%af%ce%b5%cf%82-%ce%b5%ce%bd%ce%bf%ce%b9%ce%ba%ce%b9%ce%b1%ce%b6%ce%bf%ce%bc%ce%ad%ce%bd%cf%89%ce%bd-%ce%b1%cf%85%cf%84%ce%bf%ce%ba%ce%b9%ce%bd%ce%ae%cf%84%cf%89%ce%bd\/#listItem","position":3,"name":"\u039a\u03ac\u03c1\u03c4\u03b1 \u03b5\u03c1\u03b3\u03b1\u03c3\u03af\u03b1\u03c2, \u03a4\u03bf\u03c5\u03c1\u03b9\u03c3\u03bc\u03cc\u03c2 \u03ba\u03b1\u03b9 \u0395\u03c4\u03b1\u03b9\u03c1\u03b5\u03af\u03b5\u03c2 \u03b5\u03bd\u03bf\u03b9\u03ba\u03b9\u03b1\u03b6\u03bf\u03bc\u03ad\u03bd\u03c9\u03bd \u03b1\u03c5\u03c4\u03bf\u03ba\u03b9\u03bd\u03ae\u03c4\u03c9\u03bd","previousItem":{"@type":"ListItem","@id":"https:\/\/rentacarigoumenitsa.gr\/de\/category\/%cf%84%ce%bf%cf%85%cf%81%ce%b9%cf%83%ce%bc%cf%8c%cf%82-epirus\/#listItem","name":"\u03a4\u03bf\u03c5\u03c1\u03b9\u03c3\u03bc\u03cc\u03c2 - \u0389\u03c0\u03b5\u03b9\u03c1\u03bf\u03c2"}}]},{"@type":"Organization","@id":"https:\/\/rentacarigoumenitsa.gr\/de\/#organization","name":"Rent A Car Igoumenitsa","url":"https:\/\/rentacarigoumenitsa.gr\/de\/","email":"igourent@gmail.com","telephone":"+302665027666","logo":{"@type":"ImageObject","url":"https:\/\/rentacarigoumenitsa.gr\/wp-content\/uploads\/2023\/11\/logo-mobile.png","@id":"https:\/\/rentacarigoumenitsa.gr\/de\/%ce%ba%ce%ac%cf%81%cf%84%ce%b1-%ce%b5%cf%81%ce%b3%ce%b1%cf%83%ce%af%ce%b1%cf%82-%cf%84%ce%bf%cf%85%cf%81%ce%b9%cf%83%ce%bc%cf%8c%cf%82-%ce%ba%ce%b1%ce%b9-%ce%b5%cf%84%ce%b1%ce%b9%cf%81%ce%b5%ce%af%ce%b5%cf%82-%ce%b5%ce%bd%ce%bf%ce%b9%ce%ba%ce%b9%ce%b1%ce%b6%ce%bf%ce%bc%ce%ad%ce%bd%cf%89%ce%bd-%ce%b1%cf%85%cf%84%ce%bf%ce%ba%ce%b9%ce%bd%ce%ae%cf%84%cf%89%ce%bd\/#organizationLogo","width":250,"height":100},"image":{"@id":"https:\/\/rentacarigoumenitsa.gr\/de\/%ce%ba%ce%ac%cf%81%cf%84%ce%b1-%ce%b5%cf%81%ce%b3%ce%b1%cf%83%ce%af%ce%b1%cf%82-%cf%84%ce%bf%cf%85%cf%81%ce%b9%cf%83%ce%bc%cf%8c%cf%82-%ce%ba%ce%b1%ce%b9-%ce%b5%cf%84%ce%b1%ce%b9%cf%81%ce%b5%ce%af%ce%b5%cf%82-%ce%b5%ce%bd%ce%bf%ce%b9%ce%ba%ce%b9%ce%b1%ce%b6%ce%bf%ce%bc%ce%ad%ce%bd%cf%89%ce%bd-%ce%b1%cf%85%cf%84%ce%bf%ce%ba%ce%b9%ce%bd%ce%ae%cf%84%cf%89%ce%bd\/#organizationLogo"},"sameAs":["https:\/\/www.facebook.com\/rentacarigoumenitsa\/","https:\/\/www.instagram.com\/rentcarigoumenitsa\/","https:\/\/www.youtube.com\/@rentacarigoumenitsa"],"address":{"@id":"https:\/\/rentacarigoumenitsa.gr\/de\/#postaladdress","@type":"PostalAddress","streetAddress":"Agion Apostolon 39-41,","postalCode":"46100","addressLocality":"Igoumenitsa","addressRegion":"Thesprotia","addressCountry":"GR"},"vatID":"EL121704960"},{"@type":"Person","@id":"https:\/\/rentacarigoumenitsa.gr\/de\/author\/r234digou\/#author","url":"https:\/\/rentacarigoumenitsa.gr\/de\/author\/r234digou\/","name":"Rent A Car Igoumenitsa","image":{"@type":"ImageObject","@id":"https:\/\/rentacarigoumenitsa.gr\/de\/%ce%ba%ce%ac%cf%81%cf%84%ce%b1-%ce%b5%cf%81%ce%b3%ce%b1%cf%83%ce%af%ce%b1%cf%82-%cf%84%ce%bf%cf%85%cf%81%ce%b9%cf%83%ce%bc%cf%8c%cf%82-%ce%ba%ce%b1%ce%b9-%ce%b5%cf%84%ce%b1%ce%b9%cf%81%ce%b5%ce%af%ce%b5%cf%82-%ce%b5%ce%bd%ce%bf%ce%b9%ce%ba%ce%b9%ce%b1%ce%b6%ce%bf%ce%bc%ce%ad%ce%bd%cf%89%ce%bd-%ce%b1%cf%85%cf%84%ce%bf%ce%ba%ce%b9%ce%bd%ce%ae%cf%84%cf%89%ce%bd\/#authorImage","url":"https:\/\/secure.gravatar.com\/avatar\/b0b84ab4d14d5f8ae68249bf4101f022df1c7a8f51673576528c824772929605?s=96&d=mm&r=g","width":96,"height":96,"caption":"Rent A Car Igoumenitsa"}},{"@type":"WebPage","@id":"https:\/\/rentacarigoumenitsa.gr\/de\/%ce%ba%ce%ac%cf%81%cf%84%ce%b1-%ce%b5%cf%81%ce%b3%ce%b1%cf%83%ce%af%ce%b1%cf%82-%cf%84%ce%bf%cf%85%cf%81%ce%b9%cf%83%ce%bc%cf%8c%cf%82-%ce%ba%ce%b1%ce%b9-%ce%b5%cf%84%ce%b1%ce%b9%cf%81%ce%b5%ce%af%ce%b5%cf%82-%ce%b5%ce%bd%ce%bf%ce%b9%ce%ba%ce%b9%ce%b1%ce%b6%ce%bf%ce%bc%ce%ad%ce%bd%cf%89%ce%bd-%ce%b1%cf%85%cf%84%ce%bf%ce%ba%ce%b9%ce%bd%ce%ae%cf%84%cf%89%ce%bd\/#webpage","url":"https:\/\/rentacarigoumenitsa.gr\/de\/%ce%ba%ce%ac%cf%81%cf%84%ce%b1-%ce%b5%cf%81%ce%b3%ce%b1%cf%83%ce%af%ce%b1%cf%82-%cf%84%ce%bf%cf%85%cf%81%ce%b9%cf%83%ce%bc%cf%8c%cf%82-%ce%ba%ce%b1%ce%b9-%ce%b5%cf%84%ce%b1%ce%b9%cf%81%ce%b5%ce%af%ce%b5%cf%82-%ce%b5%ce%bd%ce%bf%ce%b9%ce%ba%ce%b9%ce%b1%ce%b6%ce%bf%ce%bc%ce%ad%ce%bd%cf%89%ce%bd-%ce%b1%cf%85%cf%84%ce%bf%ce%ba%ce%b9%ce%bd%ce%ae%cf%84%cf%89%ce%bd\/","name":"\u039a\u03ac\u03c1\u03c4\u03b1 \u03b5\u03c1\u03b3\u03b1\u03c3\u03af\u03b1\u03c2, \u03a4\u03bf\u03c5\u03c1\u03b9\u03c3\u03bc\u03cc\u03c2 \u03ba\u03b1\u03b9 \u0395\u03c4\u03b1\u03b9\u03c1\u03b5\u03af\u03b5\u03c2 \u03b5\u03bd\u03bf\u03b9\u03ba\u03b9\u03b1\u03b6\u03bf\u03bc\u03ad\u03bd\u03c9\u03bd","description":"\u039a\u03ac\u03c1\u03c4\u03b1 \u03b5\u03c1\u03b3\u03b1\u03c3\u03af\u03b1\u03c2, \u03a4\u03bf\u03c5\u03c1\u03b9\u03c3\u03bc\u03cc\u03c2 \u03ba\u03b1\u03b9 \u0395\u03c4\u03b1\u03b9\u03c1\u03b5\u03af\u03b5\u03c2 \u03b5\u03bd\u03bf\u03b9\u03ba\u03b9\u03b1\u03b6\u03bf\u03bc\u03ad\u03bd\u03c9\u03bd \u03b1\u03c5\u03c4\u03bf\u03ba\u03b9\u03bd\u03ae\u03c4\u03c9\u03bd","inLanguage":"de-DE","isPartOf":{"@id":"https:\/\/rentacarigoumenitsa.gr\/de\/#website"},"breadcrumb":{"@id":"https:\/\/rentacarigoumenitsa.gr\/de\/%ce%ba%ce%ac%cf%81%cf%84%ce%b1-%ce%b5%cf%81%ce%b3%ce%b1%cf%83%ce%af%ce%b1%cf%82-%cf%84%ce%bf%cf%85%cf%81%ce%b9%cf%83%ce%bc%cf%8c%cf%82-%ce%ba%ce%b1%ce%b9-%ce%b5%cf%84%ce%b1%ce%b9%cf%81%ce%b5%ce%af%ce%b5%cf%82-%ce%b5%ce%bd%ce%bf%ce%b9%ce%ba%ce%b9%ce%b1%ce%b6%ce%bf%ce%bc%ce%ad%ce%bd%cf%89%ce%bd-%ce%b1%cf%85%cf%84%ce%bf%ce%ba%ce%b9%ce%bd%ce%ae%cf%84%cf%89%ce%bd\/#breadcrumblist"},"author":{"@id":"https:\/\/rentacarigoumenitsa.gr\/de\/author\/r234digou\/#author"},"creator":{"@id":"https:\/\/rentacarigoumenitsa.gr\/de\/author\/r234digou\/#author"},"image":{"@type":"ImageObject","url":"https:\/\/rentacarigoumenitsa.gr\/wp-content\/uploads\/2025\/04\/caucasian-businessman-with-laptop-in-underground-p-2025-03-23-16-49-46-utc-scaled.jpg","@id":"https:\/\/rentacarigoumenitsa.gr\/de\/%ce%ba%ce%ac%cf%81%cf%84%ce%b1-%ce%b5%cf%81%ce%b3%ce%b1%cf%83%ce%af%ce%b1%cf%82-%cf%84%ce%bf%cf%85%cf%81%ce%b9%cf%83%ce%bc%cf%8c%cf%82-%ce%ba%ce%b1%ce%b9-%ce%b5%cf%84%ce%b1%ce%b9%cf%81%ce%b5%ce%af%ce%b5%cf%82-%ce%b5%ce%bd%ce%bf%ce%b9%ce%ba%ce%b9%ce%b1%ce%b6%ce%bf%ce%bc%ce%ad%ce%bd%cf%89%ce%bd-%ce%b1%cf%85%cf%84%ce%bf%ce%ba%ce%b9%ce%bd%ce%ae%cf%84%cf%89%ce%bd\/#mainImage","width":2560,"height":1707},"primaryImageOfPage":{"@id":"https:\/\/rentacarigoumenitsa.gr\/de\/%ce%ba%ce%ac%cf%81%cf%84%ce%b1-%ce%b5%cf%81%ce%b3%ce%b1%cf%83%ce%af%ce%b1%cf%82-%cf%84%ce%bf%cf%85%cf%81%ce%b9%cf%83%ce%bc%cf%8c%cf%82-%ce%ba%ce%b1%ce%b9-%ce%b5%cf%84%ce%b1%ce%b9%cf%81%ce%b5%ce%af%ce%b5%cf%82-%ce%b5%ce%bd%ce%bf%ce%b9%ce%ba%ce%b9%ce%b1%ce%b6%ce%bf%ce%bc%ce%ad%ce%bd%cf%89%ce%bd-%ce%b1%cf%85%cf%84%ce%bf%ce%ba%ce%b9%ce%bd%ce%ae%cf%84%cf%89%ce%bd\/#mainImage"},"datePublished":"2025-04-04T15:12:09+03:00","dateModified":"2025-04-04T15:14:17+03:00"},{"@type":"WebSite","@id":"https:\/\/rentacarigoumenitsa.gr\/de\/#website","url":"https:\/\/rentacarigoumenitsa.gr\/de\/","name":"Rent A Car Igoumenitsa","alternateName":"\u0395\u03bd\u03bf\u03b9\u03ba\u03af\u03b1\u03c3\u03b7 \u03b1\u03c5\u03c4\u03bf\u03ba\u03b9\u03bd\u03ae\u03c4\u03bf\u03c5 \u0397\u03b3\u03bf\u03c5\u03bc\u03b5\u03bd\u03af\u03c4\u03c3\u03b1","inLanguage":"de-DE","publisher":{"@id":"https:\/\/rentacarigoumenitsa.gr\/de\/#organization"}}]},"og:locale":"de_DE","og:site_name":"Rent A Car Igoumenitsa -","og:type":"article","og:title":"\u039a\u03ac\u03c1\u03c4\u03b1 \u03b5\u03c1\u03b3\u03b1\u03c3\u03af\u03b1\u03c2, \u03a4\u03bf\u03c5\u03c1\u03b9\u03c3\u03bc\u03cc\u03c2 \u03ba\u03b1\u03b9 \u0395\u03c4\u03b1\u03b9\u03c1\u03b5\u03af\u03b5\u03c2 \u03b5\u03bd\u03bf\u03b9\u03ba\u03b9\u03b1\u03b6\u03bf\u03bc\u03ad\u03bd\u03c9\u03bd","og:description":"\u039a\u03ac\u03c1\u03c4\u03b1 \u03b5\u03c1\u03b3\u03b1\u03c3\u03af\u03b1\u03c2, \u03a4\u03bf\u03c5\u03c1\u03b9\u03c3\u03bc\u03cc\u03c2 \u03ba\u03b1\u03b9 \u0395\u03c4\u03b1\u03b9\u03c1\u03b5\u03af\u03b5\u03c2 \u03b5\u03bd\u03bf\u03b9\u03ba\u03b9\u03b1\u03b6\u03bf\u03bc\u03ad\u03bd\u03c9\u03bd \u03b1\u03c5\u03c4\u03bf\u03ba\u03b9\u03bd\u03ae\u03c4\u03c9\u03bd","og:url":"https:\/\/rentacarigoumenitsa.gr\/de\/%ce%ba%ce%ac%cf%81%cf%84%ce%b1-%ce%b5%cf%81%ce%b3%ce%b1%cf%83%ce%af%ce%b1%cf%82-%cf%84%ce%bf%cf%85%cf%81%ce%b9%cf%83%ce%bc%cf%8c%cf%82-%ce%ba%ce%b1%ce%b9-%ce%b5%cf%84%ce%b1%ce%b9%cf%81%ce%b5%ce%af%ce%b5%cf%82-%ce%b5%ce%bd%ce%bf%ce%b9%ce%ba%ce%b9%ce%b1%ce%b6%ce%bf%ce%bc%ce%ad%ce%bd%cf%89%ce%bd-%ce%b1%cf%85%cf%84%ce%bf%ce%ba%ce%b9%ce%bd%ce%ae%cf%84%cf%89%ce%bd\/","og:image":"https:\/\/rentacarigoumenitsa.gr\/wp-content\/uploads\/2025\/04\/caucasian-businessman-with-laptop-in-underground-p-2025-03-23-16-49-46-utc-scaled.jpg","og:image:secure_url":"https:\/\/rentacarigoumenitsa.gr\/wp-content\/uploads\/2025\/04\/caucasian-businessman-with-laptop-in-underground-p-2025-03-23-16-49-46-utc-scaled.jpg","og:image:width":2560,"og:image:height":1707,"article:published_time":"2025-04-04T12:12:09+00:00","article:modified_time":"2025-04-04T12:14:17+00:00","article:publisher":"https:\/\/www.facebook.com\/rentacarigoumenitsa\/","twitter:card":"summary_large_image","twitter:title":"\u039a\u03ac\u03c1\u03c4\u03b1 \u03b5\u03c1\u03b3\u03b1\u03c3\u03af\u03b1\u03c2, \u03a4\u03bf\u03c5\u03c1\u03b9\u03c3\u03bc\u03cc\u03c2 \u03ba\u03b1\u03b9 \u0395\u03c4\u03b1\u03b9\u03c1\u03b5\u03af\u03b5\u03c2 \u03b5\u03bd\u03bf\u03b9\u03ba\u03b9\u03b1\u03b6\u03bf\u03bc\u03ad\u03bd\u03c9\u03bd","twitter:description":"\u039a\u03ac\u03c1\u03c4\u03b1 \u03b5\u03c1\u03b3\u03b1\u03c3\u03af\u03b1\u03c2, \u03a4\u03bf\u03c5\u03c1\u03b9\u03c3\u03bc\u03cc\u03c2 \u03ba\u03b1\u03b9 \u0395\u03c4\u03b1\u03b9\u03c1\u03b5\u03af\u03b5\u03c2 \u03b5\u03bd\u03bf\u03b9\u03ba\u03b9\u03b1\u03b6\u03bf\u03bc\u03ad\u03bd\u03c9\u03bd \u03b1\u03c5\u03c4\u03bf\u03ba\u03b9\u03bd\u03ae\u03c4\u03c9\u03bd","twitter:image":"https:\/\/rentacarigoumenitsa.gr\/wp-content\/uploads\/2023\/12\/fb-cover.jpg"},"aioseo_meta_data":{"post_id":"381","title":"Arbeitskarte, Tourismus und Vermietungsunternehmen","description":"Arbeitskarte, Tourismus und Autovermietungen","keywords":null,"keyphrases":{"focus":{"keyphrase":"\u039a\u03ac\u03c1\u03c4\u03b1 \u03b5\u03c1\u03b3\u03b1\u03c3\u03af\u03b1\u03c2","score":78,"analysis":{"keyphraseInTitle":{"score":9,"maxScore":9,"error":0},"keyphraseInDescription":{"score":9,"maxScore":9,"error":0},"keyphraseLength":{"score":-999,"maxScore":9,"error":1,"length":0},"keyphraseInURL":{"score":5,"maxScore":5,"error":0},"keyphraseInIntroduction":{"score":9,"maxScore":9,"error":0},"keyphraseInSubHeadings":[],"keyphraseInImageAlt":[],"keywordDensity":{"type":"high","score":0,"maxScore":9,"error":1}}},"additional":[]},"primary_term":null,"canonical_url":null,"og_title":null,"og_description":null,"og_object_type":"default","og_image_type":"default","og_image_url":null,"og_image_width":null,"og_image_height":null,"og_image_custom_url":null,"og_image_custom_fields":null,"og_video":"","og_custom_url":null,"og_article_section":null,"og_article_tags":null,"twitter_use_og":false,"twitter_card":"default","twitter_image_type":"default","twitter_image_url":null,"twitter_image_custom_url":null,"twitter_image_custom_fields":null,"twitter_title":null,"twitter_description":null,"schema":{"blockGraphs":[],"customGraphs":[],"default":{"data":{"Article":[],"Course":[],"Dataset":[],"FAQPage":[],"Movie":[],"Person":[],"Product":[],"ProductReview":[],"Car":[],"Recipe":[],"Service":[],"SoftwareApplication":[],"WebPage":[]},"graphName":"BlogPosting","isEnabled":true},"graphs":[]},"schema_type":"default","schema_type_options":null,"pillar_content":false,"robots_default":true,"robots_noindex":false,"robots_noarchive":false,"robots_nosnippet":false,"robots_nofollow":false,"robots_noimageindex":false,"robots_noodp":false,"robots_notranslate":false,"robots_max_snippet":"-1","robots_max_videopreview":"-1","robots_max_imagepreview":"large","priority":null,"frequency":"default","local_seo":null,"seo_analyzer_scan_date":"2025-09-19 10:33:19","breadcrumb_settings":null,"limit_modified_date":false,"open_ai":"{\"title\":{\"suggestions\":[],\"usage\":0},\"description\":{\"suggestions\":[],\"usage\":0}}","ai":null,"created":"2025-04-04 12:12:10","updated":"2025-12-03 13:22:12"},"aioseo_breadcrumb":"<div class=\"aioseo-breadcrumbs\"><span class=\"aioseo-breadcrumb\">\n\t<a href=\"https:\/\/rentacarigoumenitsa.gr\/de\" title=\"Home\">Home<\/a>\n<\/span><span class=\"aioseo-breadcrumb-separator\">&raquo;<\/span><span class=\"aioseo-breadcrumb\">\n\t<a href=\"https:\/\/rentacarigoumenitsa.gr\/de\/category\/%cf%84%ce%bf%cf%85%cf%81%ce%b9%cf%83%ce%bc%cf%8c%cf%82-epirus\/\" title=\"\u03a4\u03bf\u03c5\u03c1\u03b9\u03c3\u03bc\u03cc\u03c2 - \u0389\u03c0\u03b5\u03b9\u03c1\u03bf\u03c2\">\u03a4\u03bf\u03c5\u03c1\u03b9\u03c3\u03bc\u03cc\u03c2 - \u0389\u03c0\u03b5\u03b9\u03c1\u03bf\u03c2<\/a>\n<\/span><span class=\"aioseo-breadcrumb-separator\">&raquo;<\/span><span class=\"aioseo-breadcrumb\">\n\t\u039a\u03ac\u03c1\u03c4\u03b1 \u03b5\u03c1\u03b3\u03b1\u03c3\u03af\u03b1\u03c2, \u03a4\u03bf\u03c5\u03c1\u03b9\u03c3\u03bc\u03cc\u03c2 \u03ba\u03b1\u03b9 \u0395\u03c4\u03b1\u03b9\u03c1\u03b5\u03af\u03b5\u03c2 \u03b5\u03bd\u03bf\u03b9\u03ba\u03b9\u03b1\u03b6\u03bf\u03bc\u03ad\u03bd\u03c9\u03bd \u03b1\u03c5\u03c4\u03bf\u03ba\u03b9\u03bd\u03ae\u03c4\u03c9\u03bd\n<\/span><\/div>","aioseo_breadcrumb_json":[{"label":"Home","link":"https:\/\/rentacarigoumenitsa.gr\/de"},{"label":"\u03a4\u03bf\u03c5\u03c1\u03b9\u03c3\u03bc\u03cc\u03c2 - \u0389\u03c0\u03b5\u03b9\u03c1\u03bf\u03c2","link":"https:\/\/rentacarigoumenitsa.gr\/de\/category\/%cf%84%ce%bf%cf%85%cf%81%ce%b9%cf%83%ce%bc%cf%8c%cf%82-epirus\/"},{"label":"\u039a\u03ac\u03c1\u03c4\u03b1 \u03b5\u03c1\u03b3\u03b1\u03c3\u03af\u03b1\u03c2, \u03a4\u03bf\u03c5\u03c1\u03b9\u03c3\u03bc\u03cc\u03c2 \u03ba\u03b1\u03b9 \u0395\u03c4\u03b1\u03b9\u03c1\u03b5\u03af\u03b5\u03c2 \u03b5\u03bd\u03bf\u03b9\u03ba\u03b9\u03b1\u03b6\u03bf\u03bc\u03ad\u03bd\u03c9\u03bd \u03b1\u03c5\u03c4\u03bf\u03ba\u03b9\u03bd\u03ae\u03c4\u03c9\u03bd","link":"https:\/\/rentacarigoumenitsa.gr\/de\/%ce%ba%ce%ac%cf%81%cf%84%ce%b1-%ce%b5%cf%81%ce%b3%ce%b1%cf%83%ce%af%ce%b1%cf%82-%cf%84%ce%bf%cf%85%cf%81%ce%b9%cf%83%ce%bc%cf%8c%cf%82-%ce%ba%ce%b1%ce%b9-%ce%b5%cf%84%ce%b1%ce%b9%cf%81%ce%b5%ce%af%ce%b5%cf%82-%ce%b5%ce%bd%ce%bf%ce%b9%ce%ba%ce%b9%ce%b1%ce%b6%ce%bf%ce%bc%ce%ad%ce%bd%cf%89%ce%bd-%ce%b1%cf%85%cf%84%ce%bf%ce%ba%ce%b9%ce%bd%ce%ae%cf%84%cf%89%ce%bd\/"}],"_links":{"self":[{"href":"https:\/\/rentacarigoumenitsa.gr\/de\/wp-json\/wp\/v2\/posts\/381","targetHints":{"allow":["GET"]}}],"collection":[{"href":"https:\/\/rentacarigoumenitsa.gr\/de\/wp-json\/wp\/v2\/posts"}],"about":[{"href":"https:\/\/rentacarigoumenitsa.gr\/de\/wp-json\/wp\/v2\/types\/post"}],"author":[{"embeddable":true,"href":"https:\/\/rentacarigoumenitsa.gr\/de\/wp-json\/wp\/v2\/users\/1"}],"replies":[{"embeddable":true,"href":"https:\/\/rentacarigoumenitsa.gr\/de\/wp-json\/wp\/v2\/comments?post=381"}],"version-history":[{"count":1,"href":"https:\/\/rentacarigoumenitsa.gr\/de\/wp-json\/wp\/v2\/posts\/381\/revisions"}],"predecessor-version":[{"id":383,"href":"https:\/\/rentacarigoumenitsa.gr\/de\/wp-json\/wp\/v2\/posts\/381\/revisions\/383"}],"wp:featuredmedia":[{"embeddable":true,"href":"https:\/\/rentacarigoumenitsa.gr\/de\/wp-json\/wp\/v2\/media\/384"}],"wp:attachment":[{"href":"https:\/\/rentacarigoumenitsa.gr\/de\/wp-json\/wp\/v2\/media?parent=381"}],"wp:term":[{"taxonomy":"category","embeddable":true,"href":"https:\/\/rentacarigoumenitsa.gr\/de\/wp-json\/wp\/v2\/categories?post=381"},{"taxonomy":"post_tag","embeddable":true,"href":"https:\/\/rentacarigoumenitsa.gr\/de\/wp-json\/wp\/v2\/tags?post=381"}],"curies":[{"name":"wp","href":"https:\/\/api.w.org\/{rel}","templated":true}]}}